{"id":289046,"date":"2016-09-14T00:07:14","date_gmt":"2016-09-14T05:07:14","guid":{"rendered":"http:\/\/www.diarioimagen.net\/?p=289046"},"modified":"2016-09-14T06:26:30","modified_gmt":"2016-09-14T11:26:30","slug":"hay-trabajo-comprometido-en-seguridad-para-huixquilucan","status":"publish","type":"post","link":"https:\/\/www.diarioimagen.net\/?p=289046","title":{"rendered":"Hay trabajo comprometido en seguridad para Huixquilucan"},"content":{"rendered":"<ul>\n<li><strong><em>Conmemoran haza\u00f1a de los Ni\u00f1os H\u00e9roes<\/em><\/strong><\/li>\n<\/ul>\n<p>&nbsp;<\/p>\n<div id=\"attachment_289141\" style=\"width: 430px\" class=\"wp-caption aligncenter\"><a href=\"http:\/\/www.diarioimagen.net\/?attachment_id=289141\" rel=\"attachment wp-att-289141\"><img loading=\"lazy\" decoding=\"async\" aria-describedby=\"caption-attachment-289141\" class=\"size-large wp-image-289141\" src=\"http:\/\/www.diarioimagen.net\/wp-content\/uploads\/2016\/09\/HUIXQUILUCAN-2594-420x236.jpg\" alt=\"El presidente municipal, Enrique Vargas del Villar, encabez\u00f3 la ceremonia de conmemoraci\u00f3n de la heroica defensa del Castillo de Chapultepec.\" width=\"420\" height=\"236\" srcset=\"https:\/\/www.diarioimagen.net\/wp-content\/uploads\/2016\/09\/HUIXQUILUCAN-2594-420x236.jpg 420w, https:\/\/www.diarioimagen.net\/wp-content\/uploads\/2016\/09\/HUIXQUILUCAN-2594-240x135.jpg 240w, https:\/\/www.diarioimagen.net\/wp-content\/uploads\/2016\/09\/HUIXQUILUCAN-2594-480x270.jpg 480w, https:\/\/www.diarioimagen.net\/wp-content\/uploads\/2016\/09\/HUIXQUILUCAN-2594-235x132.jpg 235w, https:\/\/www.diarioimagen.net\/wp-content\/uploads\/2016\/09\/HUIXQUILUCAN-2594-202x114.jpg 202w, https:\/\/www.diarioimagen.net\/wp-content\/uploads\/2016\/09\/HUIXQUILUCAN-2594-350x196.jpg 350w, https:\/\/www.diarioimagen.net\/wp-content\/uploads\/2016\/09\/HUIXQUILUCAN-2594-220x123.jpg 220w, https:\/\/www.diarioimagen.net\/wp-content\/uploads\/2016\/09\/HUIXQUILUCAN-2594-237x132.jpg 237w, https:\/\/www.diarioimagen.net\/wp-content\/uploads\/2016\/09\/HUIXQUILUCAN-2594.jpg 700w\" sizes=\"auto, (max-width: 420px) 100vw, 420px\" \/><\/a><p id=\"caption-attachment-289141\" class=\"wp-caption-text\">El presidente municipal, Enrique Vargas del Villar, encabez\u00f3 la ceremonia de conmemoraci\u00f3n de la heroica defensa del Castillo de Chapultepec.<\/p><\/div>\n<p>&nbsp;<\/p>\n<p><strong>Huixquilucan, Estado de M\u00e9xico.<\/strong>&#8211; Al conmemorar el CLXIX aniversario de la heroica defensa del Castillo de Chapultepec, los elementos de la Direcci\u00f3n de Seguridad P\u00fablica, Vialidad y el Cuerpo de Bomberos de Huixquilucan refrendaron su compromiso y lealtad al presidente municipal, Enrique Vargas del Villar, para seguir trabajando en beneficio de la poblaci\u00f3n.<\/p>\n<p>El comisario de Huixquilucan, Luis Antonio Alarc\u00f3n Mart\u00ednez, a nombre de los elementos y como orador oficial,\u00a0reconoci\u00f3 la labor humanista del edil, que ha dignificado el trabajo de los polic\u00edas, adem\u00e1s de impulsar su capacitaci\u00f3n y dotarlos de equipo para su labor.<\/p>\n<p>Al recordar la gesta heroica del Castillo de Chapultepec, el comisario recalc\u00f3 que acciones de esta trascendencia han sido el motor que inculca a las nuevas generaciones a prepararse y desarrollarse profesionalmente para ser mejores ciudadanos y hacer de nuestra naci\u00f3n modelo de honor y lealtad.<\/p>\n<p>Impulsados por el esp\u00edritu de servir, tal como lo hicieron los cadetes del Colegio Militar hace 169 a\u00f1os, los elementos de Seguridad P\u00fablica arriesgan su vida con el firme compromiso de cumplir con la funci\u00f3n encomendada: salvaguardar la integridad y derechos de los habitantes de Huixquilucan, actuando conforme al Dec\u00e1logo del Polic\u00eda.<\/p>\n<p>Antes, el presidente municipal, Enrique Vargas del Villar, pas\u00f3 lista a los cadetes del heroico colegio militar que perdieron la vida ante el ej\u00e9rcito estadounidense en 1847, donde reconoci\u00f3 la destacada labor de la corporaci\u00f3n policiaca y cuerpos de emergencia, al tiempo que exhort\u00f3 a los integrantes de la administraci\u00f3n a seguir trabajando con el profesionalismo y dedicaci\u00f3n como lo han hecho hasta ahora.<\/p>\n<p>Ante alumnos de secundaria del Colegio La Paz, Fray Ignacio Toriz y Santos\u00a0 Degollado, que se dieron cita en la explanada municipal, Vargas del Villar resalt\u00f3 la importancia que tiene esta fecha para los mexicanos, ya que es muestra de valor, lealtad y patriotismo.<\/p>\n<p>Acompa\u00f1ado por los integrantes del cuerpo edilicio, el alcalde y el comisario colocaron una ofrenda floral y montaron guardia solemne en memoria de los Ni\u00f1os H\u00e9roes que dieron su vida por el honor de la naci\u00f3n.<\/p>\n<p>&nbsp;<\/p>\n","protected":false},"excerpt":{"rendered":"<p>Al conmemorar el CLXIX aniversario de la heroica defensa del Castillo de Chapultepec, los elementos de la Direcci\u00f3n de Seguridad P\u00fablica, Vialidad y el Cuerpo de Bomberos de Huixquilucan refrendaron su compromiso y lealtad al presidente municipal, Enrique Vargas del Villar, para seguir trabajando en beneficio de la poblaci\u00f3n.<\/p>\n","protected":false},"author":3,"featured_media":289141,"comment_status":"open","ping_status":"open","sticky":false,"template":"","format":"standard","meta":{"_monsterinsights_skip_tracking":false,"_monsterinsights_sitenote_active":false,"_monsterinsights_sitenote_note":"","_monsterinsights_sitenote_category":0,"footnotes":""},"categories":[35155],"tags":[8869,43675,1097],"class_list":["post-289046","post","type-post","status-publish","format-standard","has-post-thumbnail","hentry","category-estado-de-mexico-estado-de-mexico","tag-castillo-de-chapultepec","tag-estado-de-mexico","tag-huixquilucan"],"_links":{"self":[{"href":"https:\/\/www.diarioimagen.net\/index.php?rest_route=\/wp\/v2\/posts\/289046","targetHints":{"allow":["GET"]}}],"collection":[{"href":"https:\/\/www.diarioimagen.net\/index.php?rest_route=\/wp\/v2\/posts"}],"about":[{"href":"https:\/\/www.diarioimagen.net\/index.php?rest_route=\/wp\/v2\/types\/post"}],"author":[{"embeddable":true,"href":"https:\/\/www.diarioimagen.net\/index.php?rest_route=\/wp\/v2\/users\/3"}],"replies":[{"embeddable":true,"href":"https:\/\/www.diarioimagen.net\/index.php?rest_route=%2Fwp%2Fv2%2Fcomments&post=289046"}],"version-history":[{"count":0,"href":"https:\/\/www.diarioimagen.net\/index.php?rest_route=\/wp\/v2\/posts\/289046\/revisions"}],"wp:featuredmedia":[{"embeddable":true,"href":"https:\/\/www.diarioimagen.net\/index.php?rest_route=\/wp\/v2\/media\/289141"}],"wp:attachment":[{"href":"https:\/\/www.diarioimagen.net\/index.php?rest_route=%2Fwp%2Fv2%2Fmedia&parent=289046"}],"wp:term":[{"taxonomy":"category","embeddable":true,"href":"https:\/\/www.diarioimagen.net\/index.php?rest_route=%2Fwp%2Fv2%2Fcategories&post=289046"},{"taxonomy":"post_tag","embeddable":true,"href":"https:\/\/www.diarioimagen.net\/index.php?rest_route=%2Fwp%2Fv2%2Ftags&post=289046"}],"curies":[{"name":"wp","href":"https:\/\/api.w.org\/{rel}","templated":true}]}}