{"id":289048,"date":"2016-09-14T00:06:09","date_gmt":"2016-09-14T05:06:09","guid":{"rendered":"http:\/\/www.diarioimagen.net\/?p=289048"},"modified":"2016-09-14T06:27:43","modified_gmt":"2016-09-14T11:27:43","slug":"continua-mejoramiento-de-la-imagen-urbana-en-tultitlan","status":"publish","type":"post","link":"https:\/\/www.diarioimagen.net\/?p=289048","title":{"rendered":"Contin\u00faa mejoramiento de la imagen urbana en Tultitl\u00e1n"},"content":{"rendered":"<ul>\n<li><strong><em>Permanentes, las jornadas de limpieza<\/em><\/strong><\/li>\n<\/ul>\n<p>&nbsp;<\/p>\n<div id=\"attachment_289144\" style=\"width: 430px\" class=\"wp-caption aligncenter\"><a href=\"http:\/\/www.diarioimagen.net\/?attachment_id=289144\" rel=\"attachment wp-att-289144\"><img loading=\"lazy\" decoding=\"async\" aria-describedby=\"caption-attachment-289144\" class=\"size-large wp-image-289144\" src=\"http:\/\/www.diarioimagen.net\/wp-content\/uploads\/2016\/09\/TULTITLAN-2594-420x248.jpg\" alt=\"La Direcci\u00f3n de Servicios P\u00fablicos\u00a0 y vecinos llevan a cabo de manera permanente las jornadas de limpieza.\" width=\"420\" height=\"248\" srcset=\"https:\/\/www.diarioimagen.net\/wp-content\/uploads\/2016\/09\/TULTITLAN-2594-420x248.jpg 420w, https:\/\/www.diarioimagen.net\/wp-content\/uploads\/2016\/09\/TULTITLAN-2594-240x142.jpg 240w, https:\/\/www.diarioimagen.net\/wp-content\/uploads\/2016\/09\/TULTITLAN-2594.jpg 700w\" sizes=\"auto, (max-width: 420px) 100vw, 420px\" \/><\/a><p id=\"caption-attachment-289144\" class=\"wp-caption-text\">La Direcci\u00f3n de Servicios P\u00fablicos\u00a0 y vecinos llevan a cabo de manera permanente las jornadas de limpieza.<\/p><\/div>\n<p>&nbsp;<\/p>\n<p><strong>Tultitl\u00e1n, Estado de M\u00e9xico<\/strong>.- Con el prop\u00f3sito de mejorar las condiciones de la imagen\u00a0\u00a0 urbana, el gobierno municipal, en coordinaci\u00f3n con Direcci\u00f3n de Servicios P\u00fablicos\u00a0 y vecinos de diversas comunidades, llevan a cabo de manera permanente las jornadas de limpieza, como la realizada\u00a0 en la colonia Unidad Morelos 3\u00aa. secci\u00f3n, en la zona oriente de la demarcaci\u00f3n.<\/p>\n<p>Al encabezar dicha jornada, el presidente municipal resalt\u00f3 que hasta el momento se han atendido diversas colonias de la demarcaci\u00f3n, entre las que destacan:\u00a0unidad Morelos, fraccionamiento Agaves,\u00a0unidad habitacional El Reloj en la zona oriente, as\u00ed como otras comunidades\u00a0 del centro y del sur.<\/p>\n<p>\u201cQueremos llevar estos servicios a todo el territorio municipal,\u00a0 con la intenci\u00f3n de mejorar nuestro entorno urbano, haciendo participe tambi\u00e9n a la ciudadan\u00eda, pues en la administraci\u00f3n 2016-2018, estamos convencidos que el trabajo en equipo nos redit\u00faa mejores resultados\u201d.<\/p>\n<p>\u201cEl objetivo es concientizar a la poblaci\u00f3n a fin de que mantengan limpia su comunidad\u201d.<\/p>\n<p>Durante esta jornada, empleados municipales y vecinos de la zona, dieron\u00a0 mantenimiento de espacios p\u00fablicos como la poda de pasto en aproximadamente 25 mil metros cuadrados, de igual manera se barrieron 28 mil metros cuadrados para mantener las calles en buen estado. En la Unidad Morelos 3\u00aa. secci\u00f3n se realiz\u00f3 el desorillado en 11 mil metros lineales, en 10 cerradas del fraccionamiento Agaves se pintaron 560 metros de bardas y 300 metros de\u00a0 franja y en 7 cerradas de la unidad habitacional El Reloj se realiz\u00f3 pinta de guarnici\u00f3n y cajones de estacionamiento.<\/p>\n<p>&nbsp;<\/p>\n","protected":false},"excerpt":{"rendered":"<p>Con el prop\u00f3sito de mejorar las condiciones de la imagen   urbana, el gobierno municipal, en coordinaci\u00f3n con Direcci\u00f3n de Servicios P\u00fablicos  y vecinos de diversas comunidades, llevan a cabo de manera permanente las jornadas de limpieza, como la realizada  en la colonia Unidad Morelos 3\u00aa. secci\u00f3n, en la zona oriente de la demarcaci\u00f3n.<\/p>\n","protected":false},"author":3,"featured_media":289144,"comment_status":"open","ping_status":"open","sticky":false,"template":"","format":"standard","meta":{"_monsterinsights_skip_tracking":false,"_monsterinsights_sitenote_active":false,"_monsterinsights_sitenote_note":"","_monsterinsights_sitenote_category":0,"footnotes":""},"categories":[35155],"tags":[43675,513,578],"class_list":["post-289048","post","type-post","status-publish","format-standard","has-post-thumbnail","hentry","category-estado-de-mexico-estado-de-mexico","tag-estado-de-mexico","tag-imagen","tag-tultitlan"],"_links":{"self":[{"href":"https:\/\/www.diarioimagen.net\/index.php?rest_route=\/wp\/v2\/posts\/289048","targetHints":{"allow":["GET"]}}],"collection":[{"href":"https:\/\/www.diarioimagen.net\/index.php?rest_route=\/wp\/v2\/posts"}],"about":[{"href":"https:\/\/www.diarioimagen.net\/index.php?rest_route=\/wp\/v2\/types\/post"}],"author":[{"embeddable":true,"href":"https:\/\/www.diarioimagen.net\/index.php?rest_route=\/wp\/v2\/users\/3"}],"replies":[{"embeddable":true,"href":"https:\/\/www.diarioimagen.net\/index.php?rest_route=%2Fwp%2Fv2%2Fcomments&post=289048"}],"version-history":[{"count":0,"href":"https:\/\/www.diarioimagen.net\/index.php?rest_route=\/wp\/v2\/posts\/289048\/revisions"}],"wp:featuredmedia":[{"embeddable":true,"href":"https:\/\/www.diarioimagen.net\/index.php?rest_route=\/wp\/v2\/media\/289144"}],"wp:attachment":[{"href":"https:\/\/www.diarioimagen.net\/index.php?rest_route=%2Fwp%2Fv2%2Fmedia&parent=289048"}],"wp:term":[{"taxonomy":"category","embeddable":true,"href":"https:\/\/www.diarioimagen.net\/index.php?rest_route=%2Fwp%2Fv2%2Fcategories&post=289048"},{"taxonomy":"post_tag","embeddable":true,"href":"https:\/\/www.diarioimagen.net\/index.php?rest_route=%2Fwp%2Fv2%2Ftags&post=289048"}],"curies":[{"name":"wp","href":"https:\/\/api.w.org\/{rel}","templated":true}]}}