{"id":289052,"date":"2016-09-14T00:05:03","date_gmt":"2016-09-14T05:05:03","guid":{"rendered":"http:\/\/www.diarioimagen.net\/?p=289052"},"modified":"2016-09-14T06:29:37","modified_gmt":"2016-09-14T11:29:37","slug":"trabajos-de-pavimentacion-en-calle-de-acceso-al-cecytem","status":"publish","type":"post","link":"https:\/\/www.diarioimagen.net\/?p=289052","title":{"rendered":"Trabajos de pavimentaci\u00f3n en calle de acceso al CECyTEM"},"content":{"rendered":"<ul>\n<li><strong><em>Ser\u00e1 cerrado el Circuito San Pablo, en Tultepec<\/em><\/strong><\/li>\n<\/ul>\n<p>&nbsp;<\/p>\n<div id=\"attachment_289147\" style=\"width: 430px\" class=\"wp-caption aligncenter\"><a href=\"http:\/\/www.diarioimagen.net\/?attachment_id=289147\" rel=\"attachment wp-att-289147\"><img loading=\"lazy\" decoding=\"async\" aria-describedby=\"caption-attachment-289147\" class=\"size-large wp-image-289147\" src=\"http:\/\/www.diarioimagen.net\/wp-content\/uploads\/2016\/09\/TULTEPEC-2594-420x236.jpg\" alt=\"Se repavimenta la calle que da acceso al CECyTEM, en la unidad habitacional San Pablo Norte.\" width=\"420\" height=\"236\" srcset=\"https:\/\/www.diarioimagen.net\/wp-content\/uploads\/2016\/09\/TULTEPEC-2594-420x236.jpg 420w, https:\/\/www.diarioimagen.net\/wp-content\/uploads\/2016\/09\/TULTEPEC-2594-240x135.jpg 240w, https:\/\/www.diarioimagen.net\/wp-content\/uploads\/2016\/09\/TULTEPEC-2594-235x132.jpg 235w, https:\/\/www.diarioimagen.net\/wp-content\/uploads\/2016\/09\/TULTEPEC-2594-202x114.jpg 202w, https:\/\/www.diarioimagen.net\/wp-content\/uploads\/2016\/09\/TULTEPEC-2594-350x196.jpg 350w, https:\/\/www.diarioimagen.net\/wp-content\/uploads\/2016\/09\/TULTEPEC-2594-220x123.jpg 220w, https:\/\/www.diarioimagen.net\/wp-content\/uploads\/2016\/09\/TULTEPEC-2594-237x132.jpg 237w, https:\/\/www.diarioimagen.net\/wp-content\/uploads\/2016\/09\/TULTEPEC-2594.jpg 480w\" sizes=\"auto, (max-width: 420px) 100vw, 420px\" \/><\/a><p id=\"caption-attachment-289147\" class=\"wp-caption-text\">Se repavimenta la calle que da acceso al CECyTEM, en la unidad habitacional San Pablo Norte.<\/p><\/div>\n<p>&nbsp;<\/p>\n<p><strong>Tultepec, Estado de M\u00e9xico.<\/strong>&#8211; El gobierno municipal inici\u00f3 los trabajos de repavimentaci\u00f3n con concreto hidr\u00e1ulico de 20 cent\u00edmetros de espesor de la calle que da acceso al CECyTEM, en la unidad habitacional San Pablo Norte, por lo que ser\u00e1 cerrado el Circuito San Pablo de manera paulatina, dado que no fue concluido durante la pasada administraci\u00f3n.<\/p>\n<p>As\u00ed lo inform\u00f3 \u00d3scar Ram\u00edrez Peralta, director de Obras P\u00fablicas, quien precis\u00f3 que adem\u00e1s se realizar\u00e1 el balizamiento en el lugar y la aplicaci\u00f3n de pintura en guarniciones, as\u00ed como la rehabilitaci\u00f3n del camell\u00f3n central.<\/p>\n<p>La obra tiene una superficie de aproximadamente 2,294.70 m2, con la cual se da inicio al programa de pavimentaciones, que ser\u00e1 posible gracias a las gestiones del alcalde Armando Portuguez Fuentes ante la C\u00e1mara de Diputados, logrando el beneficio para Tultepec con recursos federales del programa FORTALECE.<\/p>\n<p>Con esta obra ser\u00e1n beneficiados 12 mil habitantes, no s\u00f3lo de esta calle, sino cientos de alumnos, padres de familia y maestros del plantel de educaci\u00f3n superior CECyTEM.<\/p>\n<p>&nbsp;<\/p>\n","protected":false},"excerpt":{"rendered":"<p>El gobierno municipal inici\u00f3 los trabajos de repavimentaci\u00f3n con concreto hidr\u00e1ulico de 20 cent\u00edmetros de espesor de la calle que da acceso al CECyTEM, en la unidad habitacional San Pablo Norte, por lo que ser\u00e1 cerrado el Circuito San Pablo de manera paulatina, dado que no fue concluido durante la pasada administraci\u00f3n.<\/p>\n","protected":false},"author":3,"featured_media":289147,"comment_status":"open","ping_status":"open","sticky":false,"template":"","format":"standard","meta":{"_monsterinsights_skip_tracking":false,"_monsterinsights_sitenote_active":false,"_monsterinsights_sitenote_note":"","_monsterinsights_sitenote_category":0,"footnotes":""},"categories":[35155],"tags":[13900,43675,3802],"class_list":["post-289052","post","type-post","status-publish","format-standard","has-post-thumbnail","hentry","category-estado-de-mexico-estado-de-mexico","tag-cecytem","tag-estado-de-mexico","tag-tultepec"],"_links":{"self":[{"href":"https:\/\/www.diarioimagen.net\/index.php?rest_route=\/wp\/v2\/posts\/289052","targetHints":{"allow":["GET"]}}],"collection":[{"href":"https:\/\/www.diarioimagen.net\/index.php?rest_route=\/wp\/v2\/posts"}],"about":[{"href":"https:\/\/www.diarioimagen.net\/index.php?rest_route=\/wp\/v2\/types\/post"}],"author":[{"embeddable":true,"href":"https:\/\/www.diarioimagen.net\/index.php?rest_route=\/wp\/v2\/users\/3"}],"replies":[{"embeddable":true,"href":"https:\/\/www.diarioimagen.net\/index.php?rest_route=%2Fwp%2Fv2%2Fcomments&post=289052"}],"version-history":[{"count":0,"href":"https:\/\/www.diarioimagen.net\/index.php?rest_route=\/wp\/v2\/posts\/289052\/revisions"}],"wp:featuredmedia":[{"embeddable":true,"href":"https:\/\/www.diarioimagen.net\/index.php?rest_route=\/wp\/v2\/media\/289147"}],"wp:attachment":[{"href":"https:\/\/www.diarioimagen.net\/index.php?rest_route=%2Fwp%2Fv2%2Fmedia&parent=289052"}],"wp:term":[{"taxonomy":"category","embeddable":true,"href":"https:\/\/www.diarioimagen.net\/index.php?rest_route=%2Fwp%2Fv2%2Fcategories&post=289052"},{"taxonomy":"post_tag","embeddable":true,"href":"https:\/\/www.diarioimagen.net\/index.php?rest_route=%2Fwp%2Fv2%2Ftags&post=289052"}],"curies":[{"name":"wp","href":"https:\/\/api.w.org\/{rel}","templated":true}]}}