{"id":289054,"date":"2016-09-14T00:04:18","date_gmt":"2016-09-14T05:04:18","guid":{"rendered":"http:\/\/www.diarioimagen.net\/?p=289054"},"modified":"2016-09-14T06:30:42","modified_gmt":"2016-09-14T11:30:42","slug":"infancia-y-juventud-motivo-que-impulsa-al-gobierno-de-metepec","status":"publish","type":"post","link":"https:\/\/www.diarioimagen.net\/?p=289054","title":{"rendered":"Infancia y juventud, motivo que impulsa al gobierno de Metepec"},"content":{"rendered":"<ul>\n<li><strong><em>Llama a actuar siempre con responsabilidad y respeto<\/em><\/strong><\/li>\n<\/ul>\n<p>&nbsp;<\/p>\n<div id=\"attachment_289150\" style=\"width: 430px\" class=\"wp-caption aligncenter\"><a href=\"http:\/\/www.diarioimagen.net\/?attachment_id=289150\" rel=\"attachment wp-att-289150\"><img loading=\"lazy\" decoding=\"async\" aria-describedby=\"caption-attachment-289150\" class=\"size-large wp-image-289150\" src=\"http:\/\/www.diarioimagen.net\/wp-content\/uploads\/2016\/09\/METEPEC-2594-420x236.jpg\" alt=\"El presidente municipal de Metepec, David L\u00f3pez C\u00e1rdenas, encabez\u00f3 la ceremonia de la gesta heroica de los Ni\u00f1os H\u00e9roes de Chapultepec.\" width=\"420\" height=\"236\" srcset=\"https:\/\/www.diarioimagen.net\/wp-content\/uploads\/2016\/09\/METEPEC-2594-420x236.jpg 420w, https:\/\/www.diarioimagen.net\/wp-content\/uploads\/2016\/09\/METEPEC-2594-240x135.jpg 240w, https:\/\/www.diarioimagen.net\/wp-content\/uploads\/2016\/09\/METEPEC-2594-235x132.jpg 235w, https:\/\/www.diarioimagen.net\/wp-content\/uploads\/2016\/09\/METEPEC-2594-202x114.jpg 202w, https:\/\/www.diarioimagen.net\/wp-content\/uploads\/2016\/09\/METEPEC-2594-350x196.jpg 350w, https:\/\/www.diarioimagen.net\/wp-content\/uploads\/2016\/09\/METEPEC-2594-220x123.jpg 220w, https:\/\/www.diarioimagen.net\/wp-content\/uploads\/2016\/09\/METEPEC-2594-237x132.jpg 237w, https:\/\/www.diarioimagen.net\/wp-content\/uploads\/2016\/09\/METEPEC-2594.jpg 480w\" sizes=\"auto, (max-width: 420px) 100vw, 420px\" \/><\/a><p id=\"caption-attachment-289150\" class=\"wp-caption-text\">El presidente municipal de Metepec, David L\u00f3pez C\u00e1rdenas, encabez\u00f3 la ceremonia de la gesta heroica de los Ni\u00f1os H\u00e9roes de Chapultepec.<\/p><\/div>\n<p>&nbsp;<\/p>\n<p><strong>Metepec, Estado de M\u00e9xico<\/strong>.- El alcalde, David L\u00f3pez C\u00e1rdenas, encabez\u00f3 la ceremonia de la gesta heroica de los Ni\u00f1os H\u00e9roes de Chapultepec en la demarcaci\u00f3n, donde recalc\u00f3 que la infancia y la juventud, son sectores importantes en la poblaci\u00f3n, que motivan al gobierno municipal a generar entornos arm\u00f3nicos y seguros que garanticen su pleno desarrollo.<\/p>\n<p>Acompa\u00f1ado por integrantes del cabildo y autoridades escolares de la primaria Agust\u00edn Melgar, el presidente municipal invit\u00f3 a las y los alumnos a actuar siempre con responsabilidad y respeto, adem\u00e1s de poner en alto los principios de lealtad y solidaridad que fueron heredados en aquella batalla hist\u00f3rica.<\/p>\n<p>\u201cNacionalismo y amor a la patria son inspiraci\u00f3n para todos, la construcci\u00f3n del M\u00e9xico en el que queremos vivir es tarea de todos y empieza por la educaci\u00f3n. Cada uno de nosotros estamos obligados a honrar la memoria de todos los que han sido nuestros h\u00e9roes, en M\u00e9xico necesitamos de esos ejemplos, que se distingan por su empe\u00f1o en la preparaci\u00f3n y por desarrollarse plenamente\u201d, se\u00f1al\u00f3 L\u00f3pez C\u00e1rdenas.<\/p>\n<p>Actualmente, agreg\u00f3, el pa\u00eds demanda de nuestra juventud y de nuestros ni\u00f1os, el hero\u00edsmo de dedicarse a la escuela, estudiar y entregarse al conocimiento para salir adelante y lograr sus sue\u00f1os, para de esa forma, contribuir al buen desarrollo de nuestro M\u00e9xico.<\/p>\n<p>&nbsp;<\/p>\n","protected":false},"excerpt":{"rendered":"<p>El alcalde, David L\u00f3pez C\u00e1rdenas, encabez\u00f3 la ceremonia de la gesta heroica de los Ni\u00f1os H\u00e9roes de Chapultepec en la demarcaci\u00f3n, donde recalc\u00f3 que la infancia y la juventud, son sectores importantes en la poblaci\u00f3n, que motivan al gobierno municipal a generar entornos arm\u00f3nicos y seguros que garanticen su pleno desarrollo.<\/p>\n","protected":false},"author":3,"featured_media":289150,"comment_status":"open","ping_status":"open","sticky":false,"template":"","format":"standard","meta":{"_monsterinsights_skip_tracking":false,"_monsterinsights_sitenote_active":false,"_monsterinsights_sitenote_note":"","_monsterinsights_sitenote_category":0,"footnotes":""},"categories":[35155],"tags":[14250,43675,48327,876],"class_list":["post-289054","post","type-post","status-publish","format-standard","has-post-thumbnail","hentry","category-estado-de-mexico-estado-de-mexico","tag-david-lopez-cardenas","tag-estado-de-mexico","tag-impulsa","tag-metepec"],"_links":{"self":[{"href":"https:\/\/www.diarioimagen.net\/index.php?rest_route=\/wp\/v2\/posts\/289054","targetHints":{"allow":["GET"]}}],"collection":[{"href":"https:\/\/www.diarioimagen.net\/index.php?rest_route=\/wp\/v2\/posts"}],"about":[{"href":"https:\/\/www.diarioimagen.net\/index.php?rest_route=\/wp\/v2\/types\/post"}],"author":[{"embeddable":true,"href":"https:\/\/www.diarioimagen.net\/index.php?rest_route=\/wp\/v2\/users\/3"}],"replies":[{"embeddable":true,"href":"https:\/\/www.diarioimagen.net\/index.php?rest_route=%2Fwp%2Fv2%2Fcomments&post=289054"}],"version-history":[{"count":0,"href":"https:\/\/www.diarioimagen.net\/index.php?rest_route=\/wp\/v2\/posts\/289054\/revisions"}],"wp:featuredmedia":[{"embeddable":true,"href":"https:\/\/www.diarioimagen.net\/index.php?rest_route=\/wp\/v2\/media\/289150"}],"wp:attachment":[{"href":"https:\/\/www.diarioimagen.net\/index.php?rest_route=%2Fwp%2Fv2%2Fmedia&parent=289054"}],"wp:term":[{"taxonomy":"category","embeddable":true,"href":"https:\/\/www.diarioimagen.net\/index.php?rest_route=%2Fwp%2Fv2%2Fcategories&post=289054"},{"taxonomy":"post_tag","embeddable":true,"href":"https:\/\/www.diarioimagen.net\/index.php?rest_route=%2Fwp%2Fv2%2Ftags&post=289054"}],"curies":[{"name":"wp","href":"https:\/\/api.w.org\/{rel}","templated":true}]}}