{"id":289180,"date":"2016-09-15T00:08:59","date_gmt":"2016-09-15T05:08:59","guid":{"rendered":"http:\/\/www.diarioimagen.net\/?p=289180"},"modified":"2016-09-15T01:45:32","modified_gmt":"2016-09-15T06:45:32","slug":"confirma-sep-restablecimiento-de-clases-en-tres-estados","status":"publish","type":"post","link":"https:\/\/www.diarioimagen.net\/?p=289180","title":{"rendered":"Confirma SEP reanudaci\u00f3n de clases en tres estados"},"content":{"rendered":"<ul>\n<li><strong><em>Actividades escolares en Chiapas, al 70%<\/em><\/strong><\/li>\n<\/ul>\n<p>&nbsp;<\/p>\n<div id=\"attachment_289181\" style=\"width: 430px\" class=\"wp-caption aligncenter\"><a href=\"http:\/\/www.diarioimagen.net\/?attachment_id=289181\" rel=\"attachment wp-att-289181\"><img loading=\"lazy\" decoding=\"async\" aria-describedby=\"caption-attachment-289181\" class=\"size-large wp-image-289181\" src=\"http:\/\/www.diarioimagen.net\/wp-content\/uploads\/2016\/09\/CLASES15-portal-420x245.jpg\" alt=\"Confirm\u00f3 Aurelio Nu\u00f1o Mayer el restablecimiento de clases en escuelas de Oaxaca, Guerrero y Michoac\u00e1n.\" width=\"420\" height=\"245\" srcset=\"https:\/\/www.diarioimagen.net\/wp-content\/uploads\/2016\/09\/CLASES15-portal-420x245.jpg 420w, https:\/\/www.diarioimagen.net\/wp-content\/uploads\/2016\/09\/CLASES15-portal-240x140.jpg 240w, https:\/\/www.diarioimagen.net\/wp-content\/uploads\/2016\/09\/CLASES15-portal.jpg 480w\" sizes=\"auto, (max-width: 420px) 100vw, 420px\" \/><\/a><p id=\"caption-attachment-289181\" class=\"wp-caption-text\">Confirm\u00f3 Aurelio Nu\u00f1o Mayer el restablecimiento de clases en escuelas de Oaxaca, Guerrero y Michoac\u00e1n.<\/p><\/div>\n<p>&nbsp;<\/p>\n<p>Aurelio Nu\u00f1o Mayer, titular de la Secretar\u00eda de Educaci\u00f3n P\u00fablica (SEP), confirm\u00f3 el restablecimiento de clases en \u00e5escuelas de nivel b\u00e1sico en Oaxaca, Guerrero y Michoac\u00e1n.<\/p>\n<p>El funcionario federal tambi\u00e9n inform\u00f3 que en cuanto a Chiapas, las actividades escolares se encuentra al 70 por ciento.<\/p>\n<p>En referencia a las tres primeras entidades, explic\u00f3 que \u201ceventualmente habr\u00e1 condiciones para ver si se restablece el di\u00e1logo que atienda los problemas de cada uno de los estados en temas de incidencias administrativas que se tienen que resolver\u201d.<\/p>\n<p>Nu\u00f1o Mayer aclar\u00f3 en entrevista, que en el periodo que no estuvieron en clases se van a aplicar los descuentos y quienes acumularon m\u00e1s de tres faltas van a ser dados de baja, \u201ccomo se ha dicho y hemos sido ya muy claros\u201d.<\/p>\n<p>Destac\u00f3 lo dram\u00e1tico y el nivel de responsabilidad de quienes toman las decisiones en la CNTE, porque quienes est\u00e1n pagando los platos rotos son los ni\u00f1os de Chiapas y eso no se vale.<\/p>\n<p>\u201cPor eso es muy buena la noticia tanto en Guerrero, Michoac\u00e1n y Oxaca donde los ni\u00f1os ya est\u00e1n en la escuela y eventualmente podemos seguir hablando, discutiendo c\u00f3mo resolvemos este conflicto pero sin que los ni\u00f1os est\u00e9n siendo rehenes, sin que los ni\u00f1os est\u00e9n siendo usados, chantajeados para un movimiento y eso no se vale que est\u00e9 sucediendo en Chiapas\u201d.<\/p>\n<p>El titular de la SEP record\u00f3 que Chiapas es un estado con much\u00edsimos problemas, atrasos, es uno de los estados con los peores resultados en educaci\u00f3n y por lo mismo es el que m\u00e1s requiere de los cambios educativos.<\/p>\n<p>\u201cEs donde m\u00e1s requerimos elevar el nivel educativo, donde los ni\u00f1os aprendan a aprender, puedan tener y aspirar a un futuro distinto porque tienen herramientas y tienen una educaci\u00f3n de calidad\u201d, indic\u00f3.<\/p>\n<p>Reiter\u00f3 que la reforma educativa afecta los intereses de las personas que defienden un r\u00e9gimen de herencia y ventas de plazas, \u201cporque acaba con ello y pone las plazas a concurso y termina con esa vieja pr\u00e1ctica.<\/p>\n<p style=\"text-align: center;\"><strong>\u00a0Asesinan a maestro de la 22; su esposa queda herida<\/strong><\/p>\n<p>Un matrimonio de profesores que llegaron a la reanudaci\u00f3n de las clases en el estado de Oaxaca, fueron baleados al ingresar al plantel. El hombre muri\u00f3 y su esposa se encuentra grave. Los agresores fueron dos encapuchados que esperaban a sus v\u00edctimas a bordo de una motocicleta, desde donde les dispararon.<\/p>\n","protected":false},"excerpt":{"rendered":"<p>Aurelio Nu\u00f1o Mayer, titular de la Secretar\u00eda de Educaci\u00f3n P\u00fablica (SEP), confirm\u00f3 el restablecimiento de clases en \u00e5escuelas de nivel b\u00e1sico en Oaxaca, Guerrero y Michoac\u00e1n. El funcionario federal tambi\u00e9n inform\u00f3 que en cuanto a Chiapas, las actividades escolares se encuentra al 70 por ciento.<\/p>\n","protected":false},"author":5,"featured_media":289181,"comment_status":"open","ping_status":"open","sticky":false,"template":"","format":"standard","meta":{"_monsterinsights_skip_tracking":false,"_monsterinsights_sitenote_active":false,"_monsterinsights_sitenote_note":"","_monsterinsights_sitenote_category":0,"footnotes":""},"categories":[3],"tags":[30144,2269,24434,50895,25568],"class_list":["post-289180","post","type-post","status-publish","format-standard","has-post-thumbnail","hentry","category-nacional","tag-aurelio-nuno-mayer","tag-chiapas","tag-clases","tag-flojos","tag-vandalos"],"_links":{"self":[{"href":"https:\/\/www.diarioimagen.net\/index.php?rest_route=\/wp\/v2\/posts\/289180","targetHints":{"allow":["GET"]}}],"collection":[{"href":"https:\/\/www.diarioimagen.net\/index.php?rest_route=\/wp\/v2\/posts"}],"about":[{"href":"https:\/\/www.diarioimagen.net\/index.php?rest_route=\/wp\/v2\/types\/post"}],"author":[{"embeddable":true,"href":"https:\/\/www.diarioimagen.net\/index.php?rest_route=\/wp\/v2\/users\/5"}],"replies":[{"embeddable":true,"href":"https:\/\/www.diarioimagen.net\/index.php?rest_route=%2Fwp%2Fv2%2Fcomments&post=289180"}],"version-history":[{"count":0,"href":"https:\/\/www.diarioimagen.net\/index.php?rest_route=\/wp\/v2\/posts\/289180\/revisions"}],"wp:featuredmedia":[{"embeddable":true,"href":"https:\/\/www.diarioimagen.net\/index.php?rest_route=\/wp\/v2\/media\/289181"}],"wp:attachment":[{"href":"https:\/\/www.diarioimagen.net\/index.php?rest_route=%2Fwp%2Fv2%2Fmedia&parent=289180"}],"wp:term":[{"taxonomy":"category","embeddable":true,"href":"https:\/\/www.diarioimagen.net\/index.php?rest_route=%2Fwp%2Fv2%2Fcategories&post=289180"},{"taxonomy":"post_tag","embeddable":true,"href":"https:\/\/www.diarioimagen.net\/index.php?rest_route=%2Fwp%2Fv2%2Ftags&post=289180"}],"curies":[{"name":"wp","href":"https:\/\/api.w.org\/{rel}","templated":true}]}}