{"id":289192,"date":"2016-09-14T15:00:17","date_gmt":"2016-09-14T20:00:17","guid":{"rendered":"http:\/\/www.diarioimagen.net\/?p=289192"},"modified":"2016-09-18T22:50:29","modified_gmt":"2016-09-19T03:50:29","slug":"capacitan-en-lenguaje-de-senas-a-funcionarios-de-la-secretaria-del-trabajo","status":"publish","type":"post","link":"https:\/\/www.diarioimagen.net\/?p=289192","title":{"rendered":"Capacitan en lenguaje de se\u00f1as a funcionarios de la Secretar\u00eda del Trabajo"},"content":{"rendered":"<ul>\n<li><em><strong>Para brindar una atenci\u00f3n eficiente e incluyente<\/strong><\/em><\/li>\n<\/ul>\n<p>&nbsp;<\/p>\n<div id=\"attachment_289193\" style=\"width: 430px\" class=\"wp-caption aligncenter\"><a href=\"http:\/\/www.diarioimagen.net\/?attachment_id=289193\" rel=\"attachment wp-att-289193\"><img loading=\"lazy\" decoding=\"async\" aria-describedby=\"caption-attachment-289193\" class=\"size-large wp-image-289193\" src=\"http:\/\/www.diarioimagen.net\/wp-content\/uploads\/2016\/09\/SE\u00d1AS15-portal-420x245.jpg\" alt=\"Funcionarios de la Secretaria del Trabajo del Edomex reciben capacitaci\u00f3n en Lenguaje de Se\u00f1as Mexicanas.\" width=\"420\" height=\"245\" srcset=\"https:\/\/www.diarioimagen.net\/wp-content\/uploads\/2016\/09\/SE\u00d1AS15-portal-420x245.jpg 420w, https:\/\/www.diarioimagen.net\/wp-content\/uploads\/2016\/09\/SE\u00d1AS15-portal-240x140.jpg 240w, https:\/\/www.diarioimagen.net\/wp-content\/uploads\/2016\/09\/SE\u00d1AS15-portal.jpg 480w\" sizes=\"auto, (max-width: 420px) 100vw, 420px\" \/><\/a><p id=\"caption-attachment-289193\" class=\"wp-caption-text\">Funcionarios de la Secretaria del Trabajo del Edomex reciben capacitaci\u00f3n en Lenguaje de Se\u00f1as Mexicanas.<\/p><\/div>\n<p>&nbsp;<\/p>\n<p><strong>Toluca, Estado de M\u00e9xico<\/strong>.- Debido a la importancia de contar con servidores p\u00fablicos capacitados, que brinden una atenci\u00f3n de calidad, eficiente e incluyente a las personas con dificultades auditivas y de lenguaje, funcionarios de la Secretaria del Trabajo reciben capacitaci\u00f3n en Lenguaje de Se\u00f1as Mexicanas, mediante un curso organizado por esta dependencia.<\/p>\n<p>Al respecto, Germ\u00e1n Ortiz Mondrag\u00f3n, titular de la Procuradur\u00eda de la Defensa del Trabajo, destac\u00f3 que este curso es impartido en coordinaci\u00f3n con el sistema DIF de Toluca, a trav\u00e9s del Departamento de Atenci\u00f3n a la Discapacidad y que est\u00e1 compuesto por 12 sesiones, los lunes de cada semana, en las instalaciones de la Secretar\u00eda.<\/p>\n<p>\u201cTratando de ser m\u00e1s humanista, la administraci\u00f3n del gobernador Eruviel \u00c1vila Villegas busca que entre sus ejes rectores se destaque el respeto, la protecci\u00f3n y promoci\u00f3n de los derechos humanos, de los y las mexiquenses, as\u00ed como el ejercicio continuo de la no discriminaci\u00f3n en cualquier \u00e1mbito y nivel de gobierno\u201d, asegur\u00f3.<\/p>\n<p>Agreg\u00f3 que los cursos iniciaron el pasado 12 de septiembre, con la participaci\u00f3n de personal del Tribunal Estatal de Conciliaci\u00f3n y Arbitraje, la Junta Local de Conciliaci\u00f3n y Arbitraje del Valle de Toluca, la Coordinaci\u00f3n Administrativa, la Direcci\u00f3n General del Trabajo y de la Procuradur\u00eda de la Defensa del Trabajo.<\/p>\n","protected":false},"excerpt":{"rendered":"<p>Debido a la importancia de contar con servidores p\u00fablicos capacitados, que brinden una atenci\u00f3n de calidad, eficiente e incluyente a las personas con dificultades auditivas y de lenguaje, funcionarios de la Secretaria del Trabajo reciben capacitaci\u00f3n en Lenguaje de Se\u00f1as Mexicanas, mediante un curso organizado por esta dependencia.<\/p>\n","protected":false},"author":5,"featured_media":289193,"comment_status":"open","ping_status":"open","sticky":false,"template":"","format":"standard","meta":{"_monsterinsights_skip_tracking":false,"_monsterinsights_sitenote_active":false,"_monsterinsights_sitenote_note":"","_monsterinsights_sitenote_category":0,"footnotes":""},"categories":[35155],"tags":[2538],"class_list":["post-289192","post","type-post","status-publish","format-standard","has-post-thumbnail","hentry","category-estado-de-mexico-estado-de-mexico","tag-secretaria-del-trabajo"],"_links":{"self":[{"href":"https:\/\/www.diarioimagen.net\/index.php?rest_route=\/wp\/v2\/posts\/289192","targetHints":{"allow":["GET"]}}],"collection":[{"href":"https:\/\/www.diarioimagen.net\/index.php?rest_route=\/wp\/v2\/posts"}],"about":[{"href":"https:\/\/www.diarioimagen.net\/index.php?rest_route=\/wp\/v2\/types\/post"}],"author":[{"embeddable":true,"href":"https:\/\/www.diarioimagen.net\/index.php?rest_route=\/wp\/v2\/users\/5"}],"replies":[{"embeddable":true,"href":"https:\/\/www.diarioimagen.net\/index.php?rest_route=%2Fwp%2Fv2%2Fcomments&post=289192"}],"version-history":[{"count":0,"href":"https:\/\/www.diarioimagen.net\/index.php?rest_route=\/wp\/v2\/posts\/289192\/revisions"}],"wp:featuredmedia":[{"embeddable":true,"href":"https:\/\/www.diarioimagen.net\/index.php?rest_route=\/wp\/v2\/media\/289193"}],"wp:attachment":[{"href":"https:\/\/www.diarioimagen.net\/index.php?rest_route=%2Fwp%2Fv2%2Fmedia&parent=289192"}],"wp:term":[{"taxonomy":"category","embeddable":true,"href":"https:\/\/www.diarioimagen.net\/index.php?rest_route=%2Fwp%2Fv2%2Fcategories&post=289192"},{"taxonomy":"post_tag","embeddable":true,"href":"https:\/\/www.diarioimagen.net\/index.php?rest_route=%2Fwp%2Fv2%2Ftags&post=289192"}],"curies":[{"name":"wp","href":"https:\/\/api.w.org\/{rel}","templated":true}]}}