{"id":289253,"date":"2016-09-15T00:09:54","date_gmt":"2016-09-15T05:09:54","guid":{"rendered":"http:\/\/www.diarioimagen.net\/?p=289253"},"modified":"2016-09-15T05:21:56","modified_gmt":"2016-09-15T10:21:56","slug":"entregan-reconocimiento-al-periodista-salvador-estrada","status":"publish","type":"post","link":"https:\/\/www.diarioimagen.net\/?p=289253","title":{"rendered":"Entregan reconocimiento al periodista Salvador Estrada"},"content":{"rendered":"<p><strong><a href=\"http:\/\/www.diarioimagen.net\/?attachment_id=289401\" rel=\"attachment wp-att-289401\"><img loading=\"lazy\" decoding=\"async\" class=\"aligncenter size-large wp-image-289401\" src=\"http:\/\/www.diarioimagen.net\/wp-content\/uploads\/2016\/09\/salvador-estrada-2955-420x236.jpg\" alt=\"salvador-estrada-2955\" width=\"420\" height=\"236\" srcset=\"https:\/\/www.diarioimagen.net\/wp-content\/uploads\/2016\/09\/salvador-estrada-2955-420x236.jpg 420w, https:\/\/www.diarioimagen.net\/wp-content\/uploads\/2016\/09\/salvador-estrada-2955-240x135.jpg 240w, https:\/\/www.diarioimagen.net\/wp-content\/uploads\/2016\/09\/salvador-estrada-2955-768x432.jpg 768w, https:\/\/www.diarioimagen.net\/wp-content\/uploads\/2016\/09\/salvador-estrada-2955-480x270.jpg 480w, https:\/\/www.diarioimagen.net\/wp-content\/uploads\/2016\/09\/salvador-estrada-2955-235x132.jpg 235w, https:\/\/www.diarioimagen.net\/wp-content\/uploads\/2016\/09\/salvador-estrada-2955-202x114.jpg 202w, https:\/\/www.diarioimagen.net\/wp-content\/uploads\/2016\/09\/salvador-estrada-2955-350x196.jpg 350w, https:\/\/www.diarioimagen.net\/wp-content\/uploads\/2016\/09\/salvador-estrada-2955-220x123.jpg 220w, https:\/\/www.diarioimagen.net\/wp-content\/uploads\/2016\/09\/salvador-estrada-2955-237x132.jpg 237w, https:\/\/www.diarioimagen.net\/wp-content\/uploads\/2016\/09\/salvador-estrada-2955.jpg 1200w\" sizes=\"auto, (max-width: 420px) 100vw, 420px\" \/><\/a>\u00a0<\/strong><\/p>\n<p>&nbsp;<\/p>\n<p>La Asociaci\u00f3n Nacional de Locutores, que encabeza Rosal\u00eda Bua\u00fan S\u00e1nchez, entreg\u00f3 la \u201cMedalla al M\u00e9rito Luis M. Far\u00edas\u201d al periodista, escritor, compositor y locutor <strong>Salvador Estrada<\/strong>. El columnista de <strong>DIARIOIMAGEN<\/strong> fue reconocido por sus 25 a\u00f1os de actividad frente al micr\u00f3fono en distintas estaciones de radio y fue Roberto Calleja, coordinador de Comunicaci\u00f3n Social de la Presidencia de la Rep\u00fablica, el encargado de imponerle la presea.<\/p>\n","protected":false},"excerpt":{"rendered":"<p><strong> <\/strong>La Asociaci\u00f3n Nacional de Locutores, que encabeza Rosal\u00eda Bua\u00fan S\u00e1nchez, entreg\u00f3 la \u201cMedalla al M\u00e9rito Luis M. Far\u00edas\u201d al periodista, escritor, compositor y locutor <strong>Salvador Estrada<\/strong>. El columnista de <strong>DIARIOIMAGEN<\/strong> fue reconocido por sus 25 a\u00f1os de actividad frente al micr\u00f3fono en distintas estaciones de radio y fue Roberto Calleja, coordinador de Comunicaci\u00f3n Social de la Presidencia de la Rep\u00fablica, el encargado de imponerle la presea.<\/p>\n","protected":false},"author":3,"featured_media":289401,"comment_status":"open","ping_status":"open","sticky":false,"template":"","format":"standard","meta":{"_monsterinsights_skip_tracking":false,"_monsterinsights_sitenote_active":false,"_monsterinsights_sitenote_note":"","_monsterinsights_sitenote_category":0,"footnotes":""},"categories":[3],"tags":[5152,12862,41600],"class_list":["post-289253","post","type-post","status-publish","format-standard","has-post-thumbnail","hentry","category-nacional","tag-escritor","tag-reconocimiento","tag-salvador-estrada"],"_links":{"self":[{"href":"https:\/\/www.diarioimagen.net\/index.php?rest_route=\/wp\/v2\/posts\/289253","targetHints":{"allow":["GET"]}}],"collection":[{"href":"https:\/\/www.diarioimagen.net\/index.php?rest_route=\/wp\/v2\/posts"}],"about":[{"href":"https:\/\/www.diarioimagen.net\/index.php?rest_route=\/wp\/v2\/types\/post"}],"author":[{"embeddable":true,"href":"https:\/\/www.diarioimagen.net\/index.php?rest_route=\/wp\/v2\/users\/3"}],"replies":[{"embeddable":true,"href":"https:\/\/www.diarioimagen.net\/index.php?rest_route=%2Fwp%2Fv2%2Fcomments&post=289253"}],"version-history":[{"count":0,"href":"https:\/\/www.diarioimagen.net\/index.php?rest_route=\/wp\/v2\/posts\/289253\/revisions"}],"wp:featuredmedia":[{"embeddable":true,"href":"https:\/\/www.diarioimagen.net\/index.php?rest_route=\/wp\/v2\/media\/289401"}],"wp:attachment":[{"href":"https:\/\/www.diarioimagen.net\/index.php?rest_route=%2Fwp%2Fv2%2Fmedia&parent=289253"}],"wp:term":[{"taxonomy":"category","embeddable":true,"href":"https:\/\/www.diarioimagen.net\/index.php?rest_route=%2Fwp%2Fv2%2Fcategories&post=289253"},{"taxonomy":"post_tag","embeddable":true,"href":"https:\/\/www.diarioimagen.net\/index.php?rest_route=%2Fwp%2Fv2%2Ftags&post=289253"}],"curies":[{"name":"wp","href":"https:\/\/api.w.org\/{rel}","templated":true}]}}