{"id":289256,"date":"2016-09-15T00:06:03","date_gmt":"2016-09-15T05:06:03","guid":{"rendered":"http:\/\/www.diarioimagen.net\/?p=289256"},"modified":"2016-09-18T22:51:55","modified_gmt":"2016-09-19T03:51:55","slug":"descarta-luis-miranda-reduccion-al-gasto-social","status":"publish","type":"post","link":"https:\/\/www.diarioimagen.net\/?p=289256","title":{"rendered":"Descarta Luis Miranda reducci\u00f3n al gasto social"},"content":{"rendered":"<ul>\n<li><strong><em>\u201cNo se malgastar\u00e1 el dinero de los mexicanos\u201d<\/em><\/strong><\/li>\n<\/ul>\n<p>&nbsp;<\/p>\n<div id=\"attachment_289408\" style=\"width: 430px\" class=\"wp-caption aligncenter\"><a href=\"http:\/\/www.diarioimagen.net\/?attachment_id=289408\" rel=\"attachment wp-att-289408\"><img loading=\"lazy\" decoding=\"async\" aria-describedby=\"caption-attachment-289408\" class=\"size-large wp-image-289408\" src=\"http:\/\/www.diarioimagen.net\/wp-content\/uploads\/2016\/09\/SEDESOL-2955-420x236.jpg\" alt=\"El titular de la Sedesol, Luis Miranda Nava, afirma que el 2017 ser\u00e1 un a\u00f1o dif\u00edcil.\" width=\"420\" height=\"236\" srcset=\"https:\/\/www.diarioimagen.net\/wp-content\/uploads\/2016\/09\/SEDESOL-2955-420x236.jpg 420w, https:\/\/www.diarioimagen.net\/wp-content\/uploads\/2016\/09\/SEDESOL-2955-240x135.jpg 240w, https:\/\/www.diarioimagen.net\/wp-content\/uploads\/2016\/09\/SEDESOL-2955-235x132.jpg 235w, https:\/\/www.diarioimagen.net\/wp-content\/uploads\/2016\/09\/SEDESOL-2955-202x114.jpg 202w, https:\/\/www.diarioimagen.net\/wp-content\/uploads\/2016\/09\/SEDESOL-2955-350x196.jpg 350w, https:\/\/www.diarioimagen.net\/wp-content\/uploads\/2016\/09\/SEDESOL-2955-220x123.jpg 220w, https:\/\/www.diarioimagen.net\/wp-content\/uploads\/2016\/09\/SEDESOL-2955-237x132.jpg 237w, https:\/\/www.diarioimagen.net\/wp-content\/uploads\/2016\/09\/SEDESOL-2955.jpg 480w\" sizes=\"auto, (max-width: 420px) 100vw, 420px\" \/><\/a><p id=\"caption-attachment-289408\" class=\"wp-caption-text\">El titular de la Sedesol, Luis Miranda Nava, afirma que el 2017 ser\u00e1 un a\u00f1o dif\u00edcil.<\/p><\/div>\n<p>&nbsp;<\/p>\n<p>El gobierno de la Rep\u00fablica no reducir\u00e1 pr\u00e1cticamente nada el gasto social destinado a las familias m\u00e1s pobres del pa\u00eds, afirm\u00f3 el secretario de Desarrollo Social, Luis Miranda Nava, quien dijo que no se malgastar\u00e1 el dinero de los mexicanos.<\/p>\n<p>Entrevistado en el \u201cParque Cultural Reynosa\u201d, en Tamaulipas, en el marco de la inauguraci\u00f3n del Programa de Empleo Temporal Fronterizo, Miranda Nava dijo que el pr\u00f3ximo a\u00f1o ser\u00e1 dif\u00edcil en materia econ\u00f3mica, pero \u201cpara el tema social debe ser excepci\u00f3n\u201d.<\/p>\n<p>\u201cEn materia de programas y apoyos sociales el gobierno no reducir\u00e1 pr\u00e1cticamente en nada los programas y apoyos, por el contrario, es un asunto que tendr\u00e1 que fortalecerse y as\u00ed lo ha dicho el presidente de la Rep\u00fablica\u201d, subray\u00f3 el funcionario al tiempo que descart\u00f3 cambios en la actual pol\u00edtica social.<\/p>\n<p>La pol\u00edtica social es \u00fanica, dijo, \u201caqu\u00ed no se trata de personas, se trata de una pol\u00edtica, de pol\u00edticas p\u00fablicas, de pol\u00edticas generales porque la mismas necesidades tiene la gente de Reynosa que las tiene la gente de Oaxaca, que la tiene la gente de Michoac\u00e1n\u201d.<\/p>\n<p>Asegur\u00f3 que el dinero destinado a los mexicanos menos favorecidos no se va a malgastar y aunque se enfrenta un a\u00f1o dif\u00edcil, \u201cel gobierno no reducir\u00e1, pr\u00e1cticamente en nada los programas y apoyos a las familias m\u00e1s pobres del pa\u00eds\u201d, reiter\u00f3.<\/p>\n<p>Acompa\u00f1ado por el gobernador de la entidad, Egidio Torre Cant\u00fa, y ante beneficiarios de programas sociales, el titular de la Secretar\u00eda de Desarrollo Social (Sedesol) enfatiz\u00f3 que los programas en la materia no tienen bandera pol\u00edtica y solamente le pertenecen a los m\u00e1s necesitados.<\/p>\n<p>El Programa de Empleo Temporal Fronterizo, puesto en marcha beneficiar\u00e1 con 64.7 millones de pesos a familias de diez municipios de la regi\u00f3n, por lo que Miranda Nava propuso ser muy cuidadoso en cada peso que se gaste para transparentarlo correctamente.<\/p>\n<p>\u201cPara que ustedes sepan en qu\u00e9 se gasta, porque lo que no se puede y lo que no se debe de hacer es ocultar c\u00f3mo se gastan los recursos de la gente m\u00e1s necesitada\u201d, enfatiz\u00f3 el funcionario.<\/p>\n<p>&nbsp;<\/p>\n","protected":false},"excerpt":{"rendered":"<p>El gobierno de la Rep\u00fablica no reducir\u00e1 pr\u00e1cticamente nada el gasto social destinado a las familias m\u00e1s pobres del pa\u00eds, afirm\u00f3 el secretario de Desarrollo Social, Luis Miranda Nava, quien dijo que no se malgastar\u00e1 el dinero de los mexicanos.<\/p>\n","protected":false},"author":3,"featured_media":289408,"comment_status":"open","ping_status":"open","sticky":false,"template":"","format":"standard","meta":{"_monsterinsights_skip_tracking":false,"_monsterinsights_sitenote_active":false,"_monsterinsights_sitenote_note":"","_monsterinsights_sitenote_category":0,"footnotes":""},"categories":[3],"tags":[1625,43673,43017,1998,43677],"class_list":["post-289256","post","type-post","status-publish","format-standard","has-post-thumbnail","hentry","category-nacional","tag-luis-miranda-nava","tag-nacional","tag-reduccion","tag-sedesol","tag-seguridad"],"_links":{"self":[{"href":"https:\/\/www.diarioimagen.net\/index.php?rest_route=\/wp\/v2\/posts\/289256","targetHints":{"allow":["GET"]}}],"collection":[{"href":"https:\/\/www.diarioimagen.net\/index.php?rest_route=\/wp\/v2\/posts"}],"about":[{"href":"https:\/\/www.diarioimagen.net\/index.php?rest_route=\/wp\/v2\/types\/post"}],"author":[{"embeddable":true,"href":"https:\/\/www.diarioimagen.net\/index.php?rest_route=\/wp\/v2\/users\/3"}],"replies":[{"embeddable":true,"href":"https:\/\/www.diarioimagen.net\/index.php?rest_route=%2Fwp%2Fv2%2Fcomments&post=289256"}],"version-history":[{"count":0,"href":"https:\/\/www.diarioimagen.net\/index.php?rest_route=\/wp\/v2\/posts\/289256\/revisions"}],"wp:featuredmedia":[{"embeddable":true,"href":"https:\/\/www.diarioimagen.net\/index.php?rest_route=\/wp\/v2\/media\/289408"}],"wp:attachment":[{"href":"https:\/\/www.diarioimagen.net\/index.php?rest_route=%2Fwp%2Fv2%2Fmedia&parent=289256"}],"wp:term":[{"taxonomy":"category","embeddable":true,"href":"https:\/\/www.diarioimagen.net\/index.php?rest_route=%2Fwp%2Fv2%2Fcategories&post=289256"},{"taxonomy":"post_tag","embeddable":true,"href":"https:\/\/www.diarioimagen.net\/index.php?rest_route=%2Fwp%2Fv2%2Ftags&post=289256"}],"curies":[{"name":"wp","href":"https:\/\/api.w.org\/{rel}","templated":true}]}}