{"id":289258,"date":"2016-09-15T00:09:12","date_gmt":"2016-09-15T05:09:12","guid":{"rendered":"http:\/\/www.diarioimagen.net\/?p=289258"},"modified":"2016-09-18T22:52:22","modified_gmt":"2016-09-19T03:52:22","slug":"pena-nieto-se-reune-con-legisladores-de-california","status":"publish","type":"post","link":"https:\/\/www.diarioimagen.net\/?p=289258","title":{"rendered":"Pe\u00f1a Nieto se re\u00fane con legisladores de California"},"content":{"rendered":"<ul>\n<li><strong><em>Analizan relaci\u00f3n bilateral<\/em><\/strong><\/li>\n<\/ul>\n<p>&nbsp;<\/p>\n<div id=\"attachment_289416\" style=\"width: 430px\" class=\"wp-caption aligncenter\"><a href=\"http:\/\/www.diarioimagen.net\/?attachment_id=289416\" rel=\"attachment wp-att-289416\"><img loading=\"lazy\" decoding=\"async\" aria-describedby=\"caption-attachment-289416\" class=\"size-large wp-image-289416\" src=\"http:\/\/www.diarioimagen.net\/wp-content\/uploads\/2016\/09\/epn-2955-420x236.jpg\" alt=\"Enrique Pe\u00f1a Nieto recibi\u00f3 ayer en Los Pinos a un grupo de legisladores dem\u00f3cratas de Estados Unidos.\" width=\"420\" height=\"236\" srcset=\"https:\/\/www.diarioimagen.net\/wp-content\/uploads\/2016\/09\/epn-2955-420x236.jpg 420w, https:\/\/www.diarioimagen.net\/wp-content\/uploads\/2016\/09\/epn-2955-240x135.jpg 240w, https:\/\/www.diarioimagen.net\/wp-content\/uploads\/2016\/09\/epn-2955-235x132.jpg 235w, https:\/\/www.diarioimagen.net\/wp-content\/uploads\/2016\/09\/epn-2955-202x114.jpg 202w, https:\/\/www.diarioimagen.net\/wp-content\/uploads\/2016\/09\/epn-2955-350x196.jpg 350w, https:\/\/www.diarioimagen.net\/wp-content\/uploads\/2016\/09\/epn-2955-220x123.jpg 220w, https:\/\/www.diarioimagen.net\/wp-content\/uploads\/2016\/09\/epn-2955-237x132.jpg 237w, https:\/\/www.diarioimagen.net\/wp-content\/uploads\/2016\/09\/epn-2955.jpg 480w\" sizes=\"auto, (max-width: 420px) 100vw, 420px\" \/><\/a><p id=\"caption-attachment-289416\" class=\"wp-caption-text\">Enrique Pe\u00f1a Nieto recibi\u00f3 ayer en Los Pinos a un grupo de legisladores dem\u00f3cratas de Estados Unidos.<\/p><\/div>\n<p>&nbsp;<\/p>\n<p>El presidente Enrique Pe\u00f1a Nieto recibi\u00f3 en la residencia oficial de Los Pinos a una delegaci\u00f3n de legisladores de California, Estados Unidos, con quienes dialog\u00f3 sobre la importancia del intercambio econ\u00f3mico con ese estado.<\/p>\n<p>Destacaron el tama\u00f1o y dimensi\u00f3n de la econom\u00eda de California en relaci\u00f3n con su pluralidad \u00e9tnica, as\u00ed como su dinamismo comercial con M\u00e9xico, que asciende a 71.9 miles de millones de d\u00f3lares anuales y contribuye al desarrollo de ambas sociedades.<\/p>\n<p>En el encuentro, los legisladores encabezados por el presidente pro t\u00e9mpore del Senado de California, Kevin de Le\u00f3n, manifestaron su reconocimiento por las reformas estructurales que se han emprendido en M\u00e9xico, as\u00ed como por las medidas y programas de nuestro pa\u00eds en materia de protecci\u00f3n al medio ambiente y eficiencia energ\u00e9tica.<\/p>\n<p>Enrique Pe\u00f1a Nieto refrend\u00f3 el compromiso de su gobierno con la protecci\u00f3n y el respeto de los derechos de los mexicanos en los Estados Unidos, y record\u00f3 que en esa naci\u00f3n M\u00e9xico cuenta con 50 consulados, de los cuales 10 se encuentran ubicados en el estado de California.<\/p>\n<p style=\"text-align: center;\"><strong>EPN viajar\u00e1 a NY para Asamblea de la ONU<\/strong><\/p>\n<p>\u00a0La Secretar\u00eda de Gobernaci\u00f3n (Segob) notific\u00f3 al Senado de la Rep\u00fablica que el presidente Pe\u00f1a Nieto se ausentar\u00e1 del pa\u00eds, del 18 al 20 de septiembre pr\u00f3ximo, para participar en el Debate General del 71\u00ba Periodo Ordinario de Sesiones de la Asamblea General de la Organizaci\u00f3n de las Naciones Unidas.<\/p>\n<p>Durante los trabajos de ayer mi\u00e9rcoles se recibi\u00f3 el oficio donde se informa que el titular del Poder Ejecutivo federal tambi\u00e9n intervendr\u00e1 en la Cumbre de L\u00edderes sobre Refugiados y la Reuni\u00f3n de Alto Nivel para Atender los Grandes Movimientos de Refugiados y Migrantes, en Nueva York, EU.<\/p>\n<p style=\"text-align: center;\"><strong>Descartan reuni\u00f3n entre EPN y Trump <\/strong><\/p>\n<p>Por otra parte, la Presidencia de la Rep\u00fablica inform\u00f3 que no existe ning\u00fan acuerdo para reunir en Nueva York al presidente Enrique Pe\u00f1a Nieto y al candidato republicano de Estados Unidos, Donald Trump.<\/p>\n<p>Luego de que el pol\u00e9mico aspirante presidencial republicano dej\u00f3 ver su inter\u00e9s en buscar al Presidente mexicano durante su visita a Nueva York, el vocero presidencial mencion\u00f3 en entrevista radiof\u00f3nica que no tienen ninguna previsi\u00f3n en ese sentido.<\/p>\n<p>&nbsp;<\/p>\n","protected":false},"excerpt":{"rendered":"<p>El presidente Enrique Pe\u00f1a Nieto recibi\u00f3 en la residencia oficial de Los Pinos a una delegaci\u00f3n de legisladores de California, Estados Unidos, con quienes dialog\u00f3 sobre la importancia del intercambio econ\u00f3mico con ese estado.<\/p>\n","protected":false},"author":3,"featured_media":289416,"comment_status":"open","ping_status":"open","sticky":false,"template":"","format":"standard","meta":{"_monsterinsights_skip_tracking":false,"_monsterinsights_sitenote_active":false,"_monsterinsights_sitenote_note":"","_monsterinsights_sitenote_category":0,"footnotes":""},"categories":[3],"tags":[4626,18,1546,43673],"class_list":["post-289258","post","type-post","status-publish","format-standard","has-post-thumbnail","hentry","category-nacional","tag-california","tag-enrique-pena-nieto","tag-los-pinos","tag-nacional"],"_links":{"self":[{"href":"https:\/\/www.diarioimagen.net\/index.php?rest_route=\/wp\/v2\/posts\/289258","targetHints":{"allow":["GET"]}}],"collection":[{"href":"https:\/\/www.diarioimagen.net\/index.php?rest_route=\/wp\/v2\/posts"}],"about":[{"href":"https:\/\/www.diarioimagen.net\/index.php?rest_route=\/wp\/v2\/types\/post"}],"author":[{"embeddable":true,"href":"https:\/\/www.diarioimagen.net\/index.php?rest_route=\/wp\/v2\/users\/3"}],"replies":[{"embeddable":true,"href":"https:\/\/www.diarioimagen.net\/index.php?rest_route=%2Fwp%2Fv2%2Fcomments&post=289258"}],"version-history":[{"count":0,"href":"https:\/\/www.diarioimagen.net\/index.php?rest_route=\/wp\/v2\/posts\/289258\/revisions"}],"wp:featuredmedia":[{"embeddable":true,"href":"https:\/\/www.diarioimagen.net\/index.php?rest_route=\/wp\/v2\/media\/289416"}],"wp:attachment":[{"href":"https:\/\/www.diarioimagen.net\/index.php?rest_route=%2Fwp%2Fv2%2Fmedia&parent=289258"}],"wp:term":[{"taxonomy":"category","embeddable":true,"href":"https:\/\/www.diarioimagen.net\/index.php?rest_route=%2Fwp%2Fv2%2Fcategories&post=289258"},{"taxonomy":"post_tag","embeddable":true,"href":"https:\/\/www.diarioimagen.net\/index.php?rest_route=%2Fwp%2Fv2%2Ftags&post=289258"}],"curies":[{"name":"wp","href":"https:\/\/api.w.org\/{rel}","templated":true}]}}