{"id":289271,"date":"2016-09-15T00:04:43","date_gmt":"2016-09-15T05:04:43","guid":{"rendered":"http:\/\/www.diarioimagen.net\/?p=289271"},"modified":"2016-09-15T05:10:00","modified_gmt":"2016-09-15T10:10:00","slug":"prohiben-en-metepec-la-venta-y-uso-de-pirotecnia-sin-autorizacion","status":"publish","type":"post","link":"https:\/\/www.diarioimagen.net\/?p=289271","title":{"rendered":"Proh\u00edben en Metepec la venta y uso de pirotecnia sin autorizaci\u00f3n"},"content":{"rendered":"<ul>\n<li><strong><em>Decomisar\u00e1n productos que sean comercializados<\/em><\/strong><\/li>\n<\/ul>\n<p>&nbsp;<\/p>\n<div id=\"attachment_289382\" style=\"width: 430px\" class=\"wp-caption aligncenter\"><a href=\"http:\/\/www.diarioimagen.net\/?attachment_id=289382\" rel=\"attachment wp-att-289382\"><img loading=\"lazy\" decoding=\"async\" aria-describedby=\"caption-attachment-289382\" class=\"size-large wp-image-289382\" src=\"http:\/\/www.diarioimagen.net\/wp-content\/uploads\/2016\/09\/METEPEC-2955-420x236.jpg\" alt=\"Advierten autoridades de Metepec sobre riesgo por uso sin medidas de protecci\u00f3n.\" width=\"420\" height=\"236\" srcset=\"https:\/\/www.diarioimagen.net\/wp-content\/uploads\/2016\/09\/METEPEC-2955-420x236.jpg 420w, https:\/\/www.diarioimagen.net\/wp-content\/uploads\/2016\/09\/METEPEC-2955-240x135.jpg 240w, https:\/\/www.diarioimagen.net\/wp-content\/uploads\/2016\/09\/METEPEC-2955-235x132.jpg 235w, https:\/\/www.diarioimagen.net\/wp-content\/uploads\/2016\/09\/METEPEC-2955-202x114.jpg 202w, https:\/\/www.diarioimagen.net\/wp-content\/uploads\/2016\/09\/METEPEC-2955-350x196.jpg 350w, https:\/\/www.diarioimagen.net\/wp-content\/uploads\/2016\/09\/METEPEC-2955-220x123.jpg 220w, https:\/\/www.diarioimagen.net\/wp-content\/uploads\/2016\/09\/METEPEC-2955-237x132.jpg 237w, https:\/\/www.diarioimagen.net\/wp-content\/uploads\/2016\/09\/METEPEC-2955.jpg 480w\" sizes=\"auto, (max-width: 420px) 100vw, 420px\" \/><\/a><p id=\"caption-attachment-289382\" class=\"wp-caption-text\">Advierten autoridades de Metepec sobre riesgo por uso sin medidas de protecci\u00f3n.<\/p><\/div>\n<p>&nbsp;<\/p>\n<p><strong>Metepec, Estado de M\u00e9xico<\/strong>.- Las autoridades de este municipio decomisar\u00e1n, inutilizar\u00e1n y reportar\u00e1n todos aquellos productos de pirotecnia que sean comercializados sin autorizaci\u00f3n de la Secretar\u00eda de la Defensa Nacional.<\/p>\n<p>En cumplimiento al Bando Municipal, as\u00ed como al protocolo de prevenci\u00f3n de accidentes y \u00a0a los lineamientos sobre el uso y manejo inadecuado de materiales peligrosos, las autoridades de Metepec, a partir de este d\u00eda aplican un operativo para evitar la venta de pirotecnia.<\/p>\n<p>Con la participaci\u00f3n de personal de inspecci\u00f3n de la Direcci\u00f3n de Desarrollo Econ\u00f3mico, as\u00ed como de la polic\u00eda municipal con apoyo de los titulares de las 52 delegaciones, se busca prevenir accidentes por el uso inadecuado de este tipo de materiales, los cuales son recurrentes en estas fechas en que se festeja el aniversario de la Independencia de M\u00e9xico.<\/p>\n<p>El coordinador de Protecci\u00f3n Civil de la demarcaci\u00f3n, Marco Antonio Acosta Fuentes, se\u00f1al\u00f3 que la \u00fanica instancia que aprueba el manejo de p\u00f3lvora o pirotecnia, es la Sedena, motivo por el cual, todo material que se expenda sin esa aprobaci\u00f3n, ser\u00e1 decomisada para su inmediata inutilizaci\u00f3n y resguardo hasta ser entregada a la zona militar de la regi\u00f3n.<\/p>\n<p>Reconoci\u00f3 la existencia de venta clandestina, sobre todo en comunidades, lo cual representa un riesgo por el manejo con el que se realice y desde luego un peligro potencial, por lo que es un tema, dijo, prioritario de atender dentro del operativo integral de seguridad que aplica el gobierno municipal con apoyo de la Comisi\u00f3n Estatal de Seguridad Ciudadana (CESC).<\/p>\n<p>&nbsp;<\/p>\n","protected":false},"excerpt":{"rendered":"<p>Las autoridades de este municipio decomisar\u00e1n, inutilizar\u00e1n y reportar\u00e1n todos aquellos productos de pirotecnia que sean comercializados sin autorizaci\u00f3n de la Secretar\u00eda de la Defensa Nacional.<\/p>\n","protected":false},"author":3,"featured_media":289382,"comment_status":"open","ping_status":"open","sticky":false,"template":"","format":"standard","meta":{"_monsterinsights_skip_tracking":false,"_monsterinsights_sitenote_active":false,"_monsterinsights_sitenote_note":"","_monsterinsights_sitenote_category":0,"footnotes":""},"categories":[35155],"tags":[53956,43675,876,4352],"class_list":["post-289271","post","type-post","status-publish","format-standard","has-post-thumbnail","hentry","category-estado-de-mexico-estado-de-mexico","tag-autorizacion","tag-estado-de-mexico","tag-metepec","tag-secretaria-de-la-defensa-nacional"],"_links":{"self":[{"href":"https:\/\/www.diarioimagen.net\/index.php?rest_route=\/wp\/v2\/posts\/289271","targetHints":{"allow":["GET"]}}],"collection":[{"href":"https:\/\/www.diarioimagen.net\/index.php?rest_route=\/wp\/v2\/posts"}],"about":[{"href":"https:\/\/www.diarioimagen.net\/index.php?rest_route=\/wp\/v2\/types\/post"}],"author":[{"embeddable":true,"href":"https:\/\/www.diarioimagen.net\/index.php?rest_route=\/wp\/v2\/users\/3"}],"replies":[{"embeddable":true,"href":"https:\/\/www.diarioimagen.net\/index.php?rest_route=%2Fwp%2Fv2%2Fcomments&post=289271"}],"version-history":[{"count":0,"href":"https:\/\/www.diarioimagen.net\/index.php?rest_route=\/wp\/v2\/posts\/289271\/revisions"}],"wp:featuredmedia":[{"embeddable":true,"href":"https:\/\/www.diarioimagen.net\/index.php?rest_route=\/wp\/v2\/media\/289382"}],"wp:attachment":[{"href":"https:\/\/www.diarioimagen.net\/index.php?rest_route=%2Fwp%2Fv2%2Fmedia&parent=289271"}],"wp:term":[{"taxonomy":"category","embeddable":true,"href":"https:\/\/www.diarioimagen.net\/index.php?rest_route=%2Fwp%2Fv2%2Fcategories&post=289271"},{"taxonomy":"post_tag","embeddable":true,"href":"https:\/\/www.diarioimagen.net\/index.php?rest_route=%2Fwp%2Fv2%2Ftags&post=289271"}],"curies":[{"name":"wp","href":"https:\/\/api.w.org\/{rel}","templated":true}]}}