{"id":289449,"date":"2016-09-18T18:00:32","date_gmt":"2016-09-18T23:00:32","guid":{"rendered":"http:\/\/www.diarioimagen.net\/?p=289449"},"modified":"2016-09-20T00:31:37","modified_gmt":"2016-09-20T05:31:37","slug":"edomex-en-paz-y-tranquilidad-los-festejos-de-la-independencia-de-mexico","status":"publish","type":"post","link":"https:\/\/www.diarioimagen.net\/?p=289449","title":{"rendered":"Edomex: En paz y tranquilidad, los festejos de la Independencia de M\u00e9xico"},"content":{"rendered":"<ul>\n<li><em><strong>Se dieron cita en la Plaza de los M\u00e1rtires 35 mil personas <\/strong><\/em><\/li>\n<\/ul>\n<p>&nbsp;<\/p>\n<div id=\"attachment_289450\" style=\"width: 430px\" class=\"wp-caption aligncenter\"><a href=\"http:\/\/www.diarioimagen.net\/?attachment_id=289450\" rel=\"attachment wp-att-289450\"><img loading=\"lazy\" decoding=\"async\" aria-describedby=\"caption-attachment-289450\" class=\"size-large wp-image-289450\" src=\"http:\/\/www.diarioimagen.net\/wp-content\/uploads\/2016\/09\/PAZ19-portal-420x245.jpg\" alt=\"Este a\u00f1o 35 mil personas se dieron cita en la Plaza de los M\u00e1rtires en Toluca para disfrutar de diferentes eventos de las fiestas patrias.\" width=\"420\" height=\"245\" srcset=\"https:\/\/www.diarioimagen.net\/wp-content\/uploads\/2016\/09\/PAZ19-portal-420x245.jpg 420w, https:\/\/www.diarioimagen.net\/wp-content\/uploads\/2016\/09\/PAZ19-portal-240x140.jpg 240w, https:\/\/www.diarioimagen.net\/wp-content\/uploads\/2016\/09\/PAZ19-portal.jpg 480w\" sizes=\"auto, (max-width: 420px) 100vw, 420px\" \/><\/a><p id=\"caption-attachment-289450\" class=\"wp-caption-text\">Este a\u00f1o 35 mil personas se dieron cita en la Plaza de los M\u00e1rtires en Toluca para disfrutar de diferentes eventos de las fiestas patrias.<\/p><\/div>\n<p>&nbsp;<\/p>\n<p><strong>Toluca, Estado de M\u00e9xico<\/strong>.- El gobernador Eruviel \u00c1vila destac\u00f3 que los festejos del 206 aniversario de la Independencia de M\u00e9xico, que se realizaron en los 125 municipios del Estado de M\u00e9xico, se llevaron a cabo en un clima de paz y tranquilidad, con saldo blanco.<\/p>\n<p>Cabe se\u00f1alar que, este a\u00f1o fueron 35 mil personas que se dieron cita en la Plaza de los M\u00e1rtires en Toluca, para disfrutar de diferentes eventos art\u00edsticos y culturales, as\u00ed como del desfile c\u00edvico-militar del 16 de septiembre, que recorri\u00f3 las principales calles de la capital mexiquense, en donde se congregaron miles de familias.<\/p>\n<p>Por lo que Eruviel \u00c1vila, en compa\u00f1\u00eda de los titulares de los Poderes Judicial y Legislativo en la entidad, as\u00ed como de integrantes del gabinete estatal, apreci\u00f3 desde el balc\u00f3n central de Palacio de Gobierno el desfile c\u00edvico-militar integrado por 310 elementos del Ej\u00e9rcito Mexicano, mil 900 elementos de la CES, 200 representantes de las 5 etnias de la entidad; mil 250 alumnos de educaci\u00f3n b\u00e1sica y media superior, 388 de la Direcci\u00f3n de Seguridad P\u00fablica de Toluca, as\u00ed como 50 integrantes de la asociaci\u00f3n de nacional de charros, la banda de marcha de la UAEM, 22 de bomberos, 6 param\u00e9dicos del SUEM, entre otros.<\/p>\n<p>Previo a la realizaci\u00f3n del tradicional desfile, el gobernador mont\u00f3 guardia solemne de honor y dep\u00f3sito una ofrenda floral al pie del monumento a Miguel Hidalgo y Costilla.<\/p>\n","protected":false},"excerpt":{"rendered":"<p>El gobernador Eruviel \u00c1vila destac\u00f3 que los festejos del 206 aniversario de la Independencia de M\u00e9xico, que se realizaron en los 125 municipios del Estado de M\u00e9xico, se llevaron a cabo en un clima de paz y tranquilidad, con saldo blanco.<\/p>\n","protected":false},"author":5,"featured_media":289450,"comment_status":"open","ping_status":"open","sticky":false,"template":"","format":"standard","meta":{"_monsterinsights_skip_tracking":false,"_monsterinsights_sitenote_active":false,"_monsterinsights_sitenote_note":"","_monsterinsights_sitenote_category":0,"footnotes":""},"categories":[35155],"tags":[43675,9745,452],"class_list":["post-289449","post","type-post","status-publish","format-standard","has-post-thumbnail","hentry","category-estado-de-mexico-estado-de-mexico","tag-estado-de-mexico","tag-independencia-de-mexico","tag-toluca"],"_links":{"self":[{"href":"https:\/\/www.diarioimagen.net\/index.php?rest_route=\/wp\/v2\/posts\/289449","targetHints":{"allow":["GET"]}}],"collection":[{"href":"https:\/\/www.diarioimagen.net\/index.php?rest_route=\/wp\/v2\/posts"}],"about":[{"href":"https:\/\/www.diarioimagen.net\/index.php?rest_route=\/wp\/v2\/types\/post"}],"author":[{"embeddable":true,"href":"https:\/\/www.diarioimagen.net\/index.php?rest_route=\/wp\/v2\/users\/5"}],"replies":[{"embeddable":true,"href":"https:\/\/www.diarioimagen.net\/index.php?rest_route=%2Fwp%2Fv2%2Fcomments&post=289449"}],"version-history":[{"count":0,"href":"https:\/\/www.diarioimagen.net\/index.php?rest_route=\/wp\/v2\/posts\/289449\/revisions"}],"wp:featuredmedia":[{"embeddable":true,"href":"https:\/\/www.diarioimagen.net\/index.php?rest_route=\/wp\/v2\/media\/289450"}],"wp:attachment":[{"href":"https:\/\/www.diarioimagen.net\/index.php?rest_route=%2Fwp%2Fv2%2Fmedia&parent=289449"}],"wp:term":[{"taxonomy":"category","embeddable":true,"href":"https:\/\/www.diarioimagen.net\/index.php?rest_route=%2Fwp%2Fv2%2Fcategories&post=289449"},{"taxonomy":"post_tag","embeddable":true,"href":"https:\/\/www.diarioimagen.net\/index.php?rest_route=%2Fwp%2Fv2%2Ftags&post=289449"}],"curies":[{"name":"wp","href":"https:\/\/api.w.org\/{rel}","templated":true}]}}