{"id":289452,"date":"2016-09-19T00:07:46","date_gmt":"2016-09-19T05:07:46","guid":{"rendered":"http:\/\/www.diarioimagen.net\/?p=289452"},"modified":"2016-09-20T00:32:25","modified_gmt":"2016-09-20T05:32:25","slug":"pena-nieto-viaja-a-ny-para-asistir-a-2-cumbres-de-onu","status":"publish","type":"post","link":"https:\/\/www.diarioimagen.net\/?p=289452","title":{"rendered":"Asistir\u00e1 Pe\u00f1a Nieto a dos cumbres de ONU Crisis de refugiados y migrantes"},"content":{"rendered":"<ul>\n<li><em><strong>Concluye gira el d\u00eda 20<\/strong><\/em><\/li>\n<\/ul>\n<p>&nbsp;<\/p>\n<div id=\"attachment_289453\" style=\"width: 430px\" class=\"wp-caption aligncenter\"><a href=\"http:\/\/www.diarioimagen.net\/?attachment_id=289453\" rel=\"attachment wp-att-289453\"><img loading=\"lazy\" decoding=\"async\" aria-describedby=\"caption-attachment-289453\" class=\"wp-image-289453 size-large\" src=\"http:\/\/www.diarioimagen.net\/wp-content\/uploads\/2016\/09\/PE\u00d1A19-portal-420x245.jpg\" alt=\"Enrique Pe\u00f1a Nieto participar\u00e1 en dos cumbres en la ONU que son de gran relevancia para M\u00e9xico.\" width=\"420\" height=\"245\" srcset=\"https:\/\/www.diarioimagen.net\/wp-content\/uploads\/2016\/09\/PE\u00d1A19-portal-420x245.jpg 420w, https:\/\/www.diarioimagen.net\/wp-content\/uploads\/2016\/09\/PE\u00d1A19-portal-240x140.jpg 240w, https:\/\/www.diarioimagen.net\/wp-content\/uploads\/2016\/09\/PE\u00d1A19-portal.jpg 480w\" sizes=\"auto, (max-width: 420px) 100vw, 420px\" \/><\/a><p id=\"caption-attachment-289453\" class=\"wp-caption-text\">Enrique Pe\u00f1a Nieto participar\u00e1 en dos cumbres en la ONU que son de gran relevancia para M\u00e9xico.<\/p><\/div>\n<p>&nbsp;<\/p>\n<p>El presidente Enrique Pe\u00f1a Nieto viaja a Nueva York para participar en dos cumbres de gran relevancia para M\u00e9xico: la de L\u00edderes sobre Refugiados y la Reuni\u00f3n de Alto Nivel para atender los grandes movimientos de refugiados y migrantes.<\/p>\n<p>En este viaje que concluir\u00e1 el pr\u00f3ximo 20 de septiembre, el jefe del Ejecutivo tambi\u00e9n desahogar\u00e1 actividades asociadas con la agenda multilateral de las Naciones Unidas y bilateral con pa\u00edses prioritarios para M\u00e9xico.<\/p>\n<p>Pe\u00f1a Nieto tambi\u00e9n participar\u00e1 en el Debate General del 71 Periodo Ordinario de Sesiones de la Asamblea General de la Organizaci\u00f3n de las Naciones Unidas (ONU), donde presentar\u00e1 las prioridades de M\u00e9xico en materia de pol\u00edtica exterior y multilateral.<\/p>\n<p>Junto con los Jefes de Estado de Alemania, Canad\u00e1, Estados Unidos, Etiop\u00eda, Jordania, Suecia, y el secretario general de las Naciones Unidas, Ban Ki-moon, el presidente mexicano ser\u00e1 coanfitri\u00f3n de la Cumbre de L\u00edderes Sobre Refugiados.<\/p>\n<p>El objetivo de la cumbre es generar la voluntad pol\u00edtica necesaria para dar respuesta a los retos globales actuales en materia de refugio, mediante compromisos de la comunidad internacional en forma de financiamiento, de ampliaci\u00f3n de v\u00edas para el reasentamiento y expansi\u00f3n del acceso a la educaci\u00f3n y al empleo de los refugiados.<\/p>\n<p>En la Reuni\u00f3n de Alto Nivel para atender los grandes movimientos de refugiados y migrantes se adoptar\u00e1 una Declaraci\u00f3n pol\u00edtica, a fin de reiterar las contribuciones de este sector al desarrollo de las naciones y comenzar un proceso en la ONU para proteger sus derechos.<\/p>\n<p>Adem\u00e1s de presentar la posici\u00f3n de M\u00e9xico ante el plenario, el presidente Pe\u00f1a Nieto presidir\u00e1 con su hom\u00f3logo de Italia una mesa tem\u00e1tica sobre el Pacto Global para la migraci\u00f3n segura, regular y ordenada, inform\u00f3 la Secretar\u00eda de Relaciones Exteriores (SRE) en un comunicado.<\/p>\n<p>La copresidencia es un reconocimiento al papel de M\u00e9xico durante las negociaciones de la Agenda 2030 para el Desarrollo Sostenible con la finalidad de incluir una referencia sobre las contribuciones de los migrantes al desarrollo de los pa\u00edses.<\/p>\n<p>En este marco, el Pe\u00f1a Nieto sostendr\u00e1 encuentros bilaterales con pa\u00edses prioritarios para M\u00e9xico, as\u00ed como con inversionistas estadounidenses, lo que permitir\u00e1 fortalecer las relaciones con el mundo y atraer oportunidades de inversi\u00f3n en territorio nacional.<\/p>\n<p>La participaci\u00f3n de M\u00e9xico en estas cumbres permitir\u00e1 consolidar su papel frente a los grandes retos, sobre todo en materia de los grandes movimientos de migrantes y refugiados y tambi\u00e9n ser\u00e1 una oportunidad para anunciar nuevos compromisos y compartir con el resto de los pa\u00edses las acciones que se instrumentan en este sentido en el \u00e1mbito interno.<\/p>\n<p>Durante este viaje a Estados Unidos, Pe\u00f1a Nieto estar\u00e1 acompa\u00f1ado por los secretarios de Relaciones Exteriores, Claudia Ruiz Massieu; de Hacienda, Jos\u00e9 Antonio Meade; de Econom\u00eda, Ildefonso Guajardo; de Medio Ambiente, Rafael Pacchiano.<\/p>\n<p>Adem\u00e1s de los subsecretarios para Asuntos Multilaterales y Derechos Humanos, Miguel Ruiz Caba\u00f1as; para Am\u00e9rica del Norte, Paulo Carre\u00f1o King, y el representante permanente de M\u00e9xico ante la ONU, Juan Jos\u00e9 G\u00f3mez Camacho.<\/p>\n<p style=\"text-align: center;\"><strong>Examinar\u00e1 crisis de refugiados<\/strong><\/p>\n<p>La Asamblea General de la ONU, la m\u00e1xima congregaci\u00f3n internacional de jefes de Estado y de gobierno, enfocar\u00e1 su sesi\u00f3n de este a\u00f1o a ofrecer soluciones a uno de los problemas globales m\u00e1s acuciantes de la actualidad: la crisis de los refugiados.<\/p>\n","protected":false},"excerpt":{"rendered":"<p>El presidente Enrique Pe\u00f1a Nieto viaja a Nueva York para participar en dos cumbres de gran relevancia para M\u00e9xico: la de L\u00edderes sobre Refugiados y la Reuni\u00f3n de Alto Nivel para atender los grandes movimientos de refugiados y migrantes.<\/p>\n","protected":false},"author":5,"featured_media":289453,"comment_status":"open","ping_status":"open","sticky":false,"template":"","format":"standard","meta":{"_monsterinsights_skip_tracking":false,"_monsterinsights_sitenote_active":false,"_monsterinsights_sitenote_note":"","_monsterinsights_sitenote_category":0,"footnotes":""},"categories":[3],"tags":[18,26466,10383,43673,617],"class_list":["post-289452","post","type-post","status-publish","format-standard","has-post-thumbnail","hentry","category-nacional","tag-enrique-pena-nieto","tag-ildefonso-guajardo","tag-migrantes","tag-nacional","tag-onu"],"_links":{"self":[{"href":"https:\/\/www.diarioimagen.net\/index.php?rest_route=\/wp\/v2\/posts\/289452","targetHints":{"allow":["GET"]}}],"collection":[{"href":"https:\/\/www.diarioimagen.net\/index.php?rest_route=\/wp\/v2\/posts"}],"about":[{"href":"https:\/\/www.diarioimagen.net\/index.php?rest_route=\/wp\/v2\/types\/post"}],"author":[{"embeddable":true,"href":"https:\/\/www.diarioimagen.net\/index.php?rest_route=\/wp\/v2\/users\/5"}],"replies":[{"embeddable":true,"href":"https:\/\/www.diarioimagen.net\/index.php?rest_route=%2Fwp%2Fv2%2Fcomments&post=289452"}],"version-history":[{"count":0,"href":"https:\/\/www.diarioimagen.net\/index.php?rest_route=\/wp\/v2\/posts\/289452\/revisions"}],"wp:featuredmedia":[{"embeddable":true,"href":"https:\/\/www.diarioimagen.net\/index.php?rest_route=\/wp\/v2\/media\/289453"}],"wp:attachment":[{"href":"https:\/\/www.diarioimagen.net\/index.php?rest_route=%2Fwp%2Fv2%2Fmedia&parent=289452"}],"wp:term":[{"taxonomy":"category","embeddable":true,"href":"https:\/\/www.diarioimagen.net\/index.php?rest_route=%2Fwp%2Fv2%2Fcategories&post=289452"},{"taxonomy":"post_tag","embeddable":true,"href":"https:\/\/www.diarioimagen.net\/index.php?rest_route=%2Fwp%2Fv2%2Ftags&post=289452"}],"curies":[{"name":"wp","href":"https:\/\/api.w.org\/{rel}","templated":true}]}}