{"id":289520,"date":"2016-09-19T00:03:14","date_gmt":"2016-09-19T05:03:14","guid":{"rendered":"http:\/\/www.diarioimagen.net\/?p=289520"},"modified":"2016-09-19T05:01:52","modified_gmt":"2016-09-19T10:01:52","slug":"recibira-metepec-el-premio-estatal-de-contraloria-social","status":"publish","type":"post","link":"https:\/\/www.diarioimagen.net\/?p=289520","title":{"rendered":"Recibir\u00e1 Metepec el premio estatal de Contralor\u00eda Social"},"content":{"rendered":"<ul>\n<li><strong><em>Compromiso con transparencia y rendici\u00f3n de cuentas<\/em><\/strong><\/li>\n<\/ul>\n<p>&nbsp;<\/p>\n<div id=\"attachment_289596\" style=\"width: 430px\" class=\"wp-caption aligncenter\"><a href=\"http:\/\/www.diarioimagen.net\/?attachment_id=289596\" rel=\"attachment wp-att-289596\"><img loading=\"lazy\" decoding=\"async\" aria-describedby=\"caption-attachment-289596\" class=\"size-large wp-image-289596\" src=\"http:\/\/www.diarioimagen.net\/wp-content\/uploads\/2016\/09\/METEPEC-2956-420x280.jpg\" alt=\"Por cada obra p\u00fablica el gobierno municipal involucra a vecinos para corroborar uso y aplicaci\u00f3n eficaz de recursos p\u00fablicos.\" width=\"420\" height=\"280\" srcset=\"https:\/\/www.diarioimagen.net\/wp-content\/uploads\/2016\/09\/METEPEC-2956-420x280.jpg 420w, https:\/\/www.diarioimagen.net\/wp-content\/uploads\/2016\/09\/METEPEC-2956-240x160.jpg 240w, https:\/\/www.diarioimagen.net\/wp-content\/uploads\/2016\/09\/METEPEC-2956.jpg 700w\" sizes=\"auto, (max-width: 420px) 100vw, 420px\" \/><\/a><p id=\"caption-attachment-289596\" class=\"wp-caption-text\">Por cada obra p\u00fablica el gobierno municipal involucra a vecinos para corroborar uso y aplicaci\u00f3n eficaz de recursos p\u00fablicos.<\/p><\/div>\n<p>&nbsp;<\/p>\n<p><strong>Metepec, Estado de M\u00e9xico<\/strong>.-\u00a0El gobierno de Metepec recibir\u00e1 el Premio Estatal de Contralor\u00eda Social 2016, por buenas pr\u00e1cticas y constituir de forma permanente la figura de vigilantes ciudadanos que supervisan la ejecuci\u00f3n de obra p\u00fablica.<\/p>\n<p>El reconocimiento que ser\u00e1 otorgado por la Secretar\u00eda de la Contralor\u00eda del Gobierno del Estado de M\u00e9xico, se sustenta en la correcta y eficaz conformaci\u00f3n del Comit\u00e9 Ciudadano de Control y Vigilancia que observ\u00f3 la realizaci\u00f3n puntual de la Unidad Deportiva de San Bartolom\u00e9 Tlaltelulco.<\/p>\n<p>De acuerdo con el contralor municipal, Alberto Lozano Garc\u00eda, la constituci\u00f3n de la figura de Contralores Sociales en Metepec, es una pr\u00e1ctica com\u00fan en la administraci\u00f3n del alcalde David L\u00f3pez C\u00e1rdenas, toda vez que su presencia es fundamental en el ejercicio de gobierno para corroborar, de forma personal, toda la obra p\u00fablica que se lleva a cabo en la demarcaci\u00f3n con recursos tanto federal, como estatal y municipal.<\/p>\n<p>\u201cEn congruencia con la pol\u00edtica de involucrar y decidir las acciones de gobierno con la ciudadan\u00eda, es que recobra relevancia el hecho de la participaci\u00f3n social, es decir, en la actualidad un gobierno responsable y moderno, no puede prescindir de la intervenci\u00f3n de la ciudadan\u00eda, pues todo lo que se lleva a cabo, proyectos y acciones, son en beneficio de la colectividad que no debe esta ajena a estas decisiones\u201d, destac\u00f3 el funcionario.<\/p>\n<p>Lozano Garc\u00eda refiri\u00f3 que en este momento se ejecutan m\u00e1s de 20 obras diversas en la demarcaci\u00f3n y para cada una de ellas, se cuenta con un Comit\u00e9 Ciudadano, quien tiene, previa realizaci\u00f3n de la obra, la ficha t\u00e9cnica y el relieve exacto de los tiempos, materiales y acciones a realizar y que son ellos mismos quienes dan cuenta de su correcta aplicaci\u00f3n, desde luego, dijo, con intervenci\u00f3n permanente de la propia Contralor\u00eda Municipal y personal de la direcci\u00f3n de Obras P\u00fablicas, para dar cuenta fehaciente de la realizaci\u00f3n correcta de los trabajos.<\/p>\n<p>En caso de existir una irregularidad, las empresas participantes en la construcci\u00f3n de infraestructura, est\u00e1n obligadas por ley a reparar las consideraciones a que haya lugar, lo que estim\u00f3, \u201ces una pr\u00e1ctica saludable que al final logra el objetivo principal: el beneficio para la ciudadan\u00eda\u201d.<\/p>\n<p>Agreg\u00f3 que se alista nuevamente la participaci\u00f3n de Metepec en este rubro para el concurso del presente a\u00f1o, pues es un aliciente que obliga a mejorar los procesos de inclusi\u00f3n ciudadana.<\/p>\n<p>&nbsp;<\/p>\n","protected":false},"excerpt":{"rendered":"<p>El gobierno de Metepec recibir\u00e1 el Premio Estatal de Contralor\u00eda Social 2016, por buenas pr\u00e1cticas y constituir de forma permanente la figura de vigilantes ciudadanos que supervisan la ejecuci\u00f3n de obra p\u00fablica.<\/p>\n","protected":false},"author":3,"featured_media":289596,"comment_status":"open","ping_status":"open","sticky":false,"template":"","format":"standard","meta":{"_monsterinsights_skip_tracking":false,"_monsterinsights_sitenote_active":false,"_monsterinsights_sitenote_note":"","_monsterinsights_sitenote_category":0,"footnotes":""},"categories":[35155],"tags":[43675,876],"class_list":["post-289520","post","type-post","status-publish","format-standard","has-post-thumbnail","hentry","category-estado-de-mexico-estado-de-mexico","tag-estado-de-mexico","tag-metepec"],"_links":{"self":[{"href":"https:\/\/www.diarioimagen.net\/index.php?rest_route=\/wp\/v2\/posts\/289520","targetHints":{"allow":["GET"]}}],"collection":[{"href":"https:\/\/www.diarioimagen.net\/index.php?rest_route=\/wp\/v2\/posts"}],"about":[{"href":"https:\/\/www.diarioimagen.net\/index.php?rest_route=\/wp\/v2\/types\/post"}],"author":[{"embeddable":true,"href":"https:\/\/www.diarioimagen.net\/index.php?rest_route=\/wp\/v2\/users\/3"}],"replies":[{"embeddable":true,"href":"https:\/\/www.diarioimagen.net\/index.php?rest_route=%2Fwp%2Fv2%2Fcomments&post=289520"}],"version-history":[{"count":0,"href":"https:\/\/www.diarioimagen.net\/index.php?rest_route=\/wp\/v2\/posts\/289520\/revisions"}],"wp:featuredmedia":[{"embeddable":true,"href":"https:\/\/www.diarioimagen.net\/index.php?rest_route=\/wp\/v2\/media\/289596"}],"wp:attachment":[{"href":"https:\/\/www.diarioimagen.net\/index.php?rest_route=%2Fwp%2Fv2%2Fmedia&parent=289520"}],"wp:term":[{"taxonomy":"category","embeddable":true,"href":"https:\/\/www.diarioimagen.net\/index.php?rest_route=%2Fwp%2Fv2%2Fcategories&post=289520"},{"taxonomy":"post_tag","embeddable":true,"href":"https:\/\/www.diarioimagen.net\/index.php?rest_route=%2Fwp%2Fv2%2Ftags&post=289520"}],"curies":[{"name":"wp","href":"https:\/\/api.w.org\/{rel}","templated":true}]}}