{"id":289522,"date":"2016-09-19T00:02:09","date_gmt":"2016-09-19T05:02:09","guid":{"rendered":"http:\/\/www.diarioimagen.net\/?p=289522"},"modified":"2016-09-19T06:43:21","modified_gmt":"2016-09-19T11:43:21","slug":"reparten-paquetes-de-carne-en-colonias-populares-de-naucalpan","status":"publish","type":"post","link":"https:\/\/www.diarioimagen.net\/?p=289522","title":{"rendered":"Reparten paquetes de carne en colonias populares de Naucalpan"},"content":{"rendered":"<p><strong><a href=\"http:\/\/www.diarioimagen.net\/?attachment_id=289600\" rel=\"attachment wp-att-289600\"><img loading=\"lazy\" decoding=\"async\" class=\"aligncenter wp-image-289600\" src=\"http:\/\/www.diarioimagen.net\/wp-content\/uploads\/2016\/09\/NAUCALPAN-2956-135x240.jpg\" alt=\"naucalpan-2956\" width=\"420\" height=\"747\" srcset=\"https:\/\/www.diarioimagen.net\/wp-content\/uploads\/2016\/09\/NAUCALPAN-2956-135x240.jpg 135w, https:\/\/www.diarioimagen.net\/wp-content\/uploads\/2016\/09\/NAUCALPAN-2956-236x420.jpg 236w, https:\/\/www.diarioimagen.net\/wp-content\/uploads\/2016\/09\/NAUCALPAN-2956.jpg 720w\" sizes=\"auto, (max-width: 420px) 100vw, 420px\" \/><\/a><\/strong><\/p>\n<p><strong>Naucalpan, Estado de M\u00e9xico<\/strong>.<strong>&#8211; <\/strong>A nombre del gobernador del Estado de M\u00e9xico, Eruviel \u00c1vila Villegas, el presidente de la asociaci\u00f3n civil Naucalpan es Progreso, Gustavo Parra S\u00e1nchez, hizo entrega de una tonelada de carne de res distribuida en portafolios de dos kilos, a personas\u00a0 de la tercera edad que habita en zonas populares de la demarcaci\u00f3n, los cuales agradecieron el apoyo otorgado por el gobierno mexiquense exhortando a que sigan trabajando en beneficio de los pobladores.<\/p>\n<p>&nbsp;<\/p>\n","protected":false},"excerpt":{"rendered":"<p>A nombre del gobernador del Estado de M\u00e9xico, Eruviel \u00c1vila Villegas, el presidente de la asociaci\u00f3n civil Naucalpan es Progreso, Gustavo Parra S\u00e1nchez, hizo entrega de una tonelada de carne de res distribuida en portafolios de dos kilos, a personas  de la tercera edad que habita en zonas populares de la demarcaci\u00f3n, los cuales agradecieron el apoyo otorgado por el gobierno mexiquense exhortando a que sigan trabajando en beneficio de los pobladores.<\/p>\n","protected":false},"author":3,"featured_media":289612,"comment_status":"open","ping_status":"open","sticky":false,"template":"","format":"standard","meta":{"_monsterinsights_skip_tracking":false,"_monsterinsights_sitenote_active":false,"_monsterinsights_sitenote_note":"","_monsterinsights_sitenote_category":0,"footnotes":""},"categories":[35155],"tags":[21614,43675,970],"class_list":["post-289522","post","type-post","status-publish","format-standard","has-post-thumbnail","hentry","category-estado-de-mexico-estado-de-mexico","tag-carne","tag-estado-de-mexico","tag-naucalpan"],"_links":{"self":[{"href":"https:\/\/www.diarioimagen.net\/index.php?rest_route=\/wp\/v2\/posts\/289522","targetHints":{"allow":["GET"]}}],"collection":[{"href":"https:\/\/www.diarioimagen.net\/index.php?rest_route=\/wp\/v2\/posts"}],"about":[{"href":"https:\/\/www.diarioimagen.net\/index.php?rest_route=\/wp\/v2\/types\/post"}],"author":[{"embeddable":true,"href":"https:\/\/www.diarioimagen.net\/index.php?rest_route=\/wp\/v2\/users\/3"}],"replies":[{"embeddable":true,"href":"https:\/\/www.diarioimagen.net\/index.php?rest_route=%2Fwp%2Fv2%2Fcomments&post=289522"}],"version-history":[{"count":0,"href":"https:\/\/www.diarioimagen.net\/index.php?rest_route=\/wp\/v2\/posts\/289522\/revisions"}],"wp:featuredmedia":[{"embeddable":true,"href":"https:\/\/www.diarioimagen.net\/index.php?rest_route=\/wp\/v2\/media\/289612"}],"wp:attachment":[{"href":"https:\/\/www.diarioimagen.net\/index.php?rest_route=%2Fwp%2Fv2%2Fmedia&parent=289522"}],"wp:term":[{"taxonomy":"category","embeddable":true,"href":"https:\/\/www.diarioimagen.net\/index.php?rest_route=%2Fwp%2Fv2%2Fcategories&post=289522"},{"taxonomy":"post_tag","embeddable":true,"href":"https:\/\/www.diarioimagen.net\/index.php?rest_route=%2Fwp%2Fv2%2Ftags&post=289522"}],"curies":[{"name":"wp","href":"https:\/\/api.w.org\/{rel}","templated":true}]}}