{"id":289554,"date":"2016-09-19T00:10:02","date_gmt":"2016-09-19T05:10:02","guid":{"rendered":"http:\/\/www.diarioimagen.net\/?p=289554"},"modified":"2016-09-19T06:51:56","modified_gmt":"2016-09-19T11:51:56","slug":"constituyentes-polarizados","status":"publish","type":"post","link":"https:\/\/www.diarioimagen.net\/?p=289554","title":{"rendered":"Constituyentes polarizados"},"content":{"rendered":"<h2>Tras la puerta del poder<\/h2>\n<h5>Roberto Vizca\u00edno<\/h5>\n<p>&nbsp;<\/p>\n<div id=\"attachment_289626\" style=\"width: 430px\" class=\"wp-caption aligncenter\"><a href=\"http:\/\/www.diarioimagen.net\/?attachment_id=289626\" rel=\"attachment wp-att-289626\"><img loading=\"lazy\" decoding=\"async\" aria-describedby=\"caption-attachment-289626\" class=\"size-large wp-image-289626\" src=\"http:\/\/www.diarioimagen.net\/wp-content\/uploads\/2016\/09\/los-olvidados-RAMON-2956-420x324.jpg\" alt=\"Los olivdados... | Ram\u00f3n\" width=\"420\" height=\"324\" srcset=\"https:\/\/www.diarioimagen.net\/wp-content\/uploads\/2016\/09\/los-olvidados-RAMON-2956-420x324.jpg 420w, https:\/\/www.diarioimagen.net\/wp-content\/uploads\/2016\/09\/los-olvidados-RAMON-2956-240x185.jpg 240w, https:\/\/www.diarioimagen.net\/wp-content\/uploads\/2016\/09\/los-olvidados-RAMON-2956-768x593.jpg 768w, https:\/\/www.diarioimagen.net\/wp-content\/uploads\/2016\/09\/los-olvidados-RAMON-2956.jpg 1200w\" sizes=\"auto, (max-width: 420px) 100vw, 420px\" \/><\/a><p id=\"caption-attachment-289626\" class=\"wp-caption-text\">Los olivdados&#8230; | Ram\u00f3n<\/p><\/div>\n<p>&nbsp;<\/p>\n<p>El jueves pasado, en medios del caos y la protesta \u201clopezobradorista\u201d, naci\u00f3 formalmente la Primera Asamblea Constituyente de la Ciudad de M\u00e9xico.<\/p>\n<p>Sus 100 diputados (de los cuales s\u00f3lo acudieron 94), deber\u00e1n elaborar y promulgar antes del 30 de enero pr\u00f3ximo en la vieja casona del Senado en la calle de Xicot\u00e9ncatl, la primera Constituci\u00f3n de esta nueva entidad (que no estado) para terminar de transformar al antiguo DF en Ciudad de M\u00e9xico.<\/p>\n<p>Durante el acto, en el cual el bloque formado en autom\u00e1tico por todos los diputados que no son de Morena, unos 78, se eligi\u00f3 al muy viejo pri\u00edsta (87 a\u00f1os de edad y miles de experiencia pol\u00edtica), Augusto G\u00f3mez Villanueva, como presidente de la mesa de instalaci\u00f3n.<\/p>\n<p>Esta decisi\u00f3n provoc\u00f3 el primer choque entre los 22 diputados de Morena (es decir, de Andr\u00e9s Manuel L\u00f3pez Obrador) con los 78 del resto del grupo.<\/p>\n<p>Los \u201clopezobradoristas\u201d buscaron colocar en la presidencia al ex panista Bernardo B\u00e1tiz y anular la reforma constitucional que dio vida a la propia Asamblea Constituyente de la que los morenistas forman parte, para que s\u00f3lo quedaran los 60 diputados electos y se anulara la participaci\u00f3n de los 40 designados.<\/p>\n<p>Sin cumplir con los requisitos establecidos, B\u00e1tiz se qued\u00f3 solo como vicepresidente y sin cumplir con las atribuciones para modificar la composici\u00f3n de la Asamblea, G\u00f3mez Villanueva simplemente ignor\u00f3 la exigencia de anular a los diputados designados.<\/p>\n<p>As\u00ed el pri\u00edsta conducir\u00e1 al grupo constituyente hasta que se apruebe el reglamento interno que normar\u00e1 los trabajos y conductas de los asamble\u00edstas y se designe, por voto de mayor\u00eda, al presidente formal que continuar\u00e1 en la direcci\u00f3n de los trabajos del Constituyente capitalino.<\/p>\n<p>Hasta aqu\u00ed todo camin\u00f3. Pero el desarrollo del inicio (y como origen es destino) todo indica que AMLO jugar\u00e1 su eterno papel de saboteador.<\/p>\n<p>Sus 22 diputados est\u00e1n ah\u00ed para obstruir a los 78 que surgen del resto de los partidos (PRI, PAN, PRD, PVE, PES, MC, Panal y PT); de las c\u00e1maras de Diputados y Senadores y quienes representan al gobierno federal y al capitalino.<\/p>\n<p>Una integraci\u00f3n que fue aprobada luego de muchos debates por el Congreso, para guardar los equilibrios de las fuerzas que interact\u00faan en la Ciudad de M\u00e9xico.<\/p>\n<p>Es as\u00ed que en los siguientes d\u00edas, semanas, meses usted ver\u00e1 c\u00f3mo los morenistas toman tribunas, se enredan en debates con temas absurdos, bloquean puertas, y votan siempre por el no porque esa es la esencia de su \u00bfdue\u00f1o? El mism\u00edsimo L\u00f3pez Obrador.<\/p>\n<p>En el fondo es simple y llanamente una confrontaci\u00f3n de fuerzas del tabasque\u00f1o contra el resto del mundo, contra aquellos a quienes odia y desde\u00f1a, a quienes no considera dignos de estar en su mesa de negociaci\u00f3n, si es que tiene alguna.<\/p>\n<p>Pero la confrontaci\u00f3n estar\u00e1 dirigida esencialmente contra de AMLO y sus huestes ilustradas hacia dos puntos: contra todo lo que signifique algo con respecto a Miguel \u00c1ngel Mancera y contra Enrique Pe\u00f1a Nieto.<\/p>\n<p>Y en esas informaciones ver\u00e1 usted alguno de los siguientes nombres:<\/p>\n<p>Irma Sandoval, Bernardo B\u00e1tiz, Bertha Luj\u00e1n, Bruno Bichir, Clara Brugada, Carlos Pay\u00e1n, Lilia Rossbach, Jaime C\u00e1rdenas, Patricia Ort\u00edz, Mardonio Carballo, Gabriela Rodr\u00edguez, Javier Quijano, Margarita Vald\u00e9s, H\u00e9ctor Bonilla, Elvira Daniel, Ra\u00fal Bautista, Consuelo S\u00e1nchez, Fabrizio Mej\u00eda, Patricia Ruiz Ancohondo, Dami\u00e1n Alc\u00e1zar, Mayela Delgadillo y Javier Jim\u00e9nez Espri\u00fa.<\/p>\n<p>Ya B\u00e1tiz, Quijano, C\u00e1rdenas y un grupo esencialmente de mujeres, fueron quienes armaron el sainete del inicio de labores.<\/p>\n<p>Esto ocurrir\u00e1 m\u00e1s pronto de lo que se imagina, porque ma\u00f1ana est\u00e1 citada la primera sesi\u00f3n formal de los constituyentes a fin de adelantar el m\u00e9todo para elaborar el reglamento interno que los regir\u00e1.<\/p>\n<p>En un caj\u00f3n, esperar\u00e1 por mientras el documento base entregado el jueves por el Jefe de Gobierno Miguel \u00c1ngel Mancera, del cual surgir\u00e1 la Constituci\u00f3n a elaborar.<\/p>\n<p><strong>UN POCO DE M\u00c1S DE LO MISMO<\/strong><\/p>\n<p>Enojado permanente con la vida, Andr\u00e9s Manuel L\u00f3pez Obrador enfureci\u00f3 durante los \u00faltimos d\u00edas contra el diario Exc\u00e9lsior y sus due\u00f1os, los V\u00e1zquez Ra\u00f1a, por haberle arrebatado la exclusividad como batuta de juzgador moral de los dem\u00e1s, y publicado una serie de reportajes sobre el rancho chiapaneco \u201cLa Chingada\u201d, que le heredaron sus padres y que \u00e9l a su vez ha escriturado a sus hijos pero condicionado a que no lo puedan ocupar sino hasta que \u00e9l muera, ya que mientras tanto, en los hechos, \u00e9l es el \u00fanico que puede hacer y deshacer en ese predio\u2026 lo que es lo mismo a ser el due\u00f1o de algo no?<\/p>\n<p>Una simulaci\u00f3n simple y llana, pues.El peque\u00f1o detalle es que \u00e9l no report\u00f3 esa propiedad en sus declaraciones. Ni en las viejas ni las nuevas.<\/p>\n<p>\u00bfCu\u00e1ntas m\u00e1s de estas propiedades, o recursos, habr\u00e1 escondidas bajo su manto de mes\u00edas tropical?<\/p>\n<p>Al tabasque\u00f1o, quien ya antes ha sido exhibido como mentiroso y corrupto \u2014nom\u00e1s habr\u00eda que recordar aquel asunto de su muy oscura fundaci\u00f3n \u201cHonestidad Valiente\u201d que no era ni lo uno ni lo otro y que serv\u00eda para canalizar moches millonarios y dineros tenebrosos a su ya largu\u00edsima campa\u00f1a presidencial de al menos 16 a\u00f1os-, mont\u00f3 en c\u00f3lera por los reportajes realizados por Andr\u00e9s Becerril para Exc\u00e9lsior.<\/p>\n<p>Bueno para contra-atacar pero no para dar explicaciones, don peje le tundi\u00f3 de inmediato al diario y sus propietarios actuales con el siguiente twitt:<\/p>\n<p>\u201cOlegario V\u00e1zquez Ra\u00f1a e hijo, que encarnan la corrupci\u00f3n, me atacan en su inmundo pasqu\u00edn por la quinta que hered\u00e9 de mis padres en Palanque\u201d.<\/p>\n<p>La l\u00f3gica es simple en el mundo de los pillos: si el que acusa es pillo mayor, entonces las piller\u00edas menores no cuentan.<\/p>\n<p>En el ataque AMLO se autocalifica.<\/p>\n<p>Pero no todo queda ah\u00ed. No. AMLO anda verdaderamente enchilado por las publicaciones de Exc\u00e9lsior.<\/p>\n<p>En otro twitt dice:<\/p>\n<p>\u201cImag\u00ednense que ellos presentan la 3de3 y nos dijeran c\u00f3mo se arreglaron con Fox para recibir concesiones, incluida la \u201ccompra\u201d de ese inmundo pasqu\u00edn\u201d.<\/p>\n<p>La conclusi\u00f3n es la misma: si quien se\u00f1ala es m\u00e1s pillo, entonces no tiene derecho a cuestionar a otro pillo. \u00a1Vaya auto-defensa!<\/p>\n<p>Ni qu\u00e9 decir que en este contexto otros dirigentes partidarios, empresarios, l\u00edderes sociales y hasta simpatizantes del due\u00f1o de Morena, coincidieron en que AMLO vuelve a mostrarse en esta confrontaci\u00f3n como lo que siempre ha sido, es y ser\u00e1, porque eso es estructural: autoritario, intolerante, violento, mentiroso.<\/p>\n<p>Y nos quejamos por los pronunciamientos y actitudes de Donald Trump.<\/p>\n<p>Por lo pronto todo el asunto revivi\u00f3 el reto a un debate p\u00fablico del presidente del PRI, del tecn\u00f3crata Enrique Ochoa Reza a L\u00f3pez Obrador.<\/p>\n<p>El dirigente tricolor indic\u00f3 que AMLO viola todas las normas de civilidad y pol\u00edtica al atacar como lo hace a due\u00f1os de medios y a los propios medios y los expone a reacciones de violencia e insospechadas de la jaur\u00eda en que se han convertido algunos de sus seguidores.<\/p>\n<p>El tabasque\u00f1o rompe, dijo el pri\u00edsta, con todo l\u00edmite de apego a la ley y de una convivencia democr\u00e1tica, plural respetuosa.<\/p>\n<p>Record\u00f3 que no hace apenas semanas AMLO descalific\u00f3 en otro twitt al Instituto Tecnol\u00f3gico Aut\u00f3nomo de M\u00e9xico, el ITAM, y a sus egresados al calificar a esta escuela como formadora de tecn\u00f3cratas que se dedican a hacerle mal a M\u00e9xico y a los mexicanos.<\/p>\n<p>\u201c\u2026 lo suyo es la descalificaci\u00f3n constante a quienes piensan distinto a \u00e9l y a las instituciones cuyo trabajo desprecia sin raz\u00f3n\u201d.<\/p>\n<p>Al Instituto Mexicano de la Competitividad, el IMCO, que recibe y califica las 3de3 lo se\u00f1al\u00f3 como un instrumento de \u201cla mafia en el poder\u201d. Al diario Reforma lo acusa de publicar encuestas \u201ccopeteadas\u201d, es decir surgidas de la corrupci\u00f3n.<\/p>\n<p>Y as\u00ed\u2026<\/p>\n<p><em><a href=\"mailto:rvizcainoa@gmail.com\" target=\"_blank\">vizcainoa@gmail.com<\/a><\/em><br \/>\n<em><a href=\"http:\/\/www.endirecto.com.mx\/\" target=\"_blank\">www.endirecto.com.mx<\/a><\/em><br \/>\n<em><a href=\"https:\/\/twitter.com\/_rvizcaino\" target=\"_blank\">@_RVizcaino<\/a><\/em><br \/>\n<a href=\"https:\/\/www.facebook.com\/rvizcainoa\" target=\"_blank\">f<em>acebook.com\/rvizcainoa<\/em><\/a><\/p>\n","protected":false},"excerpt":{"rendered":"<p><span style=\"color: #005497;\"><strong>Roberto Vizca\u00edno<\/strong><\/span><br \/>\n<br \/>\nEl jueves pasado, en medios del caos y la protesta \u201clopezobradorista\u201d, naci\u00f3 formalmente la Primera Asamblea Constituyente de la Ciudad de M\u00e9xico.<\/p>\n","protected":false},"author":3,"featured_media":289626,"comment_status":"open","ping_status":"open","sticky":false,"template":"","format":"standard","meta":{"_monsterinsights_skip_tracking":false,"_monsterinsights_sitenote_active":false,"_monsterinsights_sitenote_note":"","_monsterinsights_sitenote_category":0,"footnotes":""},"categories":[136],"tags":[43674,93,94],"class_list":["post-289554","post","type-post","status-publish","format-standard","has-post-thumbnail","hentry","category-roberto-vizcaino-opinion","tag-opinion","tag-roberto-vizcaino","tag-tras-la-puerta-del-poder"],"_links":{"self":[{"href":"https:\/\/www.diarioimagen.net\/index.php?rest_route=\/wp\/v2\/posts\/289554","targetHints":{"allow":["GET"]}}],"collection":[{"href":"https:\/\/www.diarioimagen.net\/index.php?rest_route=\/wp\/v2\/posts"}],"about":[{"href":"https:\/\/www.diarioimagen.net\/index.php?rest_route=\/wp\/v2\/types\/post"}],"author":[{"embeddable":true,"href":"https:\/\/www.diarioimagen.net\/index.php?rest_route=\/wp\/v2\/users\/3"}],"replies":[{"embeddable":true,"href":"https:\/\/www.diarioimagen.net\/index.php?rest_route=%2Fwp%2Fv2%2Fcomments&post=289554"}],"version-history":[{"count":0,"href":"https:\/\/www.diarioimagen.net\/index.php?rest_route=\/wp\/v2\/posts\/289554\/revisions"}],"wp:featuredmedia":[{"embeddable":true,"href":"https:\/\/www.diarioimagen.net\/index.php?rest_route=\/wp\/v2\/media\/289626"}],"wp:attachment":[{"href":"https:\/\/www.diarioimagen.net\/index.php?rest_route=%2Fwp%2Fv2%2Fmedia&parent=289554"}],"wp:term":[{"taxonomy":"category","embeddable":true,"href":"https:\/\/www.diarioimagen.net\/index.php?rest_route=%2Fwp%2Fv2%2Fcategories&post=289554"},{"taxonomy":"post_tag","embeddable":true,"href":"https:\/\/www.diarioimagen.net\/index.php?rest_route=%2Fwp%2Fv2%2Ftags&post=289554"}],"curies":[{"name":"wp","href":"https:\/\/api.w.org\/{rel}","templated":true}]}}