{"id":289556,"date":"2016-09-19T00:09:56","date_gmt":"2016-09-19T05:09:56","guid":{"rendered":"http:\/\/www.diarioimagen.net\/?p=289556"},"modified":"2016-09-20T03:41:01","modified_gmt":"2016-09-20T08:41:01","slug":"se-acabo-el-tiempo-2","status":"publish","type":"post","link":"https:\/\/www.diarioimagen.net\/?p=289556","title":{"rendered":"\u201cSe acab\u00f3 el tiempo\u201d"},"content":{"rendered":"<h2>\u00cdndice pol\u00edtico<\/h2>\n<h5>Francisco Rodr\u00edguez<\/h5>\n<p>&nbsp;<\/p>\n<div id=\"attachment_289629\" style=\"width: 430px\" class=\"wp-caption aligncenter\"><a href=\"http:\/\/www.diarioimagen.net\/?attachment_id=289629\" rel=\"attachment wp-att-289629\"><img loading=\"lazy\" decoding=\"async\" aria-describedby=\"caption-attachment-289629\" class=\"size-large wp-image-289629\" src=\"http:\/\/www.diarioimagen.net\/wp-content\/uploads\/2016\/09\/futuro-juvenil-LUIS-XAVIER-2956-420x322.jpg\" alt=\"Futuro juvenil... | Luis Xavier\" width=\"420\" height=\"322\" srcset=\"https:\/\/www.diarioimagen.net\/wp-content\/uploads\/2016\/09\/futuro-juvenil-LUIS-XAVIER-2956-420x322.jpg 420w, https:\/\/www.diarioimagen.net\/wp-content\/uploads\/2016\/09\/futuro-juvenil-LUIS-XAVIER-2956-240x184.jpg 240w, https:\/\/www.diarioimagen.net\/wp-content\/uploads\/2016\/09\/futuro-juvenil-LUIS-XAVIER-2956-768x589.jpg 768w, https:\/\/www.diarioimagen.net\/wp-content\/uploads\/2016\/09\/futuro-juvenil-LUIS-XAVIER-2956.jpg 1200w\" sizes=\"auto, (max-width: 420px) 100vw, 420px\" \/><\/a><p id=\"caption-attachment-289629\" class=\"wp-caption-text\">Futuro juvenil&#8230; | Luis Xavier<\/p><\/div>\n<p>&nbsp;<\/p>\n<p>Las sentencias lapidarias del que despacha en Polanco, no en la Secretar\u00eda de Gobernaci\u00f3n, acerca de que \u201cse acaba el tiempo de la negociaci\u00f3n\u201d y \u201ctodo tiene un l\u00edmite\u201d \u2014usted la recuerda, supuestamente iban dirigidas a la CNTE\u2014, son dardos clavados como boomerangs en el coraz\u00f3n de un aparato de personas atrapadas en cuerpos de hombres y mujeres adultos.<\/p>\n<p>Nadie se acuerda un per\u00edodo sexenal que haya durado dos meses, como no hay alguien que apueste a que, en los escasos 12 meses que formalmente le quedan al gobierno para intentar siquiera voltear a ver los problemas nacionales, puedan alcanzarle, pues como dice el sabio refr\u00e1n: \u201cLo que no se hace en la ma\u00f1ana, menos en la noche\u201d.<\/p>\n<p>Porque el mandato no expira en noviembre del 2018, sino en el segundo semestre del a\u00f1o previo a las elecciones federales, esto es: en 2017, toda vez que para entonces los pr\u00f3ceres del \u201cprimer c\u00edrculo\u201d estar\u00e1n enfrascados en una lucha intestina, con pasiones y ambiciones desatadas por la banda tricolor, donde se dar\u00e1n hasta la cubeta, mientras el aparato funciona en autom\u00e1tico.<\/p>\n<p style=\"text-align: center;\"><strong>Por pena, volver\u00e1n a esconder a EPN<\/strong><\/p>\n<p>Este panorama, que es absolutamente comprobable en todos los sexenios del poder en M\u00e9xico, apunta que, para el mes de septiembre del 2017, a los pretendientes a \u201cla mano de Do\u00f1a Leonor\u201d, se les estar\u00e1n quemando las habas por acceder a un trono m\u00e1s magullado que un mango en invierno.<\/p>\n<p>Que mandar\u00e1n todas las encomiendas por un tubo. Que estar\u00e1n derrochando, como desde ahora, maletas repletas de dinero de nuestros impuestos, en pos no de una fantas\u00eda, sino de una quimera por participar como abanderados del PRI y lo poco que reste de sus aliados, en una aventura costos\u00edsima&#8230; e in\u00fatil.<\/p>\n<p>Que, m\u00e1s que ahora, se reactualizar\u00e1 el escenario de siempre: un Presidente m\u00e1s confinado, menos apoyado por sus contlapaches, culpable de todo, digno de recluirlo en el armario, y peor que ahora, m\u00e1s solo que un perro de ciego, m\u00e1s atolondrado, distra\u00eddo y err\u00e1tico que de costumbre. Les dar\u00e1 verg\u00fcenza presentarlo como su correligionario.<\/p>\n<p style=\"text-align: center;\"><strong>El panista Meade, \u00bfcandidato del PRI?<\/strong><\/p>\n<p>A pesar de que, en la lucha callejera, en todos los rincones del pa\u00eds, arreciaran las protestas, la represi\u00f3n, el asesinato, la tortura y la reclusi\u00f3n de los activistas, nadie pondr\u00e1 un gramo de esfuerzo. Todos los errores tratar\u00e1n de ser abonados al nuevo programa que ofrecer\u00e1 a la poblaci\u00f3n el nuevo elegido.<\/p>\n<p>Desde luego, las labores tendr\u00e1n que estar absolutamente a cargo de los gen\u00edzaros: polic\u00edas locales y federales, grupos paramilitares, ej\u00e9rcitos olivo y de la Marina, armados hasta los cascos, dispuestos a seguir obedeciendo los mandatos del ALCA y del Comando Norte gabachos.<\/p>\n<p>Nada ni nadie debe esperar soluciones atemperadas, menos ben\u00e9ficas a sus peticiones. Meade, precandidato imposible, seguir\u00e1 desde su posici\u00f3n en la SHCP dictando m\u00e1s aumentos de bienes y servicios \u2014las alzas en gasolina y luz son s\u00f3lo la puntita\u2014 y precipitando al vac\u00edo la vida nacional. S\u00f3lo engordando las alforjas para un retiro obligado,<\/p>\n<p>El presidente seguir\u00e1 jefaturando con nuestro dinero, la precampa\u00f1a del favorito Meade, pues las ilusiones de Osorio Chong y Aurelio Nu\u00f1o ya se fueron por el ca\u00f1o desde hace tiempo. El panista Meade ser\u00e1 quien lleve a ning\u00fan buen puerto la estafeta tricolor, y con ellos, arrastre la verg\u00fcenza eterna de sus militantes que otra vez deber\u00e1n entregar los b\u00e1rtulos.<\/p>\n<p>Pagando con nuestro dinero, otra vez, las menciones, medallas, l\u00edneas \u00e1gatas, reconocimientos que los pasquines neoyorkinos amarillos y sensacionalistas, est\u00e9n dispuestos a hacerle, a no tan m\u00f3dicos precios en d\u00f3lares, para \u201creforzar\u201d y \u201cacompa\u00f1ar\u201d los t\u00e9tricos balbuceos de su candidato a la Presidencia de la Rep\u00fablica.<\/p>\n<p style=\"text-align: center;\"><strong>Fueron rebasados por todos lados<\/strong><\/p>\n<p>La \u00fanica verdad fue\u00a0 pronunciada por el que dice que despacha en el Palacio de Covi\u00e1n, del que sali\u00f3 corriendo por los inconformes en las calles de Bucareli.<\/p>\n<p>En efecto, Osorio Chong dijo, como siempre involuntariamente, las palabras que quedar\u00e1n grabadas en el repertorio de las frases de un gobierno que no pudo echar a andar una sola obra p\u00fablica, que derroch\u00f3 nuestro dinero en estrategias de sus publirrelacionistas. \u201cTodo tiene un l\u00edmite&#8230; el tiempo se nos acab\u00f3\u201d, debe rezar la conclusi\u00f3n del fallido bimestre traducida al cristiano.<\/p>\n<p>Fueron rebasados por todos lados, en todos los tonos, por todas las voces. Merecen la espalda, hasta de sus protegidos y favoritos, que nunca se han destacado por ser agradecidos con sus valedores. Miles de millones de d\u00f3lares nuestros, que no tendr\u00e1n m\u00e1s destino que engordar el caldo del 0.1% de los enriquecidos.<\/p>\n<p style=\"text-align: center;\"><strong>Enormes masas de resentidos<\/strong><\/p>\n<p>Dejan saldos inauditos: un pa\u00eds que arrastrar\u00e1 por d\u00e9cadas su hambre y su miseria, el abandono y recorte de todas las pol\u00edticas sociales, el retiro de salud, educaci\u00f3n, vivienda, seguridad y bienestar, en aras de los estipendios de califato de la casta dorada de bur\u00f3cratas ignorantes, mentirosos y violentos.<\/p>\n<p>Reptilianos. <em>Borderlines<\/em> en los c\u00edrculos selectos de la administraci\u00f3n. Incapaces en la generaci\u00f3n de ideas para el colectivo. Reprobado, desde la primaria, en todas las materias de lo cotidiano.<\/p>\n<p>Mientras, las coaliciones populares de masas contin\u00faan. No han perdido el tiempo, revisan a conciencia los aciertos positivos del pasado, los errores del presente y las mejores formas de lucha para arribar a la actualizaci\u00f3n de sus organizaciones.<\/p>\n<p>S\u00f3lo que ahora, apoyadas por otra masa de resentidos: desde los obispos de todas las iglesias, los narcotraficantes de todos calados, los que suponen, con raz\u00f3n, que pronto ser\u00e1n arrasados en sus derechos elementales al trabajo y al salario, los desplazados a fuerza, los familiares de ejecutados sumariamente y encarcelados en las bartolinas de la mendacidad, y much\u00edsimos m\u00e1s que se vayan acumulando. Para eso, el tiempo no se acaba: apenas empieza.<\/p>\n<p>Como el <em>target<\/em>, el objetivo superior es privatizarlo todo, tienen un pa\u00eds enfrente que requieren acallar, reprimir, desaparecer del mundo y de sus confortables vidas. \u00a1As\u00ed nunca se podr\u00e1!<\/p>\n<p><strong><em>\u00cdndice Flam\u00edgero<\/em><\/strong><em>: <\/em>Hace algunos a\u00f1os viv\u00eda un rey que era comedido en todo excepto en una cosa: se preocupaba mucho por su imagen. Un d\u00eda oy\u00f3 a <em>Los Cuatro Fant\u00e1sticos<\/em> decir que pod\u00edan fabricar la imagen m\u00e1s suave y delicada que pudiera imaginar. Esta imagen, a\u00f1adieron, ten\u00eda la especial capacidad de ser invisible para cualquier incapaz para su cargo. Por supuesto, no hab\u00eda buena imagen alguna, sino que los p\u00edcaros hac\u00edan lucir que trabajaban en ella, pero estos se quedaban con los ricos materiales que solicitaban para tal fin. Sinti\u00e9ndose algo nervioso acerca de si \u00e9l mismo ser\u00eda capaz de ver la buena imagen o no, el emperador envi\u00f3 primero a dos de sus hombres de confianza a verlo. Evidentemente, ninguno de los dos admiti\u00f3 que eran incapaces de percibir la buena imagen y comenzaron a alabar a la misma. Toda la ciudad hab\u00eda o\u00eddo hablar de la fabulosa imagen y estaba deseando comprobar cu\u00e1n inepto era su vecino, en el caso de que no la percibiera. Los estafadores hicieron como que le ayudaban a difundir la inexistente buena imagen y el emperador sali\u00f3 con ella en un desfile, sin admitir que era demasiado inepto o est\u00fapido como para poder verla. Toda la gente del pueblo alab\u00f3 enf\u00e1ticamente la buena imagen, temerosos de que sus vecinos se dieran cuenta de que no pod\u00edan verla, hasta que un ni\u00f1o dijo: \u201c\u00a1Pero si trae menos de 20 por ciento de aprobaci\u00f3n!\u201d. La gente empez\u00f3 a cuchichear la frase hasta que toda la multitud grit\u00f3 que el emperador era repudiado, malquerido. (Parodia del cuento 168 de Hans Christian Andersen). + + + Sobre \u201cLos renglones torcidos de Dios\u201d, comenta hoy don Alfredo \u00c1lvarez Barr\u00f3n: \u201cEs un tema muy delicado, donde se utilizan dos pesas y dos medidas: por un lado el obispo de Canc\u00fan, Pedro Pablo Elizondo, se dice dispuesto a ir a la c\u00e1rcel por violar el art\u00edculo 130 constitucional, que proh\u00edbe a los ministros de culto participar en actos p\u00fablicos con fines de proselitismo religioso, en este caso la marcha organizada por el Frente Nacional por la Familia, que se opone, terminantemente, a la propuesta presidencial para legalizar el matrimonio entre personas del mismo sexo: \u2018Yo estoy dispuesto a defenderme legalmente e ir a la c\u00e1rcel por defender a la familia. Creo que alguna alma caritativa me ir\u00eda a visitar, sobre todo en este a\u00f1o de la misericordia\u2019, declar\u00f3 textualmente. Por otra parte, el cardenal Norberto Rivera, al referirse a la homosexualidad en la Iglesia Cat\u00f3lica puntualiz\u00f3 lo siguiente: \u2018Los sacerdotes somos humanos y como tales estamos condicionados por el pecado. Los sacerdotes homosexuales est\u00e1n en plena uni\u00f3n con el mandato de Dios porque han renunciado a la sexualidad. Por servir gratamente a Dios han sido perdonados&#8230;\u2019\u201d Y El Poeta del Nopal lo comenta: \u201cExhibe su discrepancia \/ pero genera discordia \/ y clama misericordia \/ con absoluta arrogancia; \/ fulmina a larga distancia \/ a la sufrida Yocasta \/ mientras las leyes desbasta \/ para extender sus dominios \/ (y no protege a los ni\u00f1os \/ del p\u00e1rroco pederasta)\u201d.<\/p>\n<p><em><a href=\"http:\/\/www.indicepolitico.com\/\" target=\"_blank\">www.indicepolitico.com<\/a><\/em><br \/>\n<em> <a href=\"mailto:pacorodriguez@journalist.com\" target=\"_blank\">pacorodriguez@journalist.com<\/a><\/em><br \/>\n<em> <a href=\"https:\/\/twitter.com\/pacorodriguez\" target=\"_blank\">@pacorodriguez<\/a><\/em><\/p>\n","protected":false},"excerpt":{"rendered":"<p><span style=\"color: #005497;\"><strong>Francisco Rodr\u00edguez<\/strong><\/span><br \/>\n<br \/>\nLas sentencias lapidarias del que despacha en Polanco, no en la Secretar\u00eda de Gobernaci\u00f3n, acerca de que \u201cse acaba el tiempo de la negociaci\u00f3n\u201d y \u201ctodo tiene un l\u00edmite\u201d \u2014usted la recuerda, supuestamente iban dirigidas a la CNTE\u2014, son dardos clavados como boomerangs en el coraz\u00f3n de un aparato de personas atrapadas en cuerpos de hombres y mujeres adultos.<\/p>\n","protected":false},"author":3,"featured_media":289629,"comment_status":"open","ping_status":"open","sticky":false,"template":"","format":"standard","meta":{"_monsterinsights_skip_tracking":false,"_monsterinsights_sitenote_active":false,"_monsterinsights_sitenote_note":"","_monsterinsights_sitenote_category":0,"footnotes":""},"categories":[549],"tags":[43689,550,43674],"class_list":["post-289556","post","type-post","status-publish","format-standard","has-post-thumbnail","hentry","category-francisco-rodriguez","tag-francisco-rodriguez","tag-indice-politico","tag-opinion"],"_links":{"self":[{"href":"https:\/\/www.diarioimagen.net\/index.php?rest_route=\/wp\/v2\/posts\/289556","targetHints":{"allow":["GET"]}}],"collection":[{"href":"https:\/\/www.diarioimagen.net\/index.php?rest_route=\/wp\/v2\/posts"}],"about":[{"href":"https:\/\/www.diarioimagen.net\/index.php?rest_route=\/wp\/v2\/types\/post"}],"author":[{"embeddable":true,"href":"https:\/\/www.diarioimagen.net\/index.php?rest_route=\/wp\/v2\/users\/3"}],"replies":[{"embeddable":true,"href":"https:\/\/www.diarioimagen.net\/index.php?rest_route=%2Fwp%2Fv2%2Fcomments&post=289556"}],"version-history":[{"count":0,"href":"https:\/\/www.diarioimagen.net\/index.php?rest_route=\/wp\/v2\/posts\/289556\/revisions"}],"wp:featuredmedia":[{"embeddable":true,"href":"https:\/\/www.diarioimagen.net\/index.php?rest_route=\/wp\/v2\/media\/289629"}],"wp:attachment":[{"href":"https:\/\/www.diarioimagen.net\/index.php?rest_route=%2Fwp%2Fv2%2Fmedia&parent=289556"}],"wp:term":[{"taxonomy":"category","embeddable":true,"href":"https:\/\/www.diarioimagen.net\/index.php?rest_route=%2Fwp%2Fv2%2Fcategories&post=289556"},{"taxonomy":"post_tag","embeddable":true,"href":"https:\/\/www.diarioimagen.net\/index.php?rest_route=%2Fwp%2Fv2%2Ftags&post=289556"}],"curies":[{"name":"wp","href":"https:\/\/api.w.org\/{rel}","templated":true}]}}