{"id":289654,"date":"2016-09-20T00:06:24","date_gmt":"2016-09-20T05:06:24","guid":{"rendered":"http:\/\/www.diarioimagen.net\/?p=289654"},"modified":"2016-09-20T23:58:47","modified_gmt":"2016-09-21T04:58:47","slug":"ofrecera-aeropuerto-internacional-de-toluca-vuelo-a-tijuana-eruviel-avila","status":"publish","type":"post","link":"https:\/\/www.diarioimagen.net\/?p=289654","title":{"rendered":"Se retomar\u00e1 el vuelo Toluca-Tijuana: Eruviel \u00c1vila"},"content":{"rendered":"<ul>\n<li><strong><em>Fortalecer\u00e1n el flujo de pasajeros en ambas regiones<\/em><\/strong><\/li>\n<\/ul>\n<p>&nbsp;<\/p>\n<div id=\"attachment_289655\" style=\"width: 430px\" class=\"wp-caption aligncenter\"><a href=\"http:\/\/www.diarioimagen.net\/?attachment_id=289655\" rel=\"attachment wp-att-289655\"><img loading=\"lazy\" decoding=\"async\" aria-describedby=\"caption-attachment-289655\" class=\"size-large wp-image-289655\" src=\"http:\/\/www.diarioimagen.net\/wp-content\/uploads\/2016\/09\/Eruviel20-portal-420x245.jpg\" alt=\"El gobernador Eruviel \u00c1vila y el titular de la SCT, Gerardo Ruiz Esparza asistieron a la presentaci\u00f3n del nuevo avi\u00f3n \u201cAirbus A320 Neo\u201d de Volaris.\" width=\"420\" height=\"245\" srcset=\"https:\/\/www.diarioimagen.net\/wp-content\/uploads\/2016\/09\/Eruviel20-portal-420x245.jpg 420w, https:\/\/www.diarioimagen.net\/wp-content\/uploads\/2016\/09\/Eruviel20-portal-240x140.jpg 240w, https:\/\/www.diarioimagen.net\/wp-content\/uploads\/2016\/09\/Eruviel20-portal.jpg 480w\" sizes=\"auto, (max-width: 420px) 100vw, 420px\" \/><\/a><p id=\"caption-attachment-289655\" class=\"wp-caption-text\">El gobernador Eruviel \u00c1vila y el titular de la SCT, Gerardo Ruiz Esparza asistieron a la presentaci\u00f3n del nuevo avi\u00f3n \u201cAirbus A320 Neo\u201d de Volaris.<\/p><\/div>\n<p>&nbsp;<\/p>\n<p>&nbsp;<\/p>\n<p><strong>Toluca, Estado de M\u00e9xico<\/strong>.- El gobernador Eruviel \u00c1vila Villegas, y el secretario de Comunicaciones y Transportes, Gerardo Ruiz Esparza, informaron que pr\u00f3ximamente la l\u00ednea a\u00e9rea Volaris retomar\u00e1 el vuelo Toluca-Tijuana, en el Aeropuerto Internacional de Toluca, ruta que el mandatario estatal indic\u00f3, ser\u00e1 una de las m\u00e1s exitosas en esta terminal a\u00e9rea, al fortalecer e incrementar el flujo de pasajeros en ambas regiones.<\/p>\n<p>Esto, al asistir a la presentaci\u00f3n del nuevo avi\u00f3n \u201cAirbus A320 Neo\u201d de Volaris, el cual es amigable con el medio ambiente, ya que dejar\u00e1 de emitir 5 mil toneladas de CO2 al a\u00f1o y reducir\u00e1 en 50 por ciento su ac\u00fastica, al ser m\u00e1s silencioso, adem\u00e1s de ser construido con material reciclado.<\/p>\n<p>\u201cQuiero agradecerle a Volaris,\u00a0 la presentaci\u00f3n de este nuevo y bonito avi\u00f3n, pero especialmente, el que se pueda retomar el vuelo Toluca-Tijuana en pr\u00f3ximas fechas. Esta ser\u00e1 una de las rutas m\u00e1s exitosas de este aeropuerto, con lo que se incrementar\u00e1 la conectividad del Estado de M\u00e9xico y se fortalecer\u00e1 el flujo de pasajeros hacia esa zona tan competitiva de nuestro pa\u00eds, adem\u00e1s nos va hermanar a\u00fan m\u00e1s a nuestros hermanos de Baja California con los mexiquenses\u201d, indic\u00f3.<\/p>\n<p>En el Aeropuerto Internacional de Toluca (AIT), acompa\u00f1ado por Enrique Beltranena, fundador y director general de Volaris, y luego de presentar al avi\u00f3n \u201cAirbus A320 Neo\u201d, Eruviel \u00c1vila destac\u00f3 que Tijuana es uno de los destinos m\u00e1s importantes del pa\u00eds, ya que tiene una terminal a\u00e9rea que permite a los pasajeros viajar a lugares nacionales e internacionales, de ah\u00ed la importancia de impulsar la ruta Toluca-Tijuana.<\/p>\n<p>Se\u00f1al\u00f3 que con este tipo de acciones el Edomex se consolida como el nodo log\u00edstico m\u00e1s importante del pa\u00eds.<\/p>\n<p>En el caso del AIT, indic\u00f3 que \u00e9ste es la mejor opci\u00f3n para volar a la regi\u00f3n centro, ya que est\u00e1 ubicado a 55 minutos del centro de la Ciudad de M\u00e9xico y a 25 minutos de Santa Fe, cuenta con el certificado Aer\u00f3dromo Civil, que lo califica como aeropuerto seguro, que le otorg\u00f3 recientemente la Secretar\u00eda de Comunicaciones y Transportes.<\/p>\n<p><strong>###<br \/>\n<\/strong><\/p>\n<p><strong>El gobernador Eruviel \u00c1vila,<\/strong> y el titular de la SCT, Gerardo Ruiz Esparza, asistieron a la presentaci\u00f3n del nuevo avi\u00f3n \u201cAirbus A320 Neo\u201d, de Volaris.<\/p>\n","protected":false},"excerpt":{"rendered":"<p>El gobernador Eruviel \u00c1vila Villegas, y el secretario de Comunicaciones y Transportes, Gerardo Ruiz Esparza, informaron que pr\u00f3ximamente la l\u00ednea a\u00e9rea Volaris retomar\u00e1 el vuelo Toluca-Tijuana, en el Aeropuerto Internacional de Toluca, ruta que el mandatario estatal indic\u00f3, ser\u00e1 una de las m\u00e1s exitosas en esta terminal a\u00e9rea, al fortalecer e incrementar el flujo de pasajeros en ambas regiones.<\/p>\n","protected":false},"author":5,"featured_media":289655,"comment_status":"open","ping_status":"open","sticky":false,"template":"","format":"standard","meta":{"_monsterinsights_skip_tracking":false,"_monsterinsights_sitenote_active":false,"_monsterinsights_sitenote_note":"","_monsterinsights_sitenote_category":0,"footnotes":""},"categories":[5],"tags":[15215,5828,43675,1578,452],"class_list":["post-289654","post","type-post","status-publish","format-standard","has-post-thumbnail","hentry","category-estado-de-mexico","tag-aeropuerto-internacional-de-toluca","tag-eruviel-avila-villegas","tag-estado-de-mexico","tag-gerardo-ruiz-esparza","tag-toluca"],"_links":{"self":[{"href":"https:\/\/www.diarioimagen.net\/index.php?rest_route=\/wp\/v2\/posts\/289654","targetHints":{"allow":["GET"]}}],"collection":[{"href":"https:\/\/www.diarioimagen.net\/index.php?rest_route=\/wp\/v2\/posts"}],"about":[{"href":"https:\/\/www.diarioimagen.net\/index.php?rest_route=\/wp\/v2\/types\/post"}],"author":[{"embeddable":true,"href":"https:\/\/www.diarioimagen.net\/index.php?rest_route=\/wp\/v2\/users\/5"}],"replies":[{"embeddable":true,"href":"https:\/\/www.diarioimagen.net\/index.php?rest_route=%2Fwp%2Fv2%2Fcomments&post=289654"}],"version-history":[{"count":0,"href":"https:\/\/www.diarioimagen.net\/index.php?rest_route=\/wp\/v2\/posts\/289654\/revisions"}],"wp:featuredmedia":[{"embeddable":true,"href":"https:\/\/www.diarioimagen.net\/index.php?rest_route=\/wp\/v2\/media\/289655"}],"wp:attachment":[{"href":"https:\/\/www.diarioimagen.net\/index.php?rest_route=%2Fwp%2Fv2%2Fmedia&parent=289654"}],"wp:term":[{"taxonomy":"category","embeddable":true,"href":"https:\/\/www.diarioimagen.net\/index.php?rest_route=%2Fwp%2Fv2%2Fcategories&post=289654"},{"taxonomy":"post_tag","embeddable":true,"href":"https:\/\/www.diarioimagen.net\/index.php?rest_route=%2Fwp%2Fv2%2Ftags&post=289654"}],"curies":[{"name":"wp","href":"https:\/\/api.w.org\/{rel}","templated":true}]}}