{"id":289712,"date":"2016-09-20T00:09:33","date_gmt":"2016-09-20T05:09:33","guid":{"rendered":"http:\/\/www.diarioimagen.net\/?p=289712"},"modified":"2016-09-20T04:55:14","modified_gmt":"2016-09-20T09:55:14","slug":"edomex-el-nodo-logistico-mas-importante","status":"publish","type":"post","link":"https:\/\/www.diarioimagen.net\/?p=289712","title":{"rendered":"Edomex, el nodo log\u00edstico m\u00e1s importante"},"content":{"rendered":"<h2>Arco Norte<\/h2>\n<h5>Jos\u00e9 Luis Monta\u00f1ez Aguilar<\/h5>\n<p>&nbsp;<\/p>\n<div id=\"attachment_289843\" style=\"width: 430px\" class=\"wp-caption aligncenter\"><a href=\"http:\/\/www.diarioimagen.net\/?attachment_id=289843\" rel=\"attachment wp-att-289843\"><img loading=\"lazy\" decoding=\"async\" aria-describedby=\"caption-attachment-289843\" class=\"size-large wp-image-289843\" src=\"http:\/\/www.diarioimagen.net\/wp-content\/uploads\/2016\/09\/arco-2957-420x236.jpg\" alt=\"Eruviel \u00c1vila \u2022 Presentaci\u00f3n del Airbus A320NEO de Volaris. 19 de Septiembre del 2016 Toluca, Estado de M\u00e9xico.\" width=\"420\" height=\"236\" srcset=\"https:\/\/www.diarioimagen.net\/wp-content\/uploads\/2016\/09\/arco-2957-420x236.jpg 420w, https:\/\/www.diarioimagen.net\/wp-content\/uploads\/2016\/09\/arco-2957-240x135.jpg 240w, https:\/\/www.diarioimagen.net\/wp-content\/uploads\/2016\/09\/arco-2957-480x270.jpg 480w, https:\/\/www.diarioimagen.net\/wp-content\/uploads\/2016\/09\/arco-2957-235x132.jpg 235w, https:\/\/www.diarioimagen.net\/wp-content\/uploads\/2016\/09\/arco-2957-202x114.jpg 202w, https:\/\/www.diarioimagen.net\/wp-content\/uploads\/2016\/09\/arco-2957-350x196.jpg 350w, https:\/\/www.diarioimagen.net\/wp-content\/uploads\/2016\/09\/arco-2957-220x123.jpg 220w, https:\/\/www.diarioimagen.net\/wp-content\/uploads\/2016\/09\/arco-2957-237x132.jpg 237w, https:\/\/www.diarioimagen.net\/wp-content\/uploads\/2016\/09\/arco-2957.jpg 640w\" sizes=\"auto, (max-width: 420px) 100vw, 420px\" \/><\/a><p id=\"caption-attachment-289843\" class=\"wp-caption-text\">Eruviel \u00c1vila \u2022 Presentaci\u00f3n del Airbus A320NEO de Volaris.<\/p><\/div>\n<p>&nbsp;<\/p>\n<p>Pr\u00f3ximamente, la l\u00ednea a\u00e9rea Volaris retomar\u00e1 el vuelo Toluca\u2013Tijuana, en el Aeropuerto Internacional de Toluca (AIT), ruta que ser\u00e1 una de las m\u00e1s exitosas en esta terminal a\u00e9rea, anunciaron el gobernador Eruviel \u00c1vila, y Gerardo Ruiz, secretario de Comunicaciones y Transportes.<\/p>\n<p>El mandatario destac\u00f3 que Tijuana es uno de los destinos m\u00e1s importantes del pa\u00eds, pues tiene una terminal a\u00e9rea que permite a los pasajeros viajar a lugares nacionales e internacionales, de ah\u00ed la importancia de impulsar la ruta Toluca-Tijuana. Se\u00f1al\u00f3 que con este tipo de acciones la entidad se consolida como el nodo log\u00edstico m\u00e1s importante del pa\u00eds, y mencion\u00f3 que el AIT es la mejor opci\u00f3n para volar a la regi\u00f3n centro, ya que est\u00e1 ubicado a 55 minutos del centro de la Ciudad de M\u00e9xico y a 25 minutos de Santa Fe, y cuenta con el certificado Aer\u00f3dromo Civil, que lo califica como aeropuerto seguro.<\/p>\n<p style=\"text-align: center;\"><strong>Semana Nacional de Promoci\u00f3n\u00a0 de la Salud del Adolescente<\/strong><\/p>\n<p>Del 19 al 25 de septiembre, el Instituto de Salud del Estado de M\u00e9xico (ISEM) celebra la Semana Nacional de Promoci\u00f3n de la Salud del Adolescente 2016, para ofertar servicios, informaci\u00f3n y orientaci\u00f3n a los m\u00e1s de 3 millones de j\u00f3venes de la entidad.<\/p>\n<p>Pedro Montoya, coordinador de Salud del ISEM, inform\u00f3 que las actividades para prevenir el embarazo adolescente, infecciones de transmisi\u00f3n sexual, adicciones, orientaci\u00f3n nutricional, psicol\u00f3gica, desarrollo f\u00edsico, diagn\u00f3stico oportuno y tratamiento integral del c\u00e1ncer en los adolescentes, entre otras, se llevar\u00e1n\u00a0 a cabo en los 125 municipios de la entidad con el lema \u201cSer adolescente es bueno, adolescente y sano mejor\u201d.<\/p>\n<p style=\"text-align: center;\"><strong>Construyen campamento de altura en Amecameca<\/strong><\/p>\n<p>Para fomentar la actividad deportiva en la entidad y dar a los deportistas de alto rendimiento instalaciones adecuadas para su preparaci\u00f3n, con una inversi\u00f3n de poco m\u00e1s de 19.2 millones de pesos, el gobierno del Estado de M\u00e9xico construye el Campamento de Altura Amecameca, que tendr\u00e1 entre sus principales atractivos un gimnasio al aire libre, pista de atletismo, trotapista y ciclopista.<\/p>\n<p>\u201cLa zona es ideal para la preparaci\u00f3n de los atletas de alto rendimiento, debido a que Amecameca est\u00e1 situado a una altura de 2,420 metros sobre el nivel del mar, en las faldas de la Sierra Nevada, dentro de la provincia del eje volc\u00e1nico y en la cuenca del r\u00edo Moctezuma-P\u00e1nuco, en la porci\u00f3n sur del oriente del Estado de M\u00e9xico\u201d, afirm\u00f3 Homero Navarrete Mart\u00ednez, director general de Administraci\u00f3n y Construcci\u00f3n de Obra P\u00fablica.<\/p>\n<p><em><a href=\"mailto:montanezaguilar@gmail.com\" target=\"_blank\">montanezaguilar@gmail.com<\/a><\/em><\/p>\n","protected":false},"excerpt":{"rendered":"<p><span style=\"color: #005497;\">Jos\u00e9 Luis Monta\u00f1ez Aguilar<\/span><br \/>\n<br \/>\nPr\u00f3ximamente, la l\u00ednea a\u00e9rea Volaris retomar\u00e1 el vuelo Toluca\u2013Tijuana, en el Aeropuerto Internacional de Toluca (AIT), ruta que ser\u00e1 una de las m\u00e1s exitosas en esta terminal a\u00e9rea, anunciaron el gobernador Eruviel \u00c1vila, y Gerardo Ruiz, secretario de Comunicaciones y Transportes.<\/p>\n","protected":false},"author":3,"featured_media":289843,"comment_status":"open","ping_status":"open","sticky":false,"template":"","format":"standard","meta":{"_monsterinsights_skip_tracking":false,"_monsterinsights_sitenote_active":false,"_monsterinsights_sitenote_note":"","_monsterinsights_sitenote_category":0,"footnotes":""},"categories":[5],"tags":[13284,43704,43674],"class_list":["post-289712","post","type-post","status-publish","format-standard","has-post-thumbnail","hentry","category-estado-de-mexico","tag-arco-norte","tag-jose-luis-montanez-aguilar","tag-opinion"],"_links":{"self":[{"href":"https:\/\/www.diarioimagen.net\/index.php?rest_route=\/wp\/v2\/posts\/289712","targetHints":{"allow":["GET"]}}],"collection":[{"href":"https:\/\/www.diarioimagen.net\/index.php?rest_route=\/wp\/v2\/posts"}],"about":[{"href":"https:\/\/www.diarioimagen.net\/index.php?rest_route=\/wp\/v2\/types\/post"}],"author":[{"embeddable":true,"href":"https:\/\/www.diarioimagen.net\/index.php?rest_route=\/wp\/v2\/users\/3"}],"replies":[{"embeddable":true,"href":"https:\/\/www.diarioimagen.net\/index.php?rest_route=%2Fwp%2Fv2%2Fcomments&post=289712"}],"version-history":[{"count":0,"href":"https:\/\/www.diarioimagen.net\/index.php?rest_route=\/wp\/v2\/posts\/289712\/revisions"}],"wp:featuredmedia":[{"embeddable":true,"href":"https:\/\/www.diarioimagen.net\/index.php?rest_route=\/wp\/v2\/media\/289843"}],"wp:attachment":[{"href":"https:\/\/www.diarioimagen.net\/index.php?rest_route=%2Fwp%2Fv2%2Fmedia&parent=289712"}],"wp:term":[{"taxonomy":"category","embeddable":true,"href":"https:\/\/www.diarioimagen.net\/index.php?rest_route=%2Fwp%2Fv2%2Fcategories&post=289712"},{"taxonomy":"post_tag","embeddable":true,"href":"https:\/\/www.diarioimagen.net\/index.php?rest_route=%2Fwp%2Fv2%2Ftags&post=289712"}],"curies":[{"name":"wp","href":"https:\/\/api.w.org\/{rel}","templated":true}]}}