{"id":289912,"date":"2016-09-20T23:45:12","date_gmt":"2016-09-21T04:45:12","guid":{"rendered":"http:\/\/www.diarioimagen.net\/?p=289912"},"modified":"2016-09-21T01:57:59","modified_gmt":"2016-09-21T06:57:59","slug":"babasonicos-celebrara-25-anos-en-el-metropolitan","status":"publish","type":"post","link":"https:\/\/www.diarioimagen.net\/?p=289912","title":{"rendered":"Babas\u00f3nicos celebrar\u00e1 25 a\u00f1os en el Metrop\u00f3litan"},"content":{"rendered":"<ul>\n<li><strong><em>Ser\u00e1 el 21 de noviembre cuando la banda presente su nuevo disco <\/em>Desde adentro<\/strong><\/li>\n<\/ul>\n<p>&nbsp;<\/p>\n<div id=\"attachment_289913\" style=\"width: 430px\" class=\"wp-caption aligncenter\"><a href=\"http:\/\/www.diarioimagen.net\/?attachment_id=289913\" rel=\"attachment wp-att-289913\"><img loading=\"lazy\" decoding=\"async\" aria-describedby=\"caption-attachment-289913\" class=\"wp-image-289913\" src=\"http:\/\/www.diarioimagen.net\/wp-content\/uploads\/2016\/09\/babasonicos-portal-284x420.jpg\" alt=\"Babas\u00f3nicos ofrecer\u00e1 un nuevo concierto en la Ciudad de M\u00e9xico el pr\u00f3ximo lunes 21 de noviembre en el Teatro Metrop\u00f3litan. \" width=\"420\" height=\"621\" srcset=\"https:\/\/www.diarioimagen.net\/wp-content\/uploads\/2016\/09\/babasonicos-portal-284x420.jpg 284w, https:\/\/www.diarioimagen.net\/wp-content\/uploads\/2016\/09\/babasonicos-portal-162x240.jpg 162w, https:\/\/www.diarioimagen.net\/wp-content\/uploads\/2016\/09\/babasonicos-portal.jpg 700w\" sizes=\"auto, (max-width: 420px) 100vw, 420px\" \/><\/a><p id=\"caption-attachment-289913\" class=\"wp-caption-text\">Babas\u00f3nicos ofrecer\u00e1 un nuevo concierto en la Ciudad de M\u00e9xico el pr\u00f3ximo lunes 21 de noviembre en el Teatro Metrop\u00f3litan.<\/p><\/div>\n<p>&nbsp;<\/p>\n<p>La banda argentina liderada por Adri\u00e1n D\u00e1rgelos, Babas\u00f3nicos, retornar\u00e1 una vez m\u00e1s a la Ciudad de M\u00e9xico de la mano de su nuevo disco <em>Desde Adentro \u2013 Impuesto de Fe<\/em>, con el cual festejan un cuarto de siglo de vida. Es as\u00ed que, su fiel legi\u00f3n de seguidores los vivir\u00e1 en carne propia el pr\u00f3ximo lunes 21 de noviembre en el Teatro Metrop\u00f3litan. La preventa Banamex se realizar\u00e1 los d\u00edas 22 y 23 de septiembre.<br \/>\nPor ahora, Babas\u00f3nicos se encuentran metidos en plena promoci\u00f3n de este nuevo material, as\u00ed como est\u00e1n festejando sus 25 a\u00f1os de vida. Es una etapa totalmente intimista del grupo, donde destaca m\u00e1s la armon\u00eda, melod\u00eda y letra en un punto de la fragilidad o cercan\u00eda. El \u00e1lbum no es totalmente ac\u00fastico, ya que tienen pasajes electr\u00f3nicos, bater\u00edas el\u00e9ctricas y mellotr\u00f3n. Adem\u00e1s, de que la voz, en este caso de Adri\u00e1n D\u00e1rgelos, luce m\u00e1s y al desnudo.<br \/>\n<em>Impuesto de Fe<\/em> es una producci\u00f3n que se grab\u00f3 en vivo en noviembre del a\u00f1o pasado en los Estudios Quarry de la CDMX. El primer sencillo, que se eligi\u00f3, de este \u00e1lbum fue el tema in\u00e9dito <em>Vampi<\/em>, del cual ya se cuenta su respectivo video, y que narra la historia de un vampiro enamorado que lo \u00fanico que pide es poder enamorarse y morir por ello.<br \/>\nLa energ\u00eda que impregnan en cada uno de sus conciertos es \u00fanica. Rolas llenas de historias pasajeras, que van narrando la cotidianidad de sus vidas, lo que les ha sucedido, y lo que ellos creen que podr\u00eda pasar en un futuro.<br \/>\nTodo ello lleva a un concierto de matices y entornos m\u00edsticos llenos de luces, l\u00e1ser, humo seco, estrobos, y en ocasiones escenograf\u00edas ad hoc al disco a presentar. En otras, s\u00f3lo basta su presencia sobre el escenario para colmarlo de talento. Esto y m\u00e1s son los \u201cBabas\u201d, como les llaman de cari\u00f1o sus fans.<\/p>\n","protected":false},"excerpt":{"rendered":"<p>La banda argentina liderada por Adri\u00e1n D\u00e1rgelos, Babas\u00f3nicos, retornar\u00e1 una vez m\u00e1s a la Ciudad de M\u00e9xico de la mano de su nuevo disco <em>Desde Adentro \u2013 Impuesto de Fe<\/em>, con el cual festejan un cuarto de siglo de vida. Es as\u00ed que, su fiel legi\u00f3n de seguidores los vivir\u00e1 en carne propia el pr\u00f3ximo lunes 21 de noviembre en el Teatro Metrop\u00f3litan. La preventa Banamex se realizar\u00e1 los d\u00edas 22 y 23 de septiembre.<\/p>\n","protected":false},"author":5,"featured_media":289914,"comment_status":"open","ping_status":"open","sticky":false,"template":"","format":"standard","meta":{"_monsterinsights_skip_tracking":false,"_monsterinsights_sitenote_active":false,"_monsterinsights_sitenote_note":"","_monsterinsights_sitenote_category":0,"footnotes":""},"categories":[17,12],"tags":[51751,2345],"class_list":["post-289912","post","type-post","status-publish","format-standard","has-post-thumbnail","hentry","category-especiales","category-espectaculos","tag-babasonicos","tag-metropolitan"],"_links":{"self":[{"href":"https:\/\/www.diarioimagen.net\/index.php?rest_route=\/wp\/v2\/posts\/289912","targetHints":{"allow":["GET"]}}],"collection":[{"href":"https:\/\/www.diarioimagen.net\/index.php?rest_route=\/wp\/v2\/posts"}],"about":[{"href":"https:\/\/www.diarioimagen.net\/index.php?rest_route=\/wp\/v2\/types\/post"}],"author":[{"embeddable":true,"href":"https:\/\/www.diarioimagen.net\/index.php?rest_route=\/wp\/v2\/users\/5"}],"replies":[{"embeddable":true,"href":"https:\/\/www.diarioimagen.net\/index.php?rest_route=%2Fwp%2Fv2%2Fcomments&post=289912"}],"version-history":[{"count":0,"href":"https:\/\/www.diarioimagen.net\/index.php?rest_route=\/wp\/v2\/posts\/289912\/revisions"}],"wp:featuredmedia":[{"embeddable":true,"href":"https:\/\/www.diarioimagen.net\/index.php?rest_route=\/wp\/v2\/media\/289914"}],"wp:attachment":[{"href":"https:\/\/www.diarioimagen.net\/index.php?rest_route=%2Fwp%2Fv2%2Fmedia&parent=289912"}],"wp:term":[{"taxonomy":"category","embeddable":true,"href":"https:\/\/www.diarioimagen.net\/index.php?rest_route=%2Fwp%2Fv2%2Fcategories&post=289912"},{"taxonomy":"post_tag","embeddable":true,"href":"https:\/\/www.diarioimagen.net\/index.php?rest_route=%2Fwp%2Fv2%2Ftags&post=289912"}],"curies":[{"name":"wp","href":"https:\/\/api.w.org\/{rel}","templated":true}]}}