{"id":289931,"date":"2016-09-20T23:55:52","date_gmt":"2016-09-21T04:55:52","guid":{"rendered":"http:\/\/www.diarioimagen.net\/?p=289931"},"modified":"2016-09-21T01:57:10","modified_gmt":"2016-09-21T06:57:10","slug":"roger-waters-cantara-en-el-zocalo-capitalino","status":"publish","type":"post","link":"https:\/\/www.diarioimagen.net\/?p=289931","title":{"rendered":"Roger Waters cantar\u00e1 en el Z\u00f3calo capitalino"},"content":{"rendered":"<ul>\n<li><strong><em>Interpretar\u00e1 temas de los mejores discos del grupo Pink Floyd<\/em><\/strong><\/li>\n<\/ul>\n<p>&nbsp;<\/p>\n<div id=\"attachment_289932\" style=\"width: 430px\" class=\"wp-caption aligncenter\"><a href=\"http:\/\/www.diarioimagen.net\/?attachment_id=289932\" rel=\"attachment wp-att-289932\"><img loading=\"lazy\" decoding=\"async\" aria-describedby=\"caption-attachment-289932\" class=\"size-large wp-image-289932\" src=\"http:\/\/www.diarioimagen.net\/wp-content\/uploads\/2016\/09\/roger-waters-portal-1-420x245.jpg\" alt=\"Waters, uno de los fundadores de Pink Floyd, ofrecer\u00e1 adem\u00e1s en M\u00e9xico dos conciertos m\u00e1s, previstos a realizarse los d\u00edas 28 y 29 de septiembre en el Foro Sol\" width=\"420\" height=\"245\" srcset=\"https:\/\/www.diarioimagen.net\/wp-content\/uploads\/2016\/09\/roger-waters-portal-1-420x245.jpg 420w, https:\/\/www.diarioimagen.net\/wp-content\/uploads\/2016\/09\/roger-waters-portal-1-240x140.jpg 240w, https:\/\/www.diarioimagen.net\/wp-content\/uploads\/2016\/09\/roger-waters-portal-1.jpg 480w\" sizes=\"auto, (max-width: 420px) 100vw, 420px\" \/><\/a><p id=\"caption-attachment-289932\" class=\"wp-caption-text\">Waters, uno de los fundadores de Pink Floyd, ofrecer\u00e1 adem\u00e1s en M\u00e9xico dos conciertos m\u00e1s, previstos a realizarse los d\u00edas 28 y 29 de septiembre en el Foro Sol<\/p><\/div>\n<p>&nbsp;<\/p>\n<p>El cantante brit\u00e1nico Roger Waters ofrecer\u00e1 un concierto gratuito el 1 de octubre pr\u00f3ximo en el Z\u00f3calo de la Ciudad de M\u00e9xico, donde interpretar\u00e1 temas de los mejores discos del grupo Pink Floyd.<\/p>\n<p>La noticia fue confirmada por el cantante mediante sus redes sociales al subir un poster promocional con la fecha del espect\u00e1culo y la leyenda de que ser\u00e1 una presentaci\u00f3n gratuita que dar\u00e1 inicio a las 20:00 horas de M\u00e9xico.<\/p>\n<p>Waters, uno de los fundadores de Pink Floyd, ofrecer\u00e1 adem\u00e1s en M\u00e9xico dos conciertos m\u00e1s, previstos a realizarse los d\u00edas 28 y 29 de septiembre en el Foro Sol, citas en las que realizar\u00e1 un repaso por materiales discrogr\u00e1ficos de Pink Floyd, como \u201cThe wall\u201d, \u201cAnimals\u201d, \u201cWish You Were Here\u201d y \u201cDark Side of the Moon\u201d.<\/p>\n<p>Adem\u00e1s, el brit\u00e1nico tambi\u00e9n estar\u00e1 en la Cineteca Nacional para la premiere del documental \u201cThe Occupation of the American Mind\u201d, que tendr\u00e1 lugar el 30 de septiembre pr\u00f3ximo y cuyas entradas ya se encuentran agotadas.<\/p>\n","protected":false},"excerpt":{"rendered":"<p>El cantante brit\u00e1nico Roger Waters ofrecer\u00e1 un concierto gratuito el 1 de octubre pr\u00f3ximo en el Z\u00f3calo de la Ciudad de M\u00e9xico, donde interpretar\u00e1 temas de los mejores discos del grupo Pink Floyd.<\/p>\n","protected":false},"author":5,"featured_media":289932,"comment_status":"open","ping_status":"open","sticky":false,"template":"","format":"standard","meta":{"_monsterinsights_skip_tracking":false,"_monsterinsights_sitenote_active":false,"_monsterinsights_sitenote_note":"","_monsterinsights_sitenote_category":0,"footnotes":""},"categories":[17,12],"tags":[43682,51319,51318,15655],"class_list":["post-289931","post","type-post","status-publish","format-standard","has-post-thumbnail","hentry","category-especiales","category-espectaculos","tag-espectaculos","tag-pink-floyd","tag-roger-waters","tag-zocalo-capitalino"],"_links":{"self":[{"href":"https:\/\/www.diarioimagen.net\/index.php?rest_route=\/wp\/v2\/posts\/289931","targetHints":{"allow":["GET"]}}],"collection":[{"href":"https:\/\/www.diarioimagen.net\/index.php?rest_route=\/wp\/v2\/posts"}],"about":[{"href":"https:\/\/www.diarioimagen.net\/index.php?rest_route=\/wp\/v2\/types\/post"}],"author":[{"embeddable":true,"href":"https:\/\/www.diarioimagen.net\/index.php?rest_route=\/wp\/v2\/users\/5"}],"replies":[{"embeddable":true,"href":"https:\/\/www.diarioimagen.net\/index.php?rest_route=%2Fwp%2Fv2%2Fcomments&post=289931"}],"version-history":[{"count":0,"href":"https:\/\/www.diarioimagen.net\/index.php?rest_route=\/wp\/v2\/posts\/289931\/revisions"}],"wp:featuredmedia":[{"embeddable":true,"href":"https:\/\/www.diarioimagen.net\/index.php?rest_route=\/wp\/v2\/media\/289932"}],"wp:attachment":[{"href":"https:\/\/www.diarioimagen.net\/index.php?rest_route=%2Fwp%2Fv2%2Fmedia&parent=289931"}],"wp:term":[{"taxonomy":"category","embeddable":true,"href":"https:\/\/www.diarioimagen.net\/index.php?rest_route=%2Fwp%2Fv2%2Fcategories&post=289931"},{"taxonomy":"post_tag","embeddable":true,"href":"https:\/\/www.diarioimagen.net\/index.php?rest_route=%2Fwp%2Fv2%2Ftags&post=289931"}],"curies":[{"name":"wp","href":"https:\/\/api.w.org\/{rel}","templated":true}]}}