{"id":289937,"date":"2016-09-21T00:03:21","date_gmt":"2016-09-21T05:03:21","guid":{"rendered":"http:\/\/www.diarioimagen.net\/?p=289937"},"modified":"2016-09-21T01:56:44","modified_gmt":"2016-09-21T06:56:44","slug":"mas-completo-imposible-asi-fue-el-gran-concierto-de-edith-marquez-en-el-auditorio","status":"publish","type":"post","link":"https:\/\/www.diarioimagen.net\/?p=289937","title":{"rendered":"M\u00e1s completo, imposible, as\u00ed fue el gran concierto de Edith M\u00e1rquez en el Auditorio"},"content":{"rendered":"<ul>\n<li><strong><em>Todo este valor agregado fue posible como remate de su gira \u201cMis emociones tour\u201d, que pudo compactar en tres horas de espect\u00e1culo con 30 canciones interpretadas; derroche de producci\u00f3n que agradecieron sus fans que salieron satisfechos<\/em><\/strong><\/li>\n<\/ul>\n<p>&nbsp;<\/p>\n<div id=\"attachment_289938\" style=\"width: 430px\" class=\"wp-caption aligncenter\"><a href=\"http:\/\/www.diarioimagen.net\/?attachment_id=289938\" rel=\"attachment wp-att-289938\"><img loading=\"lazy\" decoding=\"async\" aria-describedby=\"caption-attachment-289938\" class=\"wp-image-289938\" src=\"http:\/\/www.diarioimagen.net\/wp-content\/uploads\/2016\/09\/edith-marquez-poortal-279x420.jpg\" alt=\"Edith M\u00e1rquez ofreci\u00f3 un emotivo espect\u00e1culo en el que le rindi\u00f3 tributo a Juan Gabriel.\" width=\"420\" height=\"631\" srcset=\"https:\/\/www.diarioimagen.net\/wp-content\/uploads\/2016\/09\/edith-marquez-poortal-279x420.jpg 279w, https:\/\/www.diarioimagen.net\/wp-content\/uploads\/2016\/09\/edith-marquez-poortal-160x240.jpg 160w, https:\/\/www.diarioimagen.net\/wp-content\/uploads\/2016\/09\/edith-marquez-poortal.jpg 700w\" sizes=\"auto, (max-width: 420px) 100vw, 420px\" \/><\/a><p id=\"caption-attachment-289938\" class=\"wp-caption-text\">Edith M\u00e1rquez ofreci\u00f3 un emotivo espect\u00e1culo en el que le rindi\u00f3 tributo a Juan Gabriel.<\/p><\/div>\n<p>&nbsp;<\/p>\n<p>La cantante mexicana, Edith M\u00e1rquez, se present\u00f3 en el Auditorio Nacional con un espect\u00e1culo dif\u00edcil de ser superado, por haber coincidido no s\u00f3lo en fechas (el Grito de Independencia y sus tres d\u00e9cadas de trayectoria), las agendas con sus cuatro invitados, el homenaje que le rindi\u00f3 a Juan Gabriel y la versatilidad que demostr\u00f3 al haberse acompa\u00f1ado con orquesta, banda, mariachi y pop con Los Y\u00f3nic\u2019s.<\/p>\n<p>M\u00e1s completo, imposible, porque adem\u00e1s la cantante estren\u00f3 con un p\u00fablico que abarrot\u00f3 el Coloso de Reforma varias canciones en dueto con sus invitados, que ser\u00e1n lanzadas a competir en la industria discogr\u00e1fica, al m\u00e1s puro estilo de su homenajeado el \u201cDivo de Ju\u00e1rez\u201d.<\/p>\n<p>Todo este valor agregado fue posible como remate de su gira \u201cMis emociones tour\u201d, que pudo compactar en tres horas de espect\u00e1culo con 30 canciones interpretadas, que ser\u00e1 dif\u00edcil repetir, derroche de producci\u00f3n que agradecieron sus fans que salieron satisfechos.<\/p>\n<p>Ataviada con un elegante traje blanco, orgullosamente mexicano, inici\u00f3 la velada con \u201cAcost\u00fambrame al cielo\u201d y sigui\u00f3 con \u201cPor hablarle de ti\u201d, que fueron para recordar que ambas melod\u00edas constituyeron el arranque de su carrera como solista.<\/p>\n<p>Sus palabras al p\u00fablico fueron breves, pero impactantes, pues explic\u00f3 desde el inicio todas las celebraciones que hab\u00eda conjuntado para este concierto y que \u201ccon el paso de los a\u00f1os uno se vuelve m\u00e1s sensible y al ver lleno uno de los recintos m\u00e1s importantes de M\u00e9xico es la m\u00e1xima satisfacci\u00f3n de mi carrera; por eso sigo dedic\u00e1ndome a lo que m\u00e1s me gusta, que es cantar\u201d.<\/p>\n<p>Luego, vinieron las canciones m\u00e1s coreadas por el p\u00fablico que fueron \u201cDej\u00e9moslo as\u00ed\u201d, \u201cEse beso\u201d, \u201cNo te preocupes\u201d, \u201cA qui\u00e9n quiero mentirle\u201d y \u201cCuando grita la piel\u201d.<\/p>\n<p>Despu\u00e9s lleg\u00f3 el segmento de sus invitados con el pop, a cargo de Los Yonic\u2019s, con quien interpret\u00f3 \u201cPalabras tristes\u201d y \u201cCon gran privilegio\u201d, dueto que volver\u00e1 a sonar ahora sumada a la voz del maestro Jos\u00e9 Manuel Zamacona, l\u00edder de la agrupaci\u00f3n musical y que recibi\u00f3 un fuerte aplauso del p\u00fablico, por toda la carga rom\u00e1ntica que le imprimieron los de Acapulco y la propia Edith.<\/p>\n<p>En seguida vino el segmento dedicado a la m\u00fasica mexicana, por lo cual se invit\u00f3 a tomar posesi\u00f3n al mariachi \u201cLos Gallos de M\u00e9xico\u201d, que arrancaron con \u201cEl Son de la Negra\u201d, momento que sirvi\u00f3 para que la cantante cambiara vestuario, ahora enfundada en un vistoso vestido rojo fuego con bordados dorados, para iniciar el bloque con \u201cNubes negras\u201d, \u201cLlamarada\u201d y \u201cSin \u00e9l\u201d.<\/p>\n<p>Despu\u00e9s record\u00f3 a Roc\u00edo D\u00farcal, con una versi\u00f3n de \u201cFrente a frente\u201d y con \u201cLa gata bajo la lluvia\u201d .<\/p>\n<p>El siguiente segmento fue el homenaje a Juan Gabriel, que arranc\u00f3 con \u201cLa muerte del palomo\u201d, \u201cYa lo s\u00e9 que t\u00fa te vas\u201d, \u201cAbr\u00e1zame muy fuerte\u201d, 2He venido a pedirte perd\u00f3n\u201d y rematar con \u201cEl Noa Noa\u201d. La gente pidi\u00f3 m\u00e1s de Juan Gabriel y ella no le regate\u00f3 a su p\u00fablico y cant\u00f3 \u201cAmor eterno\u201d, que hizo que Edith M\u00e1rquez llorara sin dejar de cantar.<\/p>\n<p>Despu\u00e9s, para subrayar el festejo del D\u00eda de la Independencia, cant\u00f3 \u201cM\u00e9xico lindo y querido\u201d.<\/p>\n<p>Vino una pausa para que entrara la banda con \u201cEl Sinaloense\u201d y ella con un atuendo norte\u00f1o que combin\u00f3 sombrero y pantalones negros con un saco bordado en plata para presentar a su invitado, el vocalista de la Banda Lim\u00f3n, Lorenzo M\u00e9ndez y cantar \u201cPor qu\u00e9 me habr\u00e1s besado\u201d, \u201cHasta que amanezca\u201d, \u201cInolvidale\u201d, \u201cBasta ya\u201d y \u201cVas a llorar\u201d.<\/p>\n<p>Luego vendr\u00eda Fernanda Castillo, con quien enton\u00f3 \u201cQuieres ser mi amante\u201d de Camilo Blanes y \u201cQuiero abrazarte tanto\u201d del compositor hispano V\u00edctor Manuiel.<\/p>\n<p>Detr\u00e1s de ella vend\u00eda Sebasti\u00e1n, el hijo de Edith M\u00e1rquez, para quien pidi\u00f3 una calurosa bienvenida y con quien comparti\u00f3 \u201cTe quise olvidar\u201d de Juan Gabriel.<\/p>\n","protected":false},"excerpt":{"rendered":"<p>La cantante mexicana, Edith M\u00e1rquez, se present\u00f3 en el Auditorio Nacional con un espect\u00e1culo dif\u00edcil de ser superado, por haber coincidido no s\u00f3lo en fechas (el Grito de Independencia y sus tres d\u00e9cadas de trayectoria), las agendas con sus cuatro invitados, el homenaje que le rindi\u00f3 a Juan Gabriel y la versatilidad que demostr\u00f3 al haberse acompa\u00f1ado con orquesta, banda, mariachi y pop con Los Y\u00f3nic\u2019s.<\/p>\n","protected":false},"author":5,"featured_media":289939,"comment_status":"open","ping_status":"open","sticky":false,"template":"","format":"standard","meta":{"_monsterinsights_skip_tracking":false,"_monsterinsights_sitenote_active":false,"_monsterinsights_sitenote_note":"","_monsterinsights_sitenote_category":0,"footnotes":""},"categories":[17,12],"tags":[471,15091,636,54052],"class_list":["post-289937","post","type-post","status-publish","format-standard","has-post-thumbnail","hentry","category-especiales","category-espectaculos","tag-auditorio-nacional","tag-divo-de-juarez","tag-edith-marquez","tag-q"],"_links":{"self":[{"href":"https:\/\/www.diarioimagen.net\/index.php?rest_route=\/wp\/v2\/posts\/289937","targetHints":{"allow":["GET"]}}],"collection":[{"href":"https:\/\/www.diarioimagen.net\/index.php?rest_route=\/wp\/v2\/posts"}],"about":[{"href":"https:\/\/www.diarioimagen.net\/index.php?rest_route=\/wp\/v2\/types\/post"}],"author":[{"embeddable":true,"href":"https:\/\/www.diarioimagen.net\/index.php?rest_route=\/wp\/v2\/users\/5"}],"replies":[{"embeddable":true,"href":"https:\/\/www.diarioimagen.net\/index.php?rest_route=%2Fwp%2Fv2%2Fcomments&post=289937"}],"version-history":[{"count":0,"href":"https:\/\/www.diarioimagen.net\/index.php?rest_route=\/wp\/v2\/posts\/289937\/revisions"}],"wp:featuredmedia":[{"embeddable":true,"href":"https:\/\/www.diarioimagen.net\/index.php?rest_route=\/wp\/v2\/media\/289939"}],"wp:attachment":[{"href":"https:\/\/www.diarioimagen.net\/index.php?rest_route=%2Fwp%2Fv2%2Fmedia&parent=289937"}],"wp:term":[{"taxonomy":"category","embeddable":true,"href":"https:\/\/www.diarioimagen.net\/index.php?rest_route=%2Fwp%2Fv2%2Fcategories&post=289937"},{"taxonomy":"post_tag","embeddable":true,"href":"https:\/\/www.diarioimagen.net\/index.php?rest_route=%2Fwp%2Fv2%2Ftags&post=289937"}],"curies":[{"name":"wp","href":"https:\/\/api.w.org\/{rel}","templated":true}]}}