{"id":289958,"date":"2016-09-21T00:07:20","date_gmt":"2016-09-21T05:07:20","guid":{"rendered":"http:\/\/www.diarioimagen.net\/?p=289958"},"modified":"2016-09-21T03:58:21","modified_gmt":"2016-09-21T08:58:21","slug":"gobierno-de-atizapan-recuerda-a-victimas-del-terremoto-del-85","status":"publish","type":"post","link":"https:\/\/www.diarioimagen.net\/?p=289958","title":{"rendered":"Gobierno de Atizap\u00e1n recuerda a v\u00edctimas del terremoto del 85"},"content":{"rendered":"<ul>\n<li><strong><em>Con un minuto de silencio<\/em><\/strong><\/li>\n<\/ul>\n<p>&nbsp;<\/p>\n<div id=\"attachment_290060\" style=\"width: 430px\" class=\"wp-caption aligncenter\"><a href=\"http:\/\/www.diarioimagen.net\/?attachment_id=290060\" rel=\"attachment wp-att-290060\"><img loading=\"lazy\" decoding=\"async\" aria-describedby=\"caption-attachment-290060\" class=\"size-large wp-image-290060\" src=\"http:\/\/www.diarioimagen.net\/wp-content\/uploads\/2016\/09\/ATIZAPAN-2958-420x236.jpg\" alt=\"Con un minuto de silencio se record\u00f3 a las miles de personas que lamentablemente perdieron la vida hace 31 a\u00f1os.\" width=\"420\" height=\"236\" srcset=\"https:\/\/www.diarioimagen.net\/wp-content\/uploads\/2016\/09\/ATIZAPAN-2958-420x236.jpg 420w, https:\/\/www.diarioimagen.net\/wp-content\/uploads\/2016\/09\/ATIZAPAN-2958-240x135.jpg 240w, https:\/\/www.diarioimagen.net\/wp-content\/uploads\/2016\/09\/ATIZAPAN-2958-235x132.jpg 235w, https:\/\/www.diarioimagen.net\/wp-content\/uploads\/2016\/09\/ATIZAPAN-2958-202x114.jpg 202w, https:\/\/www.diarioimagen.net\/wp-content\/uploads\/2016\/09\/ATIZAPAN-2958-350x196.jpg 350w, https:\/\/www.diarioimagen.net\/wp-content\/uploads\/2016\/09\/ATIZAPAN-2958-220x123.jpg 220w, https:\/\/www.diarioimagen.net\/wp-content\/uploads\/2016\/09\/ATIZAPAN-2958-237x132.jpg 237w, https:\/\/www.diarioimagen.net\/wp-content\/uploads\/2016\/09\/ATIZAPAN-2958.jpg 480w\" sizes=\"auto, (max-width: 420px) 100vw, 420px\" \/><\/a><p id=\"caption-attachment-290060\" class=\"wp-caption-text\">Con un minuto de silencio se record\u00f3 a las miles de personas que lamentablemente perdieron la vida hace 31 a\u00f1os.<\/p><\/div>\n<p>&nbsp;<\/p>\n<p><strong>Atizap\u00e1n, Estado de M\u00e9xico<\/strong>.- Al conmemorar un aniversario m\u00e1s de los sismos de 1985, el director de Seguridad Publica y Tr\u00e1nsito, Eduardo Gonz\u00e1lez Castillo, record\u00f3 con un minuto de silencio a las miles de personas que lamentablemente perdieron la vida hace 31 a\u00f1os el 19 de septiembre, asegurando que afortunadamente hoy la poblaci\u00f3n se encuentra mejor preparada para enfrentar este tipo de acontecimientos.<\/p>\n<p>Acompa\u00f1ado de trabajadores operativos y administrativos de esta dependencia, el comisario de Polic\u00eda, agradeci\u00f3 el apoyo de todos sus colaboradores, ya que al participar en este tipo de ejercicios de evacuaci\u00f3n, se refuerza la conciencia y el compromiso para salvaguardar no solo los bienes y seguridad de los ciudadanos, sino la integridad f\u00edsica de las familias de Atizap\u00e1n, estando mejor preparados para enfrentar situaciones de emergencia o desastres.<\/p>\n<p>El comisario Eduardo Gonz\u00e1lez destac\u00f3 la importancia de seguir fomentando la cultura de protecci\u00f3n civil entre la poblaci\u00f3n, como lo ha instruido la alcaldesa Ana Mar\u00eda Balderas Trejo e indic\u00f3 que la polic\u00eda cuenta con una brigada de elementos para actuar en consecuencia, donde el objetivo es seguir capacitando a m\u00e1s personal para tener una respuesta en el menor tiempo posible ante una situaci\u00f3n de emergencia, teniendo los conocimientos b\u00e1sicos de prevenci\u00f3n y seguridad.<\/p>\n<p>Cabe destacar que los elementos polic\u00edacos en coordinaci\u00f3n con Protecci\u00f3n Civil y Bomberos de Atizap\u00e1n, llevaron a cabo las actividades de desalojo de las oficinas municipales, tomando en cuenta la informaci\u00f3n que el Servicio Sismol\u00f3gico Nacional divulg\u00f3 sobre un alerta hipot\u00e9tico de sismo con escalas similares al temblor de hace 31 a\u00f1os de 8.1 grados Richter. Este sismo hipot\u00e9tico ocurrir\u00eda a 28 kil\u00f3metros al sur de Ayoyac de \u00c1lvarez, en el estado de Guerrero.<\/p>\n<p>&nbsp;<\/p>\n","protected":false},"excerpt":{"rendered":"<p>Al conmemorar un aniversario m\u00e1s de los sismos de 1985, el director de Seguridad Publica y Tr\u00e1nsito, Eduardo Gonz\u00e1lez Castillo, record\u00f3 con un minuto de silencio a las miles de personas que lamentablemente perdieron la vida hace 31 a\u00f1os el 19 de septiembre, asegurando que afortunadamente hoy la poblaci\u00f3n se encuentra mejor preparada para enfrentar este tipo de acontecimientos.<\/p>\n","protected":false},"author":3,"featured_media":290060,"comment_status":"open","ping_status":"open","sticky":false,"template":"","format":"standard","meta":{"_monsterinsights_skip_tracking":false,"_monsterinsights_sitenote_active":false,"_monsterinsights_sitenote_note":"","_monsterinsights_sitenote_category":0,"footnotes":""},"categories":[35155],"tags":[969,43675,643,5499],"class_list":["post-289958","post","type-post","status-publish","format-standard","has-post-thumbnail","hentry","category-estado-de-mexico-estado-de-mexico","tag-atizapan","tag-estado-de-mexico","tag-terremoto","tag-victimas"],"_links":{"self":[{"href":"https:\/\/www.diarioimagen.net\/index.php?rest_route=\/wp\/v2\/posts\/289958","targetHints":{"allow":["GET"]}}],"collection":[{"href":"https:\/\/www.diarioimagen.net\/index.php?rest_route=\/wp\/v2\/posts"}],"about":[{"href":"https:\/\/www.diarioimagen.net\/index.php?rest_route=\/wp\/v2\/types\/post"}],"author":[{"embeddable":true,"href":"https:\/\/www.diarioimagen.net\/index.php?rest_route=\/wp\/v2\/users\/3"}],"replies":[{"embeddable":true,"href":"https:\/\/www.diarioimagen.net\/index.php?rest_route=%2Fwp%2Fv2%2Fcomments&post=289958"}],"version-history":[{"count":0,"href":"https:\/\/www.diarioimagen.net\/index.php?rest_route=\/wp\/v2\/posts\/289958\/revisions"}],"wp:featuredmedia":[{"embeddable":true,"href":"https:\/\/www.diarioimagen.net\/index.php?rest_route=\/wp\/v2\/media\/290060"}],"wp:attachment":[{"href":"https:\/\/www.diarioimagen.net\/index.php?rest_route=%2Fwp%2Fv2%2Fmedia&parent=289958"}],"wp:term":[{"taxonomy":"category","embeddable":true,"href":"https:\/\/www.diarioimagen.net\/index.php?rest_route=%2Fwp%2Fv2%2Fcategories&post=289958"},{"taxonomy":"post_tag","embeddable":true,"href":"https:\/\/www.diarioimagen.net\/index.php?rest_route=%2Fwp%2Fv2%2Ftags&post=289958"}],"curies":[{"name":"wp","href":"https:\/\/api.w.org\/{rel}","templated":true}]}}