{"id":289960,"date":"2016-09-21T00:06:08","date_gmt":"2016-09-21T05:06:08","guid":{"rendered":"http:\/\/www.diarioimagen.net\/?p=289960"},"modified":"2016-09-21T03:56:16","modified_gmt":"2016-09-21T08:56:16","slug":"el-diputado-local-pablo-peralta-garcia-entrega-mas-apoyos-en-huixquilucan","status":"publish","type":"post","link":"https:\/\/www.diarioimagen.net\/?p=289960","title":{"rendered":"El diputado local Pablo Peralta Garc\u00eda entrega m\u00e1s apoyos en Huixquilucan"},"content":{"rendered":"<ul>\n<li><strong><em>Reconoce gesti\u00f3n de Eruviel \u00c1vila<\/em><\/strong><\/li>\n<\/ul>\n<p>&nbsp;<\/p>\n<div id=\"attachment_290054\" style=\"width: 430px\" class=\"wp-caption aligncenter\"><a href=\"http:\/\/www.diarioimagen.net\/?attachment_id=290054\" rel=\"attachment wp-att-290054\"><img loading=\"lazy\" decoding=\"async\" aria-describedby=\"caption-attachment-290054\" class=\"size-large wp-image-290054\" src=\"http:\/\/www.diarioimagen.net\/wp-content\/uploads\/2016\/09\/HUIXQUILUCAN-2958-420x236.jpg\" alt=\"Pablo Peralta Garc\u00eda puso en marcha el programa de entrega de cemento para la construcci\u00f3n de obras comunitarias.\" width=\"420\" height=\"236\" srcset=\"https:\/\/www.diarioimagen.net\/wp-content\/uploads\/2016\/09\/HUIXQUILUCAN-2958-420x236.jpg 420w, https:\/\/www.diarioimagen.net\/wp-content\/uploads\/2016\/09\/HUIXQUILUCAN-2958-240x135.jpg 240w, https:\/\/www.diarioimagen.net\/wp-content\/uploads\/2016\/09\/HUIXQUILUCAN-2958-235x132.jpg 235w, https:\/\/www.diarioimagen.net\/wp-content\/uploads\/2016\/09\/HUIXQUILUCAN-2958-202x114.jpg 202w, https:\/\/www.diarioimagen.net\/wp-content\/uploads\/2016\/09\/HUIXQUILUCAN-2958-350x196.jpg 350w, https:\/\/www.diarioimagen.net\/wp-content\/uploads\/2016\/09\/HUIXQUILUCAN-2958-220x123.jpg 220w, https:\/\/www.diarioimagen.net\/wp-content\/uploads\/2016\/09\/HUIXQUILUCAN-2958-237x132.jpg 237w, https:\/\/www.diarioimagen.net\/wp-content\/uploads\/2016\/09\/HUIXQUILUCAN-2958.jpg 480w\" sizes=\"auto, (max-width: 420px) 100vw, 420px\" \/><\/a><p id=\"caption-attachment-290054\" class=\"wp-caption-text\">Pablo Peralta Garc\u00eda puso en marcha el programa de entrega de cemento para la construcci\u00f3n de obras comunitarias.<\/p><\/div>\n<p>&nbsp;<\/p>\n<p><strong>Huixquilucan, Estado de M\u00e9xico<\/strong>.- A un a\u00f1o de haber rendido protesta como diputado local, Pablo Peralta Garc\u00eda contin\u00faa realizando giras en las que hace entrega de m\u00faltiples apoyos.<\/p>\n<p>Hasta en dos eventos distintos efectuados en la zona popular de Huixquilucan, Peralta Garc\u00eda puso en marcha el programa de entrega de cemento para la construcci\u00f3n de obras comunitarias \u201ccon el que se coadyuva a mejorar la infraestructura de los pueblos, rancher\u00edas y colonias del municipio\u201d.<\/p>\n<p>Ante cientos de personas, el legislador entreg\u00f3 cemento para las colonias de la zona descrita, como Pirules y Mont\u00f3n Cuarteles, adem\u00e1s de paquetes nutricionales y cobijas, con el prop\u00f3sito de anticiparse a la temporada invernal.<\/p>\n<p>Acompa\u00f1ado de autoridades auxiliares y l\u00edderes sociales de las comunidades, Pablo Peralta reconoci\u00f3 la gesti\u00f3n hecha por el gobernador Eruviel \u00c1vila.<\/p>\n<p>Record\u00f3 del mandatario que \u00e9ste se encuentra pr\u00f3ximo a rendir su quinto y pen\u00faltimo informe de gobierno.<\/p>\n<p>El diputado local adelant\u00f3 en este marco que \u00e9l mismo continuar\u00e1 con sus recorridos por Huixquilucan \u201cpara apoyar a las comunidades que lo requieran, justamente con la entrega de m\u00e1s cemento\u201d.<\/p>\n<p>Por \u00faltimo, Peralta Garc\u00eda se comprometi\u00f3 a trabajar en el Congreso local en el que \u2013en un a\u00f1o de labor legislativa\u2013 se han aprobado 260 iniciativas y expedido 12 nuevas leyes que contribuyen a modernizar el marco jur\u00eddico estatal\u201d.<\/p>\n<p>&nbsp;<\/p>\n","protected":false},"excerpt":{"rendered":"<p>A un a\u00f1o de haber rendido protesta como diputado local, Pablo Peralta Garc\u00eda contin\u00faa realizando giras en las que hace entrega de m\u00faltiples apoyos.<\/p>\n","protected":false},"author":3,"featured_media":290054,"comment_status":"open","ping_status":"open","sticky":false,"template":"","format":"standard","meta":{"_monsterinsights_skip_tracking":false,"_monsterinsights_sitenote_active":false,"_monsterinsights_sitenote_note":"","_monsterinsights_sitenote_category":0,"footnotes":""},"categories":[35155],"tags":[11821,43675,1097,53737],"class_list":["post-289960","post","type-post","status-publish","format-standard","has-post-thumbnail","hentry","category-estado-de-mexico-estado-de-mexico","tag-diputado","tag-estado-de-mexico","tag-huixquilucan","tag-pablo-peralta-garcia"],"_links":{"self":[{"href":"https:\/\/www.diarioimagen.net\/index.php?rest_route=\/wp\/v2\/posts\/289960","targetHints":{"allow":["GET"]}}],"collection":[{"href":"https:\/\/www.diarioimagen.net\/index.php?rest_route=\/wp\/v2\/posts"}],"about":[{"href":"https:\/\/www.diarioimagen.net\/index.php?rest_route=\/wp\/v2\/types\/post"}],"author":[{"embeddable":true,"href":"https:\/\/www.diarioimagen.net\/index.php?rest_route=\/wp\/v2\/users\/3"}],"replies":[{"embeddable":true,"href":"https:\/\/www.diarioimagen.net\/index.php?rest_route=%2Fwp%2Fv2%2Fcomments&post=289960"}],"version-history":[{"count":0,"href":"https:\/\/www.diarioimagen.net\/index.php?rest_route=\/wp\/v2\/posts\/289960\/revisions"}],"wp:featuredmedia":[{"embeddable":true,"href":"https:\/\/www.diarioimagen.net\/index.php?rest_route=\/wp\/v2\/media\/290054"}],"wp:attachment":[{"href":"https:\/\/www.diarioimagen.net\/index.php?rest_route=%2Fwp%2Fv2%2Fmedia&parent=289960"}],"wp:term":[{"taxonomy":"category","embeddable":true,"href":"https:\/\/www.diarioimagen.net\/index.php?rest_route=%2Fwp%2Fv2%2Fcategories&post=289960"},{"taxonomy":"post_tag","embeddable":true,"href":"https:\/\/www.diarioimagen.net\/index.php?rest_route=%2Fwp%2Fv2%2Ftags&post=289960"}],"curies":[{"name":"wp","href":"https:\/\/api.w.org\/{rel}","templated":true}]}}