{"id":289962,"date":"2016-09-21T00:05:46","date_gmt":"2016-09-21T05:05:46","guid":{"rendered":"http:\/\/www.diarioimagen.net\/?p=289962"},"modified":"2016-09-21T03:57:02","modified_gmt":"2016-09-21T08:57:02","slug":"cuautitlan-izcalli-firma-convenio-con-suteym","status":"publish","type":"post","link":"https:\/\/www.diarioimagen.net\/?p=289962","title":{"rendered":"Cuautitl\u00e1n Izcalli firma convenio con SUTEyM"},"content":{"rendered":"<div id=\"attachment_290057\" style=\"width: 430px\" class=\"wp-caption aligncenter\"><a href=\"http:\/\/www.diarioimagen.net\/?attachment_id=290057\" rel=\"attachment wp-att-290057\"><img loading=\"lazy\" decoding=\"async\" aria-describedby=\"caption-attachment-290057\" class=\"size-large wp-image-290057\" src=\"http:\/\/www.diarioimagen.net\/wp-content\/uploads\/2016\/09\/CUAUTITLAN-2958-420x236.jpg\" alt=\"Pablo Peralta Garc\u00eda puso en marcha el programa de entrega de cemento para la construcci\u00f3n de obras comunitarias.\" width=\"420\" height=\"236\" srcset=\"https:\/\/www.diarioimagen.net\/wp-content\/uploads\/2016\/09\/CUAUTITLAN-2958-420x236.jpg 420w, https:\/\/www.diarioimagen.net\/wp-content\/uploads\/2016\/09\/CUAUTITLAN-2958-240x135.jpg 240w, https:\/\/www.diarioimagen.net\/wp-content\/uploads\/2016\/09\/CUAUTITLAN-2958-235x132.jpg 235w, https:\/\/www.diarioimagen.net\/wp-content\/uploads\/2016\/09\/CUAUTITLAN-2958-202x114.jpg 202w, https:\/\/www.diarioimagen.net\/wp-content\/uploads\/2016\/09\/CUAUTITLAN-2958-350x196.jpg 350w, https:\/\/www.diarioimagen.net\/wp-content\/uploads\/2016\/09\/CUAUTITLAN-2958-220x123.jpg 220w, https:\/\/www.diarioimagen.net\/wp-content\/uploads\/2016\/09\/CUAUTITLAN-2958-237x132.jpg 237w, https:\/\/www.diarioimagen.net\/wp-content\/uploads\/2016\/09\/CUAUTITLAN-2958.jpg 480w\" sizes=\"auto, (max-width: 420px) 100vw, 420px\" \/><\/a><p id=\"caption-attachment-290057\" class=\"wp-caption-text\">Pablo Peralta Garc\u00eda puso en marcha el programa de entrega de cemento para la construcci\u00f3n de obras comunitarias.<\/p><\/div>\n<p>&nbsp;<\/p>\n<p><strong> Cuautitl\u00e1n Izcalli , Estado de M\u00e9xico.-<\/strong> El alcalde V\u00edctor Estrada firm\u00f3 un convenio con el Sindicato \u00danico deTtrabajadores de los Poderes, Municipios e Instituciones Descentralizadas del Estado de M\u00e9xico (SUTEyM) al frente del secretario general Herminio Cahue Calder\u00f3n para mejorar las percepciones salariales de empleados sindicalizados del Ayuntamiento para que accedan a una mejor calidad de vida.<\/p>\n<p>&nbsp;<\/p>\n<p>&nbsp;<\/p>\n","protected":false},"excerpt":{"rendered":"<p>El alcalde V\u00edctor Estrada firm\u00f3 un convenio con el Sindicato \u00danico deTtrabajadores de los Poderes, Municipios e Instituciones Descentralizadas del Estado de M\u00e9xico (SUTEyM) al frente del secretario general Herminio Cahue Calder\u00f3n para mejorar las percepciones salariales de empleados sindicalizados del Ayuntamiento para que accedan a una mejor calidad de vida.<\/p>\n","protected":false},"author":3,"featured_media":290057,"comment_status":"open","ping_status":"open","sticky":false,"template":"","format":"standard","meta":{"_monsterinsights_skip_tracking":false,"_monsterinsights_sitenote_active":false,"_monsterinsights_sitenote_note":"","_monsterinsights_sitenote_category":0,"footnotes":""},"categories":[35155],"tags":[971,43675,47791],"class_list":["post-289962","post","type-post","status-publish","format-standard","has-post-thumbnail","hentry","category-estado-de-mexico-estado-de-mexico","tag-cuautitlan-izcalli","tag-estado-de-mexico","tag-victor-estrada-garibay"],"_links":{"self":[{"href":"https:\/\/www.diarioimagen.net\/index.php?rest_route=\/wp\/v2\/posts\/289962","targetHints":{"allow":["GET"]}}],"collection":[{"href":"https:\/\/www.diarioimagen.net\/index.php?rest_route=\/wp\/v2\/posts"}],"about":[{"href":"https:\/\/www.diarioimagen.net\/index.php?rest_route=\/wp\/v2\/types\/post"}],"author":[{"embeddable":true,"href":"https:\/\/www.diarioimagen.net\/index.php?rest_route=\/wp\/v2\/users\/3"}],"replies":[{"embeddable":true,"href":"https:\/\/www.diarioimagen.net\/index.php?rest_route=%2Fwp%2Fv2%2Fcomments&post=289962"}],"version-history":[{"count":0,"href":"https:\/\/www.diarioimagen.net\/index.php?rest_route=\/wp\/v2\/posts\/289962\/revisions"}],"wp:featuredmedia":[{"embeddable":true,"href":"https:\/\/www.diarioimagen.net\/index.php?rest_route=\/wp\/v2\/media\/290057"}],"wp:attachment":[{"href":"https:\/\/www.diarioimagen.net\/index.php?rest_route=%2Fwp%2Fv2%2Fmedia&parent=289962"}],"wp:term":[{"taxonomy":"category","embeddable":true,"href":"https:\/\/www.diarioimagen.net\/index.php?rest_route=%2Fwp%2Fv2%2Fcategories&post=289962"},{"taxonomy":"post_tag","embeddable":true,"href":"https:\/\/www.diarioimagen.net\/index.php?rest_route=%2Fwp%2Fv2%2Ftags&post=289962"}],"curies":[{"name":"wp","href":"https:\/\/api.w.org\/{rel}","templated":true}]}}