{"id":289972,"date":"2016-09-21T00:03:19","date_gmt":"2016-09-21T05:03:19","guid":{"rendered":"http:\/\/www.diarioimagen.net\/?p=289972"},"modified":"2016-09-21T04:00:32","modified_gmt":"2016-09-21T09:00:32","slug":"tras-dos-anos-de-cierre-entregan-en-tultitlan-el-centro-de-salud-alborada-i","status":"publish","type":"post","link":"https:\/\/www.diarioimagen.net\/?p=289972","title":{"rendered":"Tras dos a\u00f1os de cierre, entregan en Tultitl\u00e1n el centro de salud Alborada I"},"content":{"rendered":"<ul>\n<li><strong><em>Brindar\u00e1 atenci\u00f3n m\u00e9dica de calidad<\/em><\/strong><\/li>\n<\/ul>\n<p>&nbsp;<\/p>\n<div id=\"attachment_290066\" style=\"width: 430px\" class=\"wp-caption aligncenter\"><a href=\"http:\/\/www.diarioimagen.net\/?attachment_id=290066\" rel=\"attachment wp-att-290066\"><img loading=\"lazy\" decoding=\"async\" aria-describedby=\"caption-attachment-290066\" class=\"size-large wp-image-290066\" src=\"http:\/\/www.diarioimagen.net\/wp-content\/uploads\/2016\/09\/TULTITLAN-2958-420x236.jpg\" alt=\"El alcalde Ad\u00e1n Barr\u00f3n Elizalde y el secretario de Salud del Edomex, C\u00e9sar G\u00f3mez, entregaron el centro de salud Alborada I.\" width=\"420\" height=\"236\" srcset=\"https:\/\/www.diarioimagen.net\/wp-content\/uploads\/2016\/09\/TULTITLAN-2958-420x236.jpg 420w, https:\/\/www.diarioimagen.net\/wp-content\/uploads\/2016\/09\/TULTITLAN-2958-240x135.jpg 240w, https:\/\/www.diarioimagen.net\/wp-content\/uploads\/2016\/09\/TULTITLAN-2958-235x132.jpg 235w, https:\/\/www.diarioimagen.net\/wp-content\/uploads\/2016\/09\/TULTITLAN-2958-202x114.jpg 202w, https:\/\/www.diarioimagen.net\/wp-content\/uploads\/2016\/09\/TULTITLAN-2958-350x196.jpg 350w, https:\/\/www.diarioimagen.net\/wp-content\/uploads\/2016\/09\/TULTITLAN-2958-220x123.jpg 220w, https:\/\/www.diarioimagen.net\/wp-content\/uploads\/2016\/09\/TULTITLAN-2958-237x132.jpg 237w, https:\/\/www.diarioimagen.net\/wp-content\/uploads\/2016\/09\/TULTITLAN-2958.jpg 480w\" sizes=\"auto, (max-width: 420px) 100vw, 420px\" \/><\/a><p id=\"caption-attachment-290066\" class=\"wp-caption-text\">El alcalde Ad\u00e1n Barr\u00f3n Elizalde y el secretario de Salud del Edomex, C\u00e9sar G\u00f3mez, entregaron el centro de salud Alborada I.<\/p><\/div>\n<p>&nbsp;<\/p>\n<p><strong>Tultitl\u00e1n, Estado de M\u00e9xico<\/strong>.- Con la finalidad de brindar un servicio de salud de calidad y mantener en condiciones \u00f3ptimas las instalaciones m\u00e9dicas, el gobierno tultitlense y la Secretar\u00eda de Salud del\u00a0Estado de M\u00e9xico, rehabilit\u00f3 el centro de salud Alborada I,, ubicado en la zona oriente del municipio.<\/p>\n<p>El presidente municipal Ad\u00e1n Barr\u00f3n Elizalde, agradeci\u00f3 al secretario de Salud y al gobernador del Estado de M\u00e9xico por traer apoyos al municipio, \u201cestoy muy contento de que se haya rehabilitado este centro de salud ya que ten\u00eda dos a\u00f1os cerrado y hoy vuelve a funcionar con instalaciones calidad y un mejor servicio para toda la ciudadan\u00eda\u201d<\/p>\n<p>Tambi\u00e9n resalt\u00f3 que actualmente el municipio cuenta con cinco centros de salud funcionando en todo el territorio y pr\u00f3ximamente se abrir\u00e1 el doble de las que hay para que m\u00e1s familias sean atendidas de manera eficiente y a partir de enero se dar\u00e1n consultas los d\u00edas s\u00e1bados y domingos.<\/p>\n<p>Al respecto, C\u00e9sar G\u00f3mez, secretario de Salud estatal,\u00a0coment\u00f3 que\u00a0adem\u00e1s de la restauraci\u00f3n de las instalaciones, tambi\u00e9n se realizan trabajos de ampliaci\u00f3n y equipamiento;\u00a0 dijo que los\u00a0centros\u00a0de salud son mejorados no s\u00f3lo en cuestiones de fachada, pintura y material de construcci\u00f3n; sino tambi\u00e9n al interior, donde se renovaron salas de consulta, \u00e1reas de mantenimiento de vacunas, \u00e1reas verdes, sanitarios, entre otras.<\/p>\n<p>\u201cGracias al gobernador del Estado de M\u00e9xico, Eruviel \u00c1vila y al presidente municipal por hacer gestiones en materia de salud, quien hace todo lo posible por cumplirle a los tultitlenses con seriedad y vocaci\u00f3n de servicio\u201d.<\/p>\n<p>Adem\u00e1s, indic\u00f3 que los trabajos de mantenimiento y conservaci\u00f3n permiten una atenci\u00f3n digna a los pacientes y un ambiente laboral funcional y agradable para el personal m\u00e9dico y administrativo, as\u00ed como se\u00f1alizaci\u00f3n, equipamiento de \u00e1reas como consultorio dental, instalaci\u00f3n de m\u00f3dulos de salud reproductiva, entre otros trabajos, son parte del mantenimiento a las unidades de este municipio que realiza de manera permanente el gobierno estatal y municipal en los centros de salud de la localidad.<\/p>\n<p>&nbsp;<\/p>\n","protected":false},"excerpt":{"rendered":"<p>Con la finalidad de brindar un servicio de salud de calidad y mantener en condiciones \u00f3ptimas las instalaciones m\u00e9dicas, el gobierno tultitlense y la Secretar\u00eda de Salud del Estado de M\u00e9xico, rehabilit\u00f3 el centro de salud Alborada I,, ubicado en la zona oriente del municipio.<\/p>\n","protected":false},"author":3,"featured_media":290066,"comment_status":"open","ping_status":"open","sticky":false,"template":"","format":"standard","meta":{"_monsterinsights_skip_tracking":false,"_monsterinsights_sitenote_active":false,"_monsterinsights_sitenote_note":"","_monsterinsights_sitenote_category":0,"footnotes":""},"categories":[35155],"tags":[47118,43675,43692,578],"class_list":["post-289972","post","type-post","status-publish","format-standard","has-post-thumbnail","hentry","category-estado-de-mexico-estado-de-mexico","tag-adan-barron-elizalde","tag-estado-de-mexico","tag-salud","tag-tultitlan"],"_links":{"self":[{"href":"https:\/\/www.diarioimagen.net\/index.php?rest_route=\/wp\/v2\/posts\/289972","targetHints":{"allow":["GET"]}}],"collection":[{"href":"https:\/\/www.diarioimagen.net\/index.php?rest_route=\/wp\/v2\/posts"}],"about":[{"href":"https:\/\/www.diarioimagen.net\/index.php?rest_route=\/wp\/v2\/types\/post"}],"author":[{"embeddable":true,"href":"https:\/\/www.diarioimagen.net\/index.php?rest_route=\/wp\/v2\/users\/3"}],"replies":[{"embeddable":true,"href":"https:\/\/www.diarioimagen.net\/index.php?rest_route=%2Fwp%2Fv2%2Fcomments&post=289972"}],"version-history":[{"count":0,"href":"https:\/\/www.diarioimagen.net\/index.php?rest_route=\/wp\/v2\/posts\/289972\/revisions"}],"wp:featuredmedia":[{"embeddable":true,"href":"https:\/\/www.diarioimagen.net\/index.php?rest_route=\/wp\/v2\/media\/290066"}],"wp:attachment":[{"href":"https:\/\/www.diarioimagen.net\/index.php?rest_route=%2Fwp%2Fv2%2Fmedia&parent=289972"}],"wp:term":[{"taxonomy":"category","embeddable":true,"href":"https:\/\/www.diarioimagen.net\/index.php?rest_route=%2Fwp%2Fv2%2Fcategories&post=289972"},{"taxonomy":"post_tag","embeddable":true,"href":"https:\/\/www.diarioimagen.net\/index.php?rest_route=%2Fwp%2Fv2%2Ftags&post=289972"}],"curies":[{"name":"wp","href":"https:\/\/api.w.org\/{rel}","templated":true}]}}