{"id":290108,"date":"2016-09-22T00:04:51","date_gmt":"2016-09-22T05:04:51","guid":{"rendered":"http:\/\/www.diarioimagen.net\/?p=290108"},"modified":"2016-09-23T00:24:46","modified_gmt":"2016-09-23T05:24:46","slug":"reserva-federal-mantiene-sin-cambios-su-tasa-de-interes","status":"publish","type":"post","link":"https:\/\/www.diarioimagen.net\/?p=290108","title":{"rendered":"Reserva Federal mantiene sin cambios tasa de inter\u00e9s"},"content":{"rendered":"<ul>\n<li><strong><em>D\u00f3lar se cotiz\u00f3 hasta en 20.27 pesos<\/em><\/strong><\/li>\n<\/ul>\n<p>&nbsp;<\/p>\n<div id=\"attachment_290109\" style=\"width: 430px\" class=\"wp-caption aligncenter\"><a href=\"http:\/\/www.diarioimagen.net\/?attachment_id=290109\" rel=\"attachment wp-att-290109\"><img loading=\"lazy\" decoding=\"async\" aria-describedby=\"caption-attachment-290109\" class=\"size-large wp-image-290109\" src=\"http:\/\/www.diarioimagen.net\/wp-content\/uploads\/2016\/09\/TASAS22-portal-420x245.jpg\" alt=\"La Fed decidi\u00f3 mantener sin cambios la pol\u00edtica monetaria de Estados Unidos.\" width=\"420\" height=\"245\" srcset=\"https:\/\/www.diarioimagen.net\/wp-content\/uploads\/2016\/09\/TASAS22-portal-420x245.jpg 420w, https:\/\/www.diarioimagen.net\/wp-content\/uploads\/2016\/09\/TASAS22-portal-240x140.jpg 240w, https:\/\/www.diarioimagen.net\/wp-content\/uploads\/2016\/09\/TASAS22-portal.jpg 480w\" sizes=\"auto, (max-width: 420px) 100vw, 420px\" \/><\/a><p id=\"caption-attachment-290109\" class=\"wp-caption-text\">La Fed decidi\u00f3 mantener sin cambios la pol\u00edtica monetaria de Estados Unidos.<\/p><\/div>\n<p>&nbsp;<\/p>\n<p>La Reserva Federal (Fed) decidi\u00f3 ayer mi\u00e9rcoles mantener sin cambios la pol\u00edtica monetaria de Estados Unidos, por lo que mantuvo la tasa de fondos federales en su nivel de banda variable de 0.25 a 0.50 por ciento, pero dej\u00f3 abierta la posibilidad de elevarlas para finales de este a\u00f1o.<\/p>\n<p>El Comit\u00e9 se\u00f1al\u00f3 al final de su reuni\u00f3n que a\u00fan cuando existe justificaci\u00f3n para un alza en la tasa de fondos federales, decidi\u00f3 mantenerlas inalterables hasta que haya m\u00e1s evidencias de progresos hacia su meta de m\u00e1ximo empleo y una inflaci\u00f3n del 2.0 por ciento.<\/p>\n<p>\u201cEsta posici\u00f3n de pol\u00edtica monetaria sigue siendo acomodaticia\u201d, agreg\u00f3 la entidad.<\/p>\n<p>Por separado, el Banco Central estadunidense moder\u00f3 sus proyecciones del crecimiento para la econom\u00eda estadunidense a un rango de entre 1.7 y 1.9 por ciento en 2016, un descenso en relaci\u00f3n con sus estimaciones originales de 1.9 a 2.0 por ciento.<\/p>\n<p>Asimismo, la Fed anticip\u00f3 que la tasa nacional de desempleo oscilar\u00e1 entre 4.7 y 4.9 por ciento este a\u00f1o, comparado con la proyecci\u00f3n original de 4.6 a 4.8 por ciento.<\/p>\n<p>Para la inflaci\u00f3n central, que excluye los vol\u00e1tiles precios de los energ\u00e9ticos y los alimentos, su estimaci\u00f3n se mantuvo sin cambios en un nivel de entre 1.6 y 1.8 por ciento para 2016.<\/p>\n<p>En su declaraci\u00f3n, el Comit\u00e9 de Mercado Abierto indic\u00f3 que para la determinaci\u00f3n de eventuales ajustes a la tasa de fondos federales se evaluar\u00e1n las condiciones econ\u00f3micas en relaci\u00f3n con las metas de capacidad m\u00e1xima de empleo e inflaci\u00f3n en un nivel de 2.0 por ciento.<\/p>\n<p>Entre los factores a consideraci\u00f3n, el Comit\u00e9 mencion\u00f3 el estado de los mercados laborales, la presiones y expectativas inflacionarias, as\u00ed como la interpretaci\u00f3n de los sucesos financieros internacionales.<\/p>\n<p>De los 10 integrantes del comit\u00e9, siete -incluyendo a la presidenta y el vicepresidente- votaron a favor de la media y s\u00f3lo tres votaron en contra con la propuesta de elevar la tasa a un rango de entre 0.50 por ciento y 0.75 por ciento.<\/p>\n<p>En Estados Unidos, el mercado accionario elev\u00f3 sus ganancias tras conocer la decisi\u00f3n de la Fed de dejar sin cambio sus tasas, aunque un incremento todav\u00eda est\u00e1 previsto para este a\u00f1o.<\/p>\n<p style=\"text-align: center;\"><strong>Presidenta de la Fed rechaza criterios pol\u00edticos <\/strong><\/p>\n<p>La presidenta de la Reserva Federal de Estados Unidos, Janet Yellen, rechaz\u00f3 \u201cenf\u00e1ticamente\u201d que las campa\u00f1as presidenciales hayan sido un factor en la decisi\u00f3n del banco central de mantener intacta la pol\u00edtica monetaria.<\/p>\n<p>\u201cPuedo decir enf\u00e1ticamente que la pol\u00edtica partidista no juega ning\u00fan papel en nuestras decisiones sobre la posici\u00f3n de la pol\u00edtica monetaria\u201d, dijo en rueda de prensa este mi\u00e9rcoles, tras la reuni\u00f3n del Comit\u00e9 de Mercado Abierto de la Fed.<\/p>\n<p>\u201cEstamos tratando de decidir la mejor pol\u00edtica posible para alentar la estabilidad en los precios y m\u00e1ximo empleo, as\u00ed como manejar los diversos riesgos que opinamos pueden afectar el resultado. No discutimos pol\u00edtica en nuestras reuniones y no la consideramos\u201d, puntualiz\u00f3.<\/p>\n<p>Yellen realiz\u00f3 la aclaraci\u00f3n ante la acusaci\u00f3n del candidato presidencial republicano Donald Trump, quien afirm\u00f3 que la Fed ha mantenido las tasas artificialmente bajas para apoyar a la administraci\u00f3n del presidente Barack Obama.<\/p>\n<p style=\"text-align: center;\"><strong>D\u00f3lar llega a 20.27 pesos tras anuncio de la Fed<\/strong><\/p>\n<p>El d\u00f3lar libre finaliz\u00f3 la jornada con un avance de 14 centavos respecto al cierre previo, al venderse en un m\u00e1ximo de 20.27 pesos, mientras que se compr\u00f3 en un m\u00ednimo de 19.08 pesos en bancos de la Ciudad de M\u00e9xico.<\/p>\n<p>A su vez, el euro se ofreci\u00f3 hasta en 22.58 pesos, lo que represent\u00f3 un incremento de tres centavos; en tanto que la libra esterlina cerr\u00f3 en 26.19 pesos y el yen japon\u00e9s alcanz\u00f3 un precio de 0.232 pesos por unidad.<\/p>\n<p>En l\u00ednea con lo esperado por los mercados, incluido el cambiario, la Reserva Federal (Fed) de Estados Unidos dej\u00f3 sin cambio la tasa de inter\u00e9s del fondeo en su reciente reuni\u00f3n.<\/p>\n","protected":false},"excerpt":{"rendered":"<p>La Reserva Federal (Fed) decidi\u00f3 ayer mi\u00e9rcoles mantener sin cambios la pol\u00edtica monetaria de Estados Unidos, por lo que mantuvo la tasa de fondos federales en su nivel de banda variable de 0.25 a 0.50 por ciento, pero dej\u00f3 abierta la posibilidad de elevarlas para finales de este a\u00f1o.<\/p>\n","protected":false},"author":5,"featured_media":290109,"comment_status":"open","ping_status":"open","sticky":false,"template":"","format":"standard","meta":{"_monsterinsights_skip_tracking":false,"_monsterinsights_sitenote_active":false,"_monsterinsights_sitenote_note":"","_monsterinsights_sitenote_category":0,"footnotes":""},"categories":[8],"tags":[9887,177,43678,45770,47317],"class_list":["post-290108","post","type-post","status-publish","format-standard","has-post-thumbnail","hentry","category-finanzas","tag-cambios","tag-estados-unidos","tag-finanzas","tag-reserva-federal","tag-tasa-de-interes"],"_links":{"self":[{"href":"https:\/\/www.diarioimagen.net\/index.php?rest_route=\/wp\/v2\/posts\/290108","targetHints":{"allow":["GET"]}}],"collection":[{"href":"https:\/\/www.diarioimagen.net\/index.php?rest_route=\/wp\/v2\/posts"}],"about":[{"href":"https:\/\/www.diarioimagen.net\/index.php?rest_route=\/wp\/v2\/types\/post"}],"author":[{"embeddable":true,"href":"https:\/\/www.diarioimagen.net\/index.php?rest_route=\/wp\/v2\/users\/5"}],"replies":[{"embeddable":true,"href":"https:\/\/www.diarioimagen.net\/index.php?rest_route=%2Fwp%2Fv2%2Fcomments&post=290108"}],"version-history":[{"count":0,"href":"https:\/\/www.diarioimagen.net\/index.php?rest_route=\/wp\/v2\/posts\/290108\/revisions"}],"wp:featuredmedia":[{"embeddable":true,"href":"https:\/\/www.diarioimagen.net\/index.php?rest_route=\/wp\/v2\/media\/290109"}],"wp:attachment":[{"href":"https:\/\/www.diarioimagen.net\/index.php?rest_route=%2Fwp%2Fv2%2Fmedia&parent=290108"}],"wp:term":[{"taxonomy":"category","embeddable":true,"href":"https:\/\/www.diarioimagen.net\/index.php?rest_route=%2Fwp%2Fv2%2Fcategories&post=290108"},{"taxonomy":"post_tag","embeddable":true,"href":"https:\/\/www.diarioimagen.net\/index.php?rest_route=%2Fwp%2Fv2%2Ftags&post=290108"}],"curies":[{"name":"wp","href":"https:\/\/api.w.org\/{rel}","templated":true}]}}