{"id":290155,"date":"2016-09-22T00:01:36","date_gmt":"2016-09-22T05:01:36","guid":{"rendered":"http:\/\/www.diarioimagen.net\/?p=290155"},"modified":"2016-09-23T02:48:18","modified_gmt":"2016-09-23T07:48:18","slug":"para-celebrar-el-dia-mundial-del-turismo-el-titular-de-la-sectur-guanajuato-da-a-conocer-algunas-actividades","status":"publish","type":"post","link":"https:\/\/www.diarioimagen.net\/?p=290155","title":{"rendered":"Para celebrar el D\u00eda Mundial del Turismo, el titular de la Sectur-Guanajuato da a conocer algunas actividades"},"content":{"rendered":"<h2>De cinco estrellas<\/h2>\n<h5>Victoria Gonz\u00e1lez Prado<\/h5>\n<p>&nbsp;<\/p>\n<ul>\n<li><em><strong>Quito, capital de Ecuador, considerada una de las ciudades capitales m\u00e1s segura de Am\u00e9rica Latina<\/strong><\/em><\/li>\n<li><em><strong>La plataforma online de venta de boletos de autob\u00fas, anuncia alianza con importante l\u00ednea de autobuses<\/strong><\/em><\/li>\n<\/ul>\n<p><strong>\u00a0<\/strong><\/p>\n<p><strong>Fernando Olivera Rocha<\/strong>, secretario de Turismo de Guanajuato, present\u00f3 las actividades que se realizar\u00e1n el pr\u00f3ximo 25 de septiembre como parte de la celebraci\u00f3n del \u2018D\u00eda Mundial del Turismo\u2019 que se conmemora el 27 de septiembre.<\/p>\n<p>Con el lema \u2018Turismo para todos: promover la accesibilidad universal\u2019, la Sectur-Guanajuato busca difundir y compartir parte de la riqueza hist\u00f3rica, arquitect\u00f3nica y cultural de la entidad, poniendo al alcance de ni\u00f1os, personas con discapacidad, adultos mayores y el p\u00fablico en general una serie de actividades que fomentan la identidad y permitan conocer la oferta tur\u00edstica del estado.<\/p>\n<p>El titular de Turismo en Guanajuato indic\u00f3: \u201cel tema que la Organizaci\u00f3n Mundial del Turismo considera para el 2016 es el Turismo Accesible, es hablar de la creaci\u00f3n de entornos que tengan en cuenta las necesidades de todos los que viajan o se quedan en casa\u201d.<\/p>\n<p>De manera simult\u00e1nea, se realizar\u00e1n actividades en los Paradores Tur\u00edsticos: Mineral de Pozos, ubicado en el municipio de San Luis de la Paz; Corralejo, en el municipio de P\u00e9njamo; Sangre de Cristo, en el municipio de Guanajuato; Jos\u00e9 Alfredo Jim\u00e9nez, en Dolores Hidalgo, as\u00ed como en el Museo del Vino, en un horario de 11:00 a 18:00 horas.<\/p>\n<p><strong>Olivera Rocha<\/strong> precis\u00f3 que durante este d\u00eda, a excepci\u00f3n del Museo de las Momias, todas las museograf\u00edas de los diferentes Paradores Tur\u00edsticos tendr\u00e1n acceso gratuito.<\/p>\n<p>Entre las actividades a realizarse en los paradores tur\u00edsticos destaca: talleres, exposiciones, venta de productos artesanales gastron\u00f3micos, actividades infantiles, activaciones f\u00edsicas y actividades de aventura como: senderismo, ciclismo, renta de motos, caballos, <em>trac-tour.<\/em> Adem\u00e1s, los asistentes se podr\u00e1n deleitar con los alimentos de las Cocineras Tradicionales.<\/p>\n<p>En el Museo del Vino se montar\u00e1 un mercadito con venta de productos artesanales, como: cajeta, quesos, cerveza artesanal, tequila, salsas, destilados de agave, conservas, tumbag\u00f3n, productos derivados de la fresa, mole tradicional, productos de lavanda, de miel, nopal y xoconostle, entre otros.<\/p>\n<p>Adem\u00e1s, en el marco de esta celebraci\u00f3n se realizar\u00e1 la primera. Rodada Ciclista \u2018Jos\u00e9 Alfredo Jim\u00e9nez\u2019 en Dolores Hidalgo, Cuna de la Independencia Nacional, que partir\u00e1 del Parador Tur\u00edstico con el mismo nombre.<\/p>\n<p>Contempla tres categor\u00edas: avanzados, intermedios y familiar, con incentivo para los tres primeros lugares de las dos primeras categor\u00edas e incentivo para el primer lugar de la categor\u00eda familiar. La inscripci\u00f3n es totalmente gratuita con cupo limitado, los interesados podr\u00e1n inscribirse en la p\u00e1gina de <em>Facebook<\/em> Las Bicis organizaciones y M\u00e1s.<\/p>\n<p>La Sectur continuar\u00e1 con los festejos el 27 de septiembre con diversas ponencias sobre Turismo Accesible y la Pol\u00edtica P\u00fablica del Turismo Accesible de todo Guanajuato, en las universidades de los municipios de Guanajuato y Le\u00f3n.<\/p>\n<p>En la presentaci\u00f3n estuvieron el presidente municipal de Dolores Hidalgo, <strong>Juan Rend\u00f3n L\u00f3pez<\/strong>; el director de Turismo de Guanajuato capital, <strong>Jaime Arroyo<\/strong>; la directora de Desarrollo Econ\u00f3mico de P\u00e9njamo, <strong>Erika Flores<\/strong>; el director de Turismo de San Luis de la Paz, <strong>Pedro Alonso Garc\u00eda Hern\u00e1ndez,<\/strong> y el organizador de la Rodada Ciclista de Las Bicis Organizaci\u00f3n, <strong>Jos\u00e9 Hern\u00e1ndez<\/strong>.<\/p>\n<p>&nbsp;<\/p>\n<div id=\"attachment_290218\" style=\"width: 430px\" class=\"wp-caption aligncenter\"><a href=\"http:\/\/www.diarioimagen.net\/?attachment_id=290218\" rel=\"attachment wp-att-290218\"><img loading=\"lazy\" decoding=\"async\" aria-describedby=\"caption-attachment-290218\" class=\"size-large wp-image-290218\" src=\"http:\/\/www.diarioimagen.net\/wp-content\/uploads\/2016\/09\/turismo-quito-2959-420x236.jpg\" alt=\"Quito, una de las ciudades m\u00e1s seguras de Latinoam\u00e9rica.\" width=\"420\" height=\"236\" srcset=\"https:\/\/www.diarioimagen.net\/wp-content\/uploads\/2016\/09\/turismo-quito-2959-420x236.jpg 420w, https:\/\/www.diarioimagen.net\/wp-content\/uploads\/2016\/09\/turismo-quito-2959-240x135.jpg 240w, https:\/\/www.diarioimagen.net\/wp-content\/uploads\/2016\/09\/turismo-quito-2959-235x132.jpg 235w, https:\/\/www.diarioimagen.net\/wp-content\/uploads\/2016\/09\/turismo-quito-2959-202x114.jpg 202w, https:\/\/www.diarioimagen.net\/wp-content\/uploads\/2016\/09\/turismo-quito-2959-350x196.jpg 350w, https:\/\/www.diarioimagen.net\/wp-content\/uploads\/2016\/09\/turismo-quito-2959-220x123.jpg 220w, https:\/\/www.diarioimagen.net\/wp-content\/uploads\/2016\/09\/turismo-quito-2959-237x132.jpg 237w, https:\/\/www.diarioimagen.net\/wp-content\/uploads\/2016\/09\/turismo-quito-2959.jpg 480w\" sizes=\"auto, (max-width: 420px) 100vw, 420px\" \/><\/a><p id=\"caption-attachment-290218\" class=\"wp-caption-text\">Quito, una de las ciudades m\u00e1s seguras de Latinoam\u00e9rica.<\/p><\/div>\n<p>&nbsp;<\/p>\n<p>\u2730\u2730\u2730\u2730\u2730 Quito, capital de Ecuador, est\u00e1 considerada como una de las ciudades capitales m\u00e1s segura de Am\u00e9rica Latina, de acuerdo al \u00faltimo monitoreo regional realizado por el Instituto Igarap\u00e9, un <em>think thank<\/em> independiente con sede en R\u00edo de Janeiro, de aquellas ciudades que superan los 250.000 habitantes.<\/p>\n<p>Tomando como indicador la tasa de homicidios por cada 100 mil habitantes, Quito ocupa el quinto lugar en el ranking de las diez ciudades m\u00e1s seguras de Am\u00e9rica Latina, con una tasa de 1.9%. Pero lo m\u00e1s destacado es que es una de las pocas ciudades capitales que figura en ese listado, sumando as\u00ed una caracter\u00edstica altamente valorada por los turistas a la hora de visitar Latinoam\u00e9rica.<\/p>\n<p>\u2730\u2730\u2730\u2730\u2730 La plataforma <em>online<\/em> de venta de boletos de autob\u00fas, anuncia alianza con \u00a0Autobuses, autol\u00ednea que presta servicio conectando a los estados del Centro hacia el Norte de M\u00e9xico y ciudades de Estados Unidos. Con esta nueva integraci\u00f3n, la plataforma en M\u00e9xico rebasa el 90 por ciento en cobertura del\u00a0territorio nacional\u00a0en rutas ofrecidas para los viajeros mexicanos.<\/p>\n<p>Ofrecer sus rutas y destinos permitir\u00e1 que las ventas totales de Autobuses ACN sean incrementadas en 10 por ciento durante los tres primeros meses de la alianza.<\/p>\n<p><strong>Said Alvarado<\/strong>, director Operativo Comercial de Autobuses ACN, dijo: \u201cHoy en d\u00eda requerimos de proveedores con un buen posicionamiento como <em>ClickBus,<\/em> con la finalidad de impulsar la venta en nuestro canal digital. Con este acuerdo esperamos llegar a una mayor cantidad de personas que requieren de una conexi\u00f3n entre y dentro de ciudades de M\u00e9xico y Estados Unidos. De esta manera proyectamos que en cinco a\u00f1os la v\u00eda <em>online<\/em> ser\u00e1 el segundo <em>Core Business<\/em> de nuestros autobuses\u201d.<\/p>\n<p>Con la plataforma <em>online,<\/em> las personas pueden buscar y comprar boletos de autob\u00fas de forma sencilla, sin importar la hora y el lugar, desde su computadora o m\u00f3vil. Con la integraci\u00f3n de ACN, se suman rutas entre los estados de Sonora, Sinaloa, Nayarit, Guadalajara, Ciudad de M\u00e9xico y Puebla, que son ofrecidos en dos tipos distintos de servicio y autobuses de primer nivel.<\/p>\n<p><strong>Marcus Paiva<\/strong>, director de la <em>online<\/em> dijo, \u201ca\u00f1adir m\u00e1s compa\u00f1\u00edas de autobuses a nuestra plataforma nos permite aumentar la oferta y, permite que los viajeros encuentren sus boletos en l\u00ednea de manera m\u00e1s sencilla. Adem\u00e1s, nos ayuda a lograr un mercado de autotransporte m\u00e1s integrado\u201d, coment\u00f3<\/p>\n<p>En la b\u00fasqueda por otorgar mayores beneficios a sus usuarios, ACN ofrecer\u00e1 un sistema de ventas de prepago, donde los usuarios que adquieran sus boletos de manera anticipada tendr\u00e1n el beneficio de recibir un descuento del 50 por ciento en su compra.<\/p>\n<p>ACN cuenta con seis terminales y 26 puntos de venta en la regi\u00f3n Pac\u00edfico y Baj\u00edo de M\u00e9xico y con 35 puntos de venta en Estados Unidos, desde San Ysidro CA., hasta Sacramento, California. Durante el primer trimestre del 2016, la autol\u00ednea transport\u00f3 a m\u00e1s de 12 mil usuarios, por medio de su flotilla de 40 unidades.<\/p>\n<p>Recientemente, la plataforma super\u00f3 los 2.5 millones de boletos vendidos; adem\u00e1s,\u00a0integr\u00f3 su plataforma a <em>Google Maps<\/em>, para ayudar al p\u00fablico a obtener de manera m\u00e1s r\u00e1pida sus boletos para viajes en autob\u00fas. Asimismo, se a\u00f1adieron las rutas de ADO, <em>RedCoach,<\/em> l\u00ednea americana que ofrece rutas en Florida, EU y su integraci\u00f3n con Amadeus, que permite a las agencias de viajes complementar su oferta con opciones de viaje terrestre y ampliar su abanico de servicios para viajeros.<\/p>\n<p><em><a href=\"mailto:victoriagprado@gmail.com\" target=\"_blank\">victoriagprado@gmail.com<\/a><\/em><br \/>\n<em> Twitter: <a href=\"https:\/\/twitter.com\/victoriagprado\" target=\"_blank\">@victoriagprado<\/a><\/em><\/p>\n","protected":false},"excerpt":{"rendered":"<p><strong>Fernando Olivera Rocha<\/strong>, secretario de Turismo de Guanajuato, present\u00f3 las actividades que se realizar\u00e1n el pr\u00f3ximo 25 de septiembre como parte de la celebraci\u00f3n del \u2018D\u00eda Mundial del Turismo\u2019 que se conmemora el 27 de septiembre.<\/p>\n","protected":false},"author":3,"featured_media":290218,"comment_status":"open","ping_status":"open","sticky":false,"template":"","format":"standard","meta":{"_monsterinsights_skip_tracking":false,"_monsterinsights_sitenote_active":false,"_monsterinsights_sitenote_note":"","_monsterinsights_sitenote_category":0,"footnotes":""},"categories":[11],"tags":[107,43674,43681,106],"class_list":["post-290155","post","type-post","status-publish","format-standard","has-post-thumbnail","hentry","category-turismo","tag-de-cinco-estrellas","tag-opinion","tag-turismo","tag-victoria-gonzalez-prado"],"_links":{"self":[{"href":"https:\/\/www.diarioimagen.net\/index.php?rest_route=\/wp\/v2\/posts\/290155","targetHints":{"allow":["GET"]}}],"collection":[{"href":"https:\/\/www.diarioimagen.net\/index.php?rest_route=\/wp\/v2\/posts"}],"about":[{"href":"https:\/\/www.diarioimagen.net\/index.php?rest_route=\/wp\/v2\/types\/post"}],"author":[{"embeddable":true,"href":"https:\/\/www.diarioimagen.net\/index.php?rest_route=\/wp\/v2\/users\/3"}],"replies":[{"embeddable":true,"href":"https:\/\/www.diarioimagen.net\/index.php?rest_route=%2Fwp%2Fv2%2Fcomments&post=290155"}],"version-history":[{"count":0,"href":"https:\/\/www.diarioimagen.net\/index.php?rest_route=\/wp\/v2\/posts\/290155\/revisions"}],"wp:featuredmedia":[{"embeddable":true,"href":"https:\/\/www.diarioimagen.net\/index.php?rest_route=\/wp\/v2\/media\/290218"}],"wp:attachment":[{"href":"https:\/\/www.diarioimagen.net\/index.php?rest_route=%2Fwp%2Fv2%2Fmedia&parent=290155"}],"wp:term":[{"taxonomy":"category","embeddable":true,"href":"https:\/\/www.diarioimagen.net\/index.php?rest_route=%2Fwp%2Fv2%2Fcategories&post=290155"},{"taxonomy":"post_tag","embeddable":true,"href":"https:\/\/www.diarioimagen.net\/index.php?rest_route=%2Fwp%2Fv2%2Ftags&post=290155"}],"curies":[{"name":"wp","href":"https:\/\/api.w.org\/{rel}","templated":true}]}}