{"id":290169,"date":"2016-09-22T00:06:21","date_gmt":"2016-09-22T05:06:21","guid":{"rendered":"http:\/\/www.diarioimagen.net\/?p=290169"},"modified":"2016-09-22T06:03:08","modified_gmt":"2016-09-22T11:03:08","slug":"recibe-el-alcalde-de-huixquilucan-invitacion-formal-para-visitar-israel","status":"publish","type":"post","link":"https:\/\/www.diarioimagen.net\/?p=290169","title":{"rendered":"Recibe el alcalde de Huixquilucan invitaci\u00f3n formal para visitar Israel"},"content":{"rendered":"<ul>\n<li><strong><em>Del 3 al 12 de noviembre<\/em><\/strong><\/li>\n<\/ul>\n<p>&nbsp;<\/p>\n<div id=\"attachment_290262\" style=\"width: 430px\" class=\"wp-caption aligncenter\"><a href=\"http:\/\/www.diarioimagen.net\/?attachment_id=290262\" rel=\"attachment wp-att-290262\"><img loading=\"lazy\" decoding=\"async\" aria-describedby=\"caption-attachment-290262\" class=\"size-large wp-image-290262\" src=\"http:\/\/www.diarioimagen.net\/wp-content\/uploads\/2016\/09\/HUIXQUILUCAN-2959-420x236.jpg\" alt=\"El embajador de Israel en M\u00e9xico, Jhonatan Peled, formaliz\u00f3 invitaci\u00f3n al alcalde Enrique Vargas del Villar.\" width=\"420\" height=\"236\" srcset=\"https:\/\/www.diarioimagen.net\/wp-content\/uploads\/2016\/09\/HUIXQUILUCAN-2959-420x236.jpg 420w, https:\/\/www.diarioimagen.net\/wp-content\/uploads\/2016\/09\/HUIXQUILUCAN-2959-240x135.jpg 240w, https:\/\/www.diarioimagen.net\/wp-content\/uploads\/2016\/09\/HUIXQUILUCAN-2959-235x132.jpg 235w, https:\/\/www.diarioimagen.net\/wp-content\/uploads\/2016\/09\/HUIXQUILUCAN-2959-202x114.jpg 202w, https:\/\/www.diarioimagen.net\/wp-content\/uploads\/2016\/09\/HUIXQUILUCAN-2959-350x196.jpg 350w, https:\/\/www.diarioimagen.net\/wp-content\/uploads\/2016\/09\/HUIXQUILUCAN-2959-220x123.jpg 220w, https:\/\/www.diarioimagen.net\/wp-content\/uploads\/2016\/09\/HUIXQUILUCAN-2959-237x132.jpg 237w, https:\/\/www.diarioimagen.net\/wp-content\/uploads\/2016\/09\/HUIXQUILUCAN-2959.jpg 480w\" sizes=\"auto, (max-width: 420px) 100vw, 420px\" \/><\/a><p id=\"caption-attachment-290262\" class=\"wp-caption-text\">El embajador de Israel en M\u00e9xico, Jhonatan Peled, formaliz\u00f3 invitaci\u00f3n al alcalde Enrique Vargas del Villar.<\/p><\/div>\n<p>&nbsp;<\/p>\n<p><strong>Huixquilucan, Estado de M\u00e9xico<\/strong>.- Enrique Vargas del Villar, presidente municipal de esta demarcaci\u00f3n, visitar\u00e1 Israel del 3 al 12 de noviembre, a invitaci\u00f3n del embajador de Israel en M\u00e9xico, Jhonatan Peled; y del alcalde de Eshkol, Gadi Karkoni, para que acuda a este pa\u00eds, especialmente esta demarcaci\u00f3n con la que se firm\u00f3 un convenio de hermanamiento el pasado mes de abril.<\/p>\n<p>El alcalde de Huixquilucan enfatiz\u00f3 que el acuerdo concretado en los primeros d\u00edas de abril, le da mayor seguimiento a la relaci\u00f3n del municipio con Eshkol y con la comunidad jud\u00eda, con la cual existe una comunicaci\u00f3n permanente para atender sus necesidades.<\/p>\n<p>Vargas del Villar detall\u00f3 que durante esta visita oficial se tratar\u00e1n temas en materia de seguridad, ya que Israel cuenta con equipo de inteligencia y capacitaci\u00f3n avanzado; adem\u00e1s la producci\u00f3n agropecuaria, comercio y tratamiento de agua.<\/p>\n<p>El embajador de Israel en M\u00e9xico, Jhonatan Peled, asegur\u00f3 que ambos pa\u00edses est\u00e1n unidos por la resiliencia, que tambi\u00e9n servir\u00e1 de fundamento para la relaci\u00f3n entre Huixquilucan y Eshkol. Luego de manifestar su benepl\u00e1cito por la visita de la comitiva encabezada por el presidente municipal, destac\u00f3 que la cooperaci\u00f3n entre ambos territorios puede ser en temas de desarrollo econ\u00f3mico y social, as\u00ed como la apertura de espacios en agricultura, educaci\u00f3n y tecnolog\u00edas.<\/p>\n<p>En conferencia de prensa, el edil de Huixquilucan inform\u00f3 que la visita oficial se realizar\u00e1 del 3 al 12 de noviembre y lo acompa\u00f1aran el coordinador de Proyectos Estrat\u00e9gicos, Carlos Alfaro S\u00e1nchez; el director del Organismo P\u00fablico Descentralizado Sistema Aguas de Huixquilucan,\u00a0 V\u00edctor B\u00e1ez Melo; el director de Desarrollo Urbano Sustentable, Mario V\u00e1zquez Ramos y algunos regidores.<\/p>\n<p>&nbsp;<\/p>\n","protected":false},"excerpt":{"rendered":"<p>Enrique Vargas del Villar, presidente municipal de esta demarcaci\u00f3n, visitar\u00e1 Israel del 3 al 12 de noviembre, a invitaci\u00f3n del embajador de Israel en M\u00e9xico, Jhonatan Peled; y del alcalde de Eshkol, Gadi Karkoni, para que acuda a este pa\u00eds, especialmente esta demarcaci\u00f3n con la que se firm\u00f3 un convenio de hermanamiento el pasado mes de abril.<\/p>\n","protected":false},"author":3,"featured_media":290262,"comment_status":"open","ping_status":"open","sticky":false,"template":"","format":"standard","meta":{"_monsterinsights_skip_tracking":false,"_monsterinsights_sitenote_active":false,"_monsterinsights_sitenote_note":"","_monsterinsights_sitenote_category":0,"footnotes":""},"categories":[35155],"tags":[43675,1097,1193],"class_list":["post-290169","post","type-post","status-publish","format-standard","has-post-thumbnail","hentry","category-estado-de-mexico-estado-de-mexico","tag-estado-de-mexico","tag-huixquilucan","tag-israel"],"_links":{"self":[{"href":"https:\/\/www.diarioimagen.net\/index.php?rest_route=\/wp\/v2\/posts\/290169","targetHints":{"allow":["GET"]}}],"collection":[{"href":"https:\/\/www.diarioimagen.net\/index.php?rest_route=\/wp\/v2\/posts"}],"about":[{"href":"https:\/\/www.diarioimagen.net\/index.php?rest_route=\/wp\/v2\/types\/post"}],"author":[{"embeddable":true,"href":"https:\/\/www.diarioimagen.net\/index.php?rest_route=\/wp\/v2\/users\/3"}],"replies":[{"embeddable":true,"href":"https:\/\/www.diarioimagen.net\/index.php?rest_route=%2Fwp%2Fv2%2Fcomments&post=290169"}],"version-history":[{"count":0,"href":"https:\/\/www.diarioimagen.net\/index.php?rest_route=\/wp\/v2\/posts\/290169\/revisions"}],"wp:featuredmedia":[{"embeddable":true,"href":"https:\/\/www.diarioimagen.net\/index.php?rest_route=\/wp\/v2\/media\/290262"}],"wp:attachment":[{"href":"https:\/\/www.diarioimagen.net\/index.php?rest_route=%2Fwp%2Fv2%2Fmedia&parent=290169"}],"wp:term":[{"taxonomy":"category","embeddable":true,"href":"https:\/\/www.diarioimagen.net\/index.php?rest_route=%2Fwp%2Fv2%2Fcategories&post=290169"},{"taxonomy":"post_tag","embeddable":true,"href":"https:\/\/www.diarioimagen.net\/index.php?rest_route=%2Fwp%2Fv2%2Ftags&post=290169"}],"curies":[{"name":"wp","href":"https:\/\/api.w.org\/{rel}","templated":true}]}}