{"id":290220,"date":"2016-09-22T00:10:25","date_gmt":"2016-09-22T05:10:25","guid":{"rendered":"http:\/\/www.diarioimagen.net\/?p=290220"},"modified":"2016-09-22T08:10:31","modified_gmt":"2016-09-22T13:10:31","slug":"las-cosas-buenas-casi-no-se","status":"publish","type":"post","link":"https:\/\/www.diarioimagen.net\/?p=290220","title":{"rendered":"\u201cLas cosas buenas casi no se\u2026"},"content":{"rendered":"<h2>Tras la puerta del poder<\/h2>\n<h5>Roberto Vizca\u00edno<\/h5>\n<p>&nbsp;<\/p>\n<div id=\"attachment_290301\" style=\"width: 430px\" class=\"wp-caption aligncenter\"><a href=\"http:\/\/www.diarioimagen.net\/?attachment_id=290301\" rel=\"attachment wp-att-290301\"><img loading=\"lazy\" decoding=\"async\" aria-describedby=\"caption-attachment-290301\" class=\"size-large wp-image-290301\" src=\"http:\/\/www.diarioimagen.net\/wp-content\/uploads\/2016\/09\/RAMON-2959-420x342.jpg\" alt=\"Ram\u00f3n\" width=\"420\" height=\"342\" srcset=\"https:\/\/www.diarioimagen.net\/wp-content\/uploads\/2016\/09\/RAMON-2959-420x342.jpg 420w, https:\/\/www.diarioimagen.net\/wp-content\/uploads\/2016\/09\/RAMON-2959-240x195.jpg 240w, https:\/\/www.diarioimagen.net\/wp-content\/uploads\/2016\/09\/RAMON-2959-768x625.jpg 768w, https:\/\/www.diarioimagen.net\/wp-content\/uploads\/2016\/09\/RAMON-2959.jpg 1200w\" sizes=\"auto, (max-width: 420px) 100vw, 420px\" \/><\/a><p id=\"caption-attachment-290301\" class=\"wp-caption-text\">Ram\u00f3n<\/p><\/div>\n<p>&nbsp;<\/p>\n<p>Es m\u00e1s que evidente que el presidente Enrique Pe\u00f1a Nieto ya se dio cuenta de que una de las grandes causas (quiz\u00e1 la principal), de su p\u00e9sima imagen y su ca\u00edda en el \u00e1nimo de los mexicanos es el mal\u00edsimo manejo de su comunicaci\u00f3n social.<\/p>\n<p>El primer gran error fue el haber desvinculado el \u00e1rea de la comunicaci\u00f3n digital de la de medios tradicionales.<\/p>\n<p>Eso ocurri\u00f3 desde su campa\u00f1a presidencial. S\u00f3lo habr\u00eda que recordar c\u00f3mo impact\u00f3 esa desvinculaci\u00f3n luego del surgimiento del movimiento \u201c<strong>#Yosoy1<em>32<\/em><\/strong>\u201d despu\u00e9s de su desastrosa visita a la Ibero.<\/p>\n<p>A partir de entonces qued\u00f3 m\u00e1s que claro que sus enemigos y detractores hab\u00edan escogido que el campo de batalla de la percepci\u00f3n iban a ser las redes sociales.<\/p>\n<p>A los crecientes ataques en Twitter, Facebook e Internet se respond\u00eda con notas y comentarios en los diarios.<\/p>\n<p>Desde entonces la guerra para Pe\u00f1a Nieto estuvo perdida.<\/p>\n<p>Vinieron dos a\u00f1os de grandes \u00e9xitos a trav\u00e9s del impulso de reformas v\u00eda el Pacto por M\u00e9xico, una alianza nuca antes vista entre los principales opositores, el PRI y el Presidente de la Rep\u00fablica.<\/p>\n<p>El estilo de gobernar del mexiquense se defini\u00f3 a trav\u00e9s de una serie incansable de viajes al exterior.<\/p>\n<p>Pe\u00f1a Nieto aparec\u00eda cada semana, cada mes, con los grandes personajes del mundo desarrollado. En cada visita a Francia, Alemania, Estados Unidos, Inglaterra, Canad\u00e1 y otras muchas naciones, esos mandatarios lo felicitaron y alabaron por sus dos grandes \u00e9xitos: haber logrado sumar a sus opositores de PRD y PAN en un esfuerzo com\u00fan, y sacar adelante grandes reformas que iban a transformar y llevar a M\u00e9xico finalmente al primer mundo.<\/p>\n<p>Hasta llegar a aquella controvertida portada de Time donde se le design\u00f3 como Salvador de M\u00e9xico.<\/p>\n<p>Pe\u00f1a Nieto viajaba entonces en la cresta de la ola de la popularidad internacional. El golpeteo entonces en las redes y las otras nuevas tecnolog\u00edas nada ten\u00edan que ver con el manejo informativo en los medios tradicionales.<\/p>\n<p>Los diarios, la radio y la TV empataban sus informaciones con la ola de los medios internacionales.<\/p>\n<p>Todo en Los Pinos y en el entorno de Pe\u00f1a Nieto giraba en c\u00f3mo administrar el \u00e9xito.<\/p>\n<p>Pero el 24 de septiembre de 2014 lleg\u00f3 el secuestro, ejecuci\u00f3n y desaparici\u00f3n de los 43 normalistas de Ayotzinapa, Guerrero y, como era ya costumbre, nadie en Los Pinos se preocup\u00f3 por operar las redes sociales.<\/p>\n<p>Menos de dos meses despu\u00e9s, el 9 de noviembre, cuando Pe\u00f1a Nieto viajaba apenas a China, apareci\u00f3 en el portal de Carmen Aristegui el reportaje de la casa blanca en las Lomas de Chapultepec.<\/p>\n<p>A ello se sum\u00f3 la inesperada ca\u00edda internacional del precio del petr\u00f3leo que pas\u00f3 en d\u00edas de 100 a los 50 d\u00f3lares.<\/p>\n<p>Eso impact\u00f3 al peso que tambi\u00e9n en d\u00edas se coloc\u00f3 en 14 y 15 pesos por d\u00f3lar.<\/p>\n<p>Las \u00e1reas de Comunicaci\u00f3n Social (la de medios tradicionales y la digital), de Pe\u00f1a Nieto viv\u00edan en el limbo. Nadie acert\u00f3 a explicar lo que ocurr\u00eda en el mundo ni tampoco para dar respuesta a lo que pasaba en M\u00e9xico.<\/p>\n<p>Para entonces Twitter, Facebook, y otras redes ya eran dominadas por los grupos alrededor de Andr\u00e9s Manuel L\u00f3pez Obrador.<\/p>\n<p>No se quedaban atr\u00e1s en ese manejo otros grandes enemigos del mexiquense. En su mayor\u00eda los grandes intereses econ\u00f3micos afectados por las reformas de Comunicaciones, Hacendaria, Educativa y Energ\u00e9tica.<\/p>\n<p>M\u00e9xico viv\u00eda una expansi\u00f3n sin precedente del uso del internet. Y es que entre 2010 y 2015, el n\u00famero de internautas (gran parte de ellos activos usuarios de redes sociales), pas\u00f3 de 12 millones a 40 millones.<\/p>\n<p>En apenas 3 o 4 a\u00f1os se sumaron entre 28 a 30 millones nuevos internautas que vivieron una euforia de libertad en sus mensajes sin freno a trav\u00e9s de las redes sociales.<\/p>\n<p>La expansi\u00f3n del uso del internet sum\u00f3 entonces dos elementos: cada vez a grandes segmentos de j\u00f3venes y a universos de bajos recursos. Hoy existe un amplio sector de j\u00f3venes de muy bajos recursos que habitan las zonas marginales urbanas, que pueden habitar cuartos sin piso de cemento, pueden no tener agua corriente ni excusado, luz o gas, pero cuentan con un celular o Smartphone inteligente con servicio de Internet.<\/p>\n<p>El crecimiento de la red de Internet socializ\u00f3 unos y otros, y hoy j\u00f3venes de unos y otros estratos sociales act\u00faan por igual a trav\u00e9s de las redes sociales, generando esencialmente un mensaje violento, rudo, anti sist\u00e9mico.<\/p>\n<p>Ah\u00ed comenz\u00f3 la ola que a\u00fan no baja de denostaciones en contra de Pe\u00f1a Nieto, su familia, su administraci\u00f3n, programas y colaboradores.<\/p>\n<p style=\"text-align: center;\"><strong>SE UNEN<\/strong><\/p>\n<p>Fue ah\u00ed que comenzaron a empatar los golpeteos en redes y medios tradicionales.<\/p>\n<p>Para consolidar esa convergencia y agudizar la crisis de credibilidad y la creciente percepci\u00f3n de incapacidad gubernamental, el 12 de julio de 2015 se da la fuga del Chapo Guzm\u00e1n.<\/p>\n<p>Desde entonces, al golpeteo en redes, se sum\u00f3 ya sin barrera alguna la diatriba y el ataque en los medios tradicionales.<\/p>\n<p>Aparecieron los programas no de an\u00e1lisis en la TV (en especial en la oficial), sino de abierta inquisici\u00f3n medi\u00e1tica contra todo lo que representara y oliera a Pe\u00f1a Nieto.<\/p>\n<p><strong>IN\u00daTIL<\/strong><\/p>\n<p>Por todo ello no pocos vimos con sorpresa c\u00f3mo el presidente Pe\u00f1a Nieto relevaba el 6 de marzo de 2015 a David L\u00f3pez -quien le hab\u00eda operado medios e imagen desde que era gobernador del Estado de M\u00e9xico-, por el abogado Eduardo S\u00e1nchez, quien simplemente carec\u00eda de experiencia para el cargo.<\/p>\n<p>El resultado ha sido el desastre que crece a cada levantamiento de opini\u00f3n entre los mexicanos respecto de la aceptaci\u00f3n ciudadana de Enrique Pe\u00f1a Nieto.<\/p>\n<p>Hoy simplemente no existe una vinculaci\u00f3n real del mexiquense con sus gobernados.<\/p>\n<p>Es f\u00e1cil de entenderlo: est\u00e1n pr\u00e1cticamente minados todos los puentes de comunicaci\u00f3n entre unos y otro.<\/p>\n<p>Los problemas corren libremente al parejo de la rica imaginaci\u00f3n de los usuarios de las redes sociales, cuyos mensajes tienen hoy cabida en los medios tradicionales. Basta ver cualquier informaci\u00f3n en cualquier diario que surja respecto de Pe\u00f1a Nieto, y luego ver los comentarios abajo que provienen de las redes sociales, para medir el sentir de esos segmentos crecientes de antisistema.<\/p>\n<p>De seguro algo le llega de todo eso al Presidente. Y tan le llega que ha emprendido una campa\u00f1a en la que es obvio que considera que su mala imagen y baja percepci\u00f3n surgen de los medios y no de la inexperiencia e incapacidad de sus encargados de operar medios tradicionales y digitales<\/p>\n<p>La campa\u00f1a, bajo el lema \u201c<em>Las cosas buenas casi no cuentan\u2026 pero cuentan mucho<\/em>\u201d, no s\u00f3lo es un editorial, sino lo que piensa y siente Pe\u00f1a Nieto respecto de los medios.<\/p>\n<p>Como los diarios, la radio, la TV y las redes sociales y portales de Internet no recogen y difunden sus \u00e9xitos y los beneficios de sus obras y programas, lo tiene que hacer \u00e9l a trav\u00e9s de su campa\u00f1a.<\/p>\n<p>En la medida en que esta campa\u00f1a se profundice y ampli\u00e9, en esa medida tambi\u00e9n crecer\u00e1 el golpeteo y la cr\u00edtica.<\/p>\n<p>As\u00ed es.<\/p>\n<p><em><a href=\"mailto:rvizcainoa@gmail.com\" target=\"_blank\">vizcainoa@gmail.com<\/a><\/em><br \/>\n<em><a href=\"http:\/\/www.endirecto.com.mx\/\" target=\"_blank\">www.endirecto.com.mx<\/a><\/em><br \/>\n<em><a href=\"https:\/\/twitter.com\/_rvizcaino\" target=\"_blank\">@_RVizcaino<\/a><\/em><br \/>\n<a href=\"https:\/\/www.facebook.com\/rvizcainoa\" target=\"_blank\">f<em>acebook.com\/rvizcainoa<\/em><\/a><\/p>\n","protected":false},"excerpt":{"rendered":"<p><span style=\"color: #005497;\"><strong>Roberto Vizca\u00edno<\/strong><\/span><br \/>\n<br \/>\nEs m\u00e1s que evidente que el presidente Enrique Pe\u00f1a Nieto ya se dio cuenta de que una de las grandes causas (quiz\u00e1 la principal), de su p\u00e9sima imagen y su ca\u00edda en el \u00e1nimo de los mexicanos es el mal\u00edsimo manejo de su comunicaci\u00f3n social.<\/p>\n","protected":false},"author":3,"featured_media":290301,"comment_status":"open","ping_status":"open","sticky":false,"template":"","format":"standard","meta":{"_monsterinsights_skip_tracking":false,"_monsterinsights_sitenote_active":false,"_monsterinsights_sitenote_note":"","_monsterinsights_sitenote_category":0,"footnotes":""},"categories":[136],"tags":[43674,93,94],"class_list":["post-290220","post","type-post","status-publish","format-standard","has-post-thumbnail","hentry","category-roberto-vizcaino-opinion","tag-opinion","tag-roberto-vizcaino","tag-tras-la-puerta-del-poder"],"_links":{"self":[{"href":"https:\/\/www.diarioimagen.net\/index.php?rest_route=\/wp\/v2\/posts\/290220","targetHints":{"allow":["GET"]}}],"collection":[{"href":"https:\/\/www.diarioimagen.net\/index.php?rest_route=\/wp\/v2\/posts"}],"about":[{"href":"https:\/\/www.diarioimagen.net\/index.php?rest_route=\/wp\/v2\/types\/post"}],"author":[{"embeddable":true,"href":"https:\/\/www.diarioimagen.net\/index.php?rest_route=\/wp\/v2\/users\/3"}],"replies":[{"embeddable":true,"href":"https:\/\/www.diarioimagen.net\/index.php?rest_route=%2Fwp%2Fv2%2Fcomments&post=290220"}],"version-history":[{"count":0,"href":"https:\/\/www.diarioimagen.net\/index.php?rest_route=\/wp\/v2\/posts\/290220\/revisions"}],"wp:featuredmedia":[{"embeddable":true,"href":"https:\/\/www.diarioimagen.net\/index.php?rest_route=\/wp\/v2\/media\/290301"}],"wp:attachment":[{"href":"https:\/\/www.diarioimagen.net\/index.php?rest_route=%2Fwp%2Fv2%2Fmedia&parent=290220"}],"wp:term":[{"taxonomy":"category","embeddable":true,"href":"https:\/\/www.diarioimagen.net\/index.php?rest_route=%2Fwp%2Fv2%2Fcategories&post=290220"},{"taxonomy":"post_tag","embeddable":true,"href":"https:\/\/www.diarioimagen.net\/index.php?rest_route=%2Fwp%2Fv2%2Ftags&post=290220"}],"curies":[{"name":"wp","href":"https:\/\/api.w.org\/{rel}","templated":true}]}}