{"id":290322,"date":"2016-09-22T16:00:32","date_gmt":"2016-09-22T21:00:32","guid":{"rendered":"http:\/\/www.diarioimagen.net\/?p=290322"},"modified":"2016-09-25T22:10:36","modified_gmt":"2016-09-26T03:10:36","slug":"hara-junta-de-caminos-reparacion-de-paseo-tollocan","status":"publish","type":"post","link":"https:\/\/www.diarioimagen.net\/?p=290322","title":{"rendered":"Har\u00e1 Junta de Caminos reparaci\u00f3n de Paseo Tollocan"},"content":{"rendered":"<ul>\n<li><em><strong>Para el viernes al mediod\u00eda<\/strong><\/em><\/li>\n<\/ul>\n<p>&nbsp;<\/p>\n<div id=\"attachment_290323\" style=\"width: 430px\" class=\"wp-caption aligncenter\"><a href=\"http:\/\/www.diarioimagen.net\/?attachment_id=290323\" rel=\"attachment wp-att-290323\"><img loading=\"lazy\" decoding=\"async\" aria-describedby=\"caption-attachment-290323\" class=\"size-large wp-image-290323\" src=\"http:\/\/www.diarioimagen.net\/wp-content\/uploads\/2016\/09\/TOLLOCAN23-portal-420x245.jpg\" alt=\"Los trabajos que se realizar\u00e1n en Paseo Toollocan ser\u00e1n entre las avenidas Pilares y Tecnol\u00f3gico, en direcci\u00f3n hacia Toluca.\" width=\"420\" height=\"245\" srcset=\"https:\/\/www.diarioimagen.net\/wp-content\/uploads\/2016\/09\/TOLLOCAN23-portal-420x245.jpg 420w, https:\/\/www.diarioimagen.net\/wp-content\/uploads\/2016\/09\/TOLLOCAN23-portal-240x140.jpg 240w, https:\/\/www.diarioimagen.net\/wp-content\/uploads\/2016\/09\/TOLLOCAN23-portal.jpg 480w\" sizes=\"auto, (max-width: 420px) 100vw, 420px\" \/><\/a><p id=\"caption-attachment-290323\" class=\"wp-caption-text\">Los trabajos que se realizar\u00e1n en Paseo Toollocan ser\u00e1n entre las avenidas Pilares y Tecnol\u00f3gico, en direcci\u00f3n hacia Toluca.<\/p><\/div>\n<p>&nbsp;<\/p>\n<p><strong>Toluca, Estado de M\u00e9xico<\/strong>.- La Junta de Caminos del Estado de M\u00e9xico informa que realizar\u00e1 el cierre de los carriles centrales de Paseo Tollocan este viernes, de 10:00 a 11:00 horas, para complementar los trabajos de conservaci\u00f3n de la arteria.<\/p>\n<p>La dependencia inform\u00f3 que los trabajos, que se realizar\u00e1n en el tramo entre las avenidas Pilares y Tecnol\u00f3gico, en direcci\u00f3n hacia la capital mexiquense, consisten en la aplicaci\u00f3n de emulsi\u00f3n sobre la carpeta rehabilitada, mismos que deben ser realizados durante el d\u00eda, a fin de que pueda realizarse de manera adecuada la aplicaci\u00f3n del material.<\/p>\n<p>Los trabajos forman parte del programa permanente de conservaci\u00f3n de Paseo Tollocan, que realiza la Junta de Caminos como parte del Programa de Prestaci\u00f3n de Servicios, como parte de las acciones que realiza el gobierno mexiquense para tener mexiquenses mejor comunicados.<\/p>\n<p>La Junta de Caminos reiter\u00f3 que los trabajos no se pueden hacer de noche, debido a que la emulsi\u00f3n que se coloca en el pavimento debe tener un proceso que se denomina \u201crompimiento\u201d, el cual debe ser realizado en el d\u00eda, a fin de que se realice la correcta infiltraci\u00f3n del mismo.<\/p>\n<p>El cierre temporal de la vialidad se realizar\u00e1 de manera coordinada con la Comisi\u00f3n Estatal de Seguridad, a fin de realizar los cortes a la circulaci\u00f3n, y que los trabajos afecten lo menos posible a los conductores.<\/p>\n","protected":false},"excerpt":{"rendered":"<p>La Junta de Caminos del Estado de M\u00e9xico informa que realizar\u00e1 el cierre de los carriles centrales de Paseo Tollocan este viernes, de 10:00 a 11:00 horas, para complementar los trabajos de conservaci\u00f3n de la arteria.<\/p>\n","protected":false},"author":5,"featured_media":290323,"comment_status":"open","ping_status":"open","sticky":false,"template":"","format":"standard","meta":{"_monsterinsights_skip_tracking":false,"_monsterinsights_sitenote_active":false,"_monsterinsights_sitenote_note":"","_monsterinsights_sitenote_category":0,"footnotes":""},"categories":[35155],"tags":[46441,43675,452],"class_list":["post-290322","post","type-post","status-publish","format-standard","has-post-thumbnail","hentry","category-estado-de-mexico-estado-de-mexico","tag-caminos","tag-estado-de-mexico","tag-toluca"],"_links":{"self":[{"href":"https:\/\/www.diarioimagen.net\/index.php?rest_route=\/wp\/v2\/posts\/290322","targetHints":{"allow":["GET"]}}],"collection":[{"href":"https:\/\/www.diarioimagen.net\/index.php?rest_route=\/wp\/v2\/posts"}],"about":[{"href":"https:\/\/www.diarioimagen.net\/index.php?rest_route=\/wp\/v2\/types\/post"}],"author":[{"embeddable":true,"href":"https:\/\/www.diarioimagen.net\/index.php?rest_route=\/wp\/v2\/users\/5"}],"replies":[{"embeddable":true,"href":"https:\/\/www.diarioimagen.net\/index.php?rest_route=%2Fwp%2Fv2%2Fcomments&post=290322"}],"version-history":[{"count":0,"href":"https:\/\/www.diarioimagen.net\/index.php?rest_route=\/wp\/v2\/posts\/290322\/revisions"}],"wp:featuredmedia":[{"embeddable":true,"href":"https:\/\/www.diarioimagen.net\/index.php?rest_route=\/wp\/v2\/media\/290323"}],"wp:attachment":[{"href":"https:\/\/www.diarioimagen.net\/index.php?rest_route=%2Fwp%2Fv2%2Fmedia&parent=290322"}],"wp:term":[{"taxonomy":"category","embeddable":true,"href":"https:\/\/www.diarioimagen.net\/index.php?rest_route=%2Fwp%2Fv2%2Fcategories&post=290322"},{"taxonomy":"post_tag","embeddable":true,"href":"https:\/\/www.diarioimagen.net\/index.php?rest_route=%2Fwp%2Fv2%2Ftags&post=290322"}],"curies":[{"name":"wp","href":"https:\/\/api.w.org\/{rel}","templated":true}]}}