{"id":290382,"date":"2016-09-23T00:06:11","date_gmt":"2016-09-23T05:06:11","guid":{"rendered":"http:\/\/www.diarioimagen.net\/?p=290382"},"modified":"2016-09-23T05:45:34","modified_gmt":"2016-09-23T10:45:34","slug":"la-alcaldesa-de-nicolas-romero-continua-con-la-entrega-de-obras","status":"publish","type":"post","link":"https:\/\/www.diarioimagen.net\/?p=290382","title":{"rendered":"La alcaldesa de Nicol\u00e1s Romero contin\u00faa con la entrega de obras"},"content":{"rendered":"<ul>\n<li><strong><em>Visit\u00f3 la escuela primaria \u201cMagisterio Nacional\u201d<\/em><\/strong><\/li>\n<\/ul>\n<p>&nbsp;<\/p>\n<div id=\"attachment_290493\" style=\"width: 277px\" class=\"wp-caption alignleft\"><a href=\"http:\/\/www.diarioimagen.net\/?attachment_id=290493\" rel=\"attachment wp-att-290493\"><img loading=\"lazy\" decoding=\"async\" aria-describedby=\"caption-attachment-290493\" class=\" wp-image-290493\" src=\"http:\/\/www.diarioimagen.net\/wp-content\/uploads\/2016\/09\/Nicolas-2960-330x420.jpg\" alt=\"Angelina Carre\u00f1o Mijares visit\u00f3 la primaria \u201cMagisterio Nacional\u201d, donde coloc\u00f3 la primera piedra para la construcci\u00f3n de un aula y comedor escolar.\" width=\"267\" height=\"340\" srcset=\"https:\/\/www.diarioimagen.net\/wp-content\/uploads\/2016\/09\/Nicolas-2960-330x420.jpg 330w, https:\/\/www.diarioimagen.net\/wp-content\/uploads\/2016\/09\/Nicolas-2960-189x240.jpg 189w, https:\/\/www.diarioimagen.net\/wp-content\/uploads\/2016\/09\/Nicolas-2960.jpg 472w\" sizes=\"auto, (max-width: 267px) 100vw, 267px\" \/><\/a><p id=\"caption-attachment-290493\" class=\"wp-caption-text\">Angelina Carre\u00f1o Mijares visit\u00f3 la primaria \u201cMagisterio Nacional\u201d, donde coloc\u00f3 la primera piedra para la construcci\u00f3n de un aula y comedor escolar.<\/p><\/div>\n<p><strong>Nicol\u00e1s Romero, Estado de M\u00e9xico<\/strong>.- El Ayuntamiento que encabeza Angelina Carre\u00f1o Mijares, visit\u00f3 la escuela primaria \u201cMagisterio Nacional\u201d en San Isidro 3ra. Secci\u00f3n, donde coloc\u00f3 la primera piedra para la construcci\u00f3n de un aula y comedor escolar, as\u00ed como 40 metros de barda perimetral para \u00e9sta instituci\u00f3n.<\/p>\n<p>Adem\u00e1s, se anunci\u00f3 a corto plazo la apertura de una lecher\u00eda, lo cual vendr\u00e1 a beneficiar a las familias en el fortalecimiento de la alimentaci\u00f3n de los peque\u00f1os a un costo muy accesible para los habitantes de la colonia San Isidro.<\/p>\n<p>Posteriormente en la escuela primaria \u201cDaniel Delgadillo\u201d se llev\u00f3 acabo la inauguraci\u00f3n de la techumbre en la explanada c\u00edvica, misma que se realiz\u00f3 con el esfuerzo y trabajo coordinado de \u00e9sta y\u00a0 la anterior administraci\u00f3n municipal.<\/p>\n<p>Angelina Carre\u00f1o aclar\u00f3 en su intervenci\u00f3n;\u00a0 \u201clo que se construye por el gobierno, es el resultado del pago de los impuestos reflejado en beneficios\u201d, d\u00e1ndoles honor a los padres de familia de las dos instituciones que han mostrado confianza y respaldo hacia la administraci\u00f3n que encabeza.<\/p>\n<p>&nbsp;<\/p>\n","protected":false},"excerpt":{"rendered":"<p>El Ayuntamiento que encabeza Angelina Carre\u00f1o Mijares, visit\u00f3 la escuela primaria \u201cMagisterio Nacional\u201d en San Isidro 3ra. Secci\u00f3n, donde coloc\u00f3 la primera piedra para la construcci\u00f3n de un aula y comedor escolar, as\u00ed como 40 metros de barda perimetral para \u00e9sta instituci\u00f3n.<\/p>\n","protected":false},"author":3,"featured_media":290494,"comment_status":"open","ping_status":"open","sticky":false,"template":"","format":"standard","meta":{"_monsterinsights_skip_tracking":false,"_monsterinsights_sitenote_active":false,"_monsterinsights_sitenote_note":"","_monsterinsights_sitenote_category":0,"footnotes":""},"categories":[35155],"tags":[47248,43675,752],"class_list":["post-290382","post","type-post","status-publish","format-standard","has-post-thumbnail","hentry","category-estado-de-mexico-estado-de-mexico","tag-angelina-carreno-mijares","tag-estado-de-mexico","tag-nicolas-romero"],"_links":{"self":[{"href":"https:\/\/www.diarioimagen.net\/index.php?rest_route=\/wp\/v2\/posts\/290382","targetHints":{"allow":["GET"]}}],"collection":[{"href":"https:\/\/www.diarioimagen.net\/index.php?rest_route=\/wp\/v2\/posts"}],"about":[{"href":"https:\/\/www.diarioimagen.net\/index.php?rest_route=\/wp\/v2\/types\/post"}],"author":[{"embeddable":true,"href":"https:\/\/www.diarioimagen.net\/index.php?rest_route=\/wp\/v2\/users\/3"}],"replies":[{"embeddable":true,"href":"https:\/\/www.diarioimagen.net\/index.php?rest_route=%2Fwp%2Fv2%2Fcomments&post=290382"}],"version-history":[{"count":0,"href":"https:\/\/www.diarioimagen.net\/index.php?rest_route=\/wp\/v2\/posts\/290382\/revisions"}],"wp:featuredmedia":[{"embeddable":true,"href":"https:\/\/www.diarioimagen.net\/index.php?rest_route=\/wp\/v2\/media\/290494"}],"wp:attachment":[{"href":"https:\/\/www.diarioimagen.net\/index.php?rest_route=%2Fwp%2Fv2%2Fmedia&parent=290382"}],"wp:term":[{"taxonomy":"category","embeddable":true,"href":"https:\/\/www.diarioimagen.net\/index.php?rest_route=%2Fwp%2Fv2%2Fcategories&post=290382"},{"taxonomy":"post_tag","embeddable":true,"href":"https:\/\/www.diarioimagen.net\/index.php?rest_route=%2Fwp%2Fv2%2Ftags&post=290382"}],"curies":[{"name":"wp","href":"https:\/\/api.w.org\/{rel}","templated":true}]}}