{"id":290399,"date":"2016-09-23T00:07:37","date_gmt":"2016-09-23T05:07:37","guid":{"rendered":"http:\/\/www.diarioimagen.net\/?p=290399"},"modified":"2016-09-25T22:12:01","modified_gmt":"2016-09-26T03:12:01","slug":"cifra-record-de-adultos-alfabetizados-en-2018","status":"publish","type":"post","link":"https:\/\/www.diarioimagen.net\/?p=290399","title":{"rendered":"Cifra r\u00e9cord de adultos alfabetizados en 2018"},"content":{"rendered":"<ul>\n<li><strong><em>Entrega EPN certificado mill\u00f3n y medio del INEA<\/em><\/strong><\/li>\n<\/ul>\n<p>&nbsp;<\/p>\n<div id=\"attachment_290517\" style=\"width: 430px\" class=\"wp-caption aligncenter\"><a href=\"http:\/\/www.diarioimagen.net\/?attachment_id=290517\" rel=\"attachment wp-att-290517\"><img loading=\"lazy\" decoding=\"async\" aria-describedby=\"caption-attachment-290517\" class=\"size-large wp-image-290517\" src=\"http:\/\/www.diarioimagen.net\/wp-content\/uploads\/2016\/09\/epn-2960-420x236.jpg\" alt=\"Enrique Pe\u00f1a Nieto entreg\u00f3 en Edomex el certificado un mill\u00f3n y medio del Programa Especial de Certificaci\u00f3n del INEA.\" width=\"420\" height=\"236\" srcset=\"https:\/\/www.diarioimagen.net\/wp-content\/uploads\/2016\/09\/epn-2960-420x236.jpg 420w, https:\/\/www.diarioimagen.net\/wp-content\/uploads\/2016\/09\/epn-2960-240x135.jpg 240w, https:\/\/www.diarioimagen.net\/wp-content\/uploads\/2016\/09\/epn-2960-235x132.jpg 235w, https:\/\/www.diarioimagen.net\/wp-content\/uploads\/2016\/09\/epn-2960-202x114.jpg 202w, https:\/\/www.diarioimagen.net\/wp-content\/uploads\/2016\/09\/epn-2960-350x196.jpg 350w, https:\/\/www.diarioimagen.net\/wp-content\/uploads\/2016\/09\/epn-2960-220x123.jpg 220w, https:\/\/www.diarioimagen.net\/wp-content\/uploads\/2016\/09\/epn-2960-237x132.jpg 237w, https:\/\/www.diarioimagen.net\/wp-content\/uploads\/2016\/09\/epn-2960.jpg 480w\" sizes=\"auto, (max-width: 420px) 100vw, 420px\" \/><\/a><p id=\"caption-attachment-290517\" class=\"wp-caption-text\">Enrique Pe\u00f1a Nieto entreg\u00f3 en Edomex el certificado un mill\u00f3n y medio del Programa Especial de Certificaci\u00f3n del INEA.<\/p><\/div>\n<p>&nbsp;<\/p>\n<p>Para 2018, seis millones de adultos habr\u00e1n obtenido su certificado de estudios de primaria y secundaria, lo que representa 60 por ciento de las certificaciones que ha otorgado el Instituto Nacional para la Educaci\u00f3n de los Adultos (INEA), en 35 a\u00f1os de existencia, afirm\u00f3 el presidente Enrique Pe\u00f1a Nieto.<\/p>\n<p>Durante el acto de entrega del certificado un mill\u00f3n y medio alcanzado en 2016, del Programa Especial de Certificaci\u00f3n del INEA, el mandatario federal apunt\u00f3 que en lo que va de su administraci\u00f3n, se han certificado 3.5 millones de personas en estudios de educaci\u00f3n b\u00e1sica.<\/p>\n<p>En el pueblo de Los Reyes Iztacala, Pe\u00f1a Nieto consider\u00f3 que a este paso, se alcanzar\u00e1 la cifra record de seis millones de personas para el final de su sexenio, meta superior a la original.<\/p>\n<p>Mientras que en 35 a\u00f1os de vida el Instituto Nacional para la Educaci\u00f3n de los Adultos ha certificado a 10 millones de personas en primaria y secundaria, y 15 millones han aprendido a leer y escribir.<\/p>\n<p>Acompa\u00f1ado por los secretarios de Educaci\u00f3n, Aurelio Nu\u00f1o; de Desarrollo Agrario Territorial y Urbano, Rosario Robles, y de Desarrollo Social, Luis Enrique Miranda, apunt\u00f3 que su gobierno tiene el objetivo de acelerar el proceso de certificaci\u00f3n.<\/p>\n<p>El documento que avala que han concluido sus estudios, les abre la puerta para seguir construyendo un mejor porvenir, y \u201cno tenerlo, es condenarles a no poder crecer\u201d, indic\u00f3 el titular del Ejecutivo federal.<\/p>\n<p>El proceso de certificaci\u00f3n se realiza mediante la vinculaci\u00f3n y articulaci\u00f3n del trabajo entre la Secretar\u00eda de Educaci\u00f3n P\u00fablica y la Sedesol, pues el Programa Especial de Certificaci\u00f3n atiende a seis millones de beneficiarios del Programa Prospera.<\/p>\n<p>El presidente Pe\u00f1a Nieto subray\u00f3 que a M\u00e9xico \u201cno lo hace un s\u00f3lo hombre, un s\u00f3lo gobierno; se debe a la suma de historias de \u00e9xito de millones de mexicanos\u201d.<\/p>\n<p>En ese sentido enfatiz\u00f3 que a veces, ciertas decisiones no son del todo entendidas, \u201cpero al final de cuentas, lo que hoy es claro, es que la calidad de vida de millones de mexicanos est\u00e1 cambiando y mejorando, y estamos viendo resultados\u201d.<\/p>\n<p>&nbsp;<\/p>\n","protected":false},"excerpt":{"rendered":"<p>Para 2018, seis millones de adultos habr\u00e1n obtenido su certificado de estudios de primaria y secundaria, lo que representa 60 por ciento de las certificaciones que ha otorgado el Instituto Nacional para la Educaci\u00f3n de los Adultos (INEA), en 35 a\u00f1os de existencia, afirm\u00f3 el presidente Enrique Pe\u00f1a Nieto.<\/p>\n","protected":false},"author":3,"featured_media":290517,"comment_status":"open","ping_status":"open","sticky":false,"template":"","format":"standard","meta":{"_monsterinsights_skip_tracking":false,"_monsterinsights_sitenote_active":false,"_monsterinsights_sitenote_note":"","_monsterinsights_sitenote_category":0,"footnotes":""},"categories":[1295],"tags":[43694,18,19226,15121],"class_list":["post-290399","post","type-post","status-publish","format-standard","has-post-thumbnail","hentry","category-educacion","tag-educacion","tag-enrique-pena-nieto","tag-inea","tag-record"],"_links":{"self":[{"href":"https:\/\/www.diarioimagen.net\/index.php?rest_route=\/wp\/v2\/posts\/290399","targetHints":{"allow":["GET"]}}],"collection":[{"href":"https:\/\/www.diarioimagen.net\/index.php?rest_route=\/wp\/v2\/posts"}],"about":[{"href":"https:\/\/www.diarioimagen.net\/index.php?rest_route=\/wp\/v2\/types\/post"}],"author":[{"embeddable":true,"href":"https:\/\/www.diarioimagen.net\/index.php?rest_route=\/wp\/v2\/users\/3"}],"replies":[{"embeddable":true,"href":"https:\/\/www.diarioimagen.net\/index.php?rest_route=%2Fwp%2Fv2%2Fcomments&post=290399"}],"version-history":[{"count":0,"href":"https:\/\/www.diarioimagen.net\/index.php?rest_route=\/wp\/v2\/posts\/290399\/revisions"}],"wp:featuredmedia":[{"embeddable":true,"href":"https:\/\/www.diarioimagen.net\/index.php?rest_route=\/wp\/v2\/media\/290517"}],"wp:attachment":[{"href":"https:\/\/www.diarioimagen.net\/index.php?rest_route=%2Fwp%2Fv2%2Fmedia&parent=290399"}],"wp:term":[{"taxonomy":"category","embeddable":true,"href":"https:\/\/www.diarioimagen.net\/index.php?rest_route=%2Fwp%2Fv2%2Fcategories&post=290399"},{"taxonomy":"post_tag","embeddable":true,"href":"https:\/\/www.diarioimagen.net\/index.php?rest_route=%2Fwp%2Fv2%2Ftags&post=290399"}],"curies":[{"name":"wp","href":"https:\/\/api.w.org\/{rel}","templated":true}]}}