{"id":290434,"date":"2016-09-23T00:03:58","date_gmt":"2016-09-23T05:03:58","guid":{"rendered":"http:\/\/www.diarioimagen.net\/?p=290434"},"modified":"2016-09-25T22:11:31","modified_gmt":"2016-09-26T03:11:31","slug":"operativo-para-prevenir-acoso-en-vagones-del-metro","status":"publish","type":"post","link":"https:\/\/www.diarioimagen.net\/?p=290434","title":{"rendered":"Operativo para prevenir acoso en vagones del Metro"},"content":{"rendered":"<ul>\n<li><strong><em>D\u00eda Mundial Sin Auto<\/em><\/strong><\/li>\n<\/ul>\n<p>&nbsp;<\/p>\n<div id=\"attachment_290527\" style=\"width: 430px\" class=\"wp-caption aligncenter\"><a href=\"http:\/\/www.diarioimagen.net\/?attachment_id=290527\" rel=\"attachment wp-att-290527\"><img loading=\"lazy\" decoding=\"async\" aria-describedby=\"caption-attachment-290527\" class=\"size-large wp-image-290527\" src=\"http:\/\/www.diarioimagen.net\/wp-content\/uploads\/2016\/09\/ACOSO-2960-420x236.jpg\" alt=\"Hiram Almeida Estrada, titular de la SSP, supervis\u00f3 la aplicaci\u00f3n del dispositivo de seguridad Temis en el Metro.\" width=\"420\" height=\"236\" srcset=\"https:\/\/www.diarioimagen.net\/wp-content\/uploads\/2016\/09\/ACOSO-2960-420x236.jpg 420w, https:\/\/www.diarioimagen.net\/wp-content\/uploads\/2016\/09\/ACOSO-2960-240x135.jpg 240w, https:\/\/www.diarioimagen.net\/wp-content\/uploads\/2016\/09\/ACOSO-2960-235x132.jpg 235w, https:\/\/www.diarioimagen.net\/wp-content\/uploads\/2016\/09\/ACOSO-2960-202x114.jpg 202w, https:\/\/www.diarioimagen.net\/wp-content\/uploads\/2016\/09\/ACOSO-2960-350x196.jpg 350w, https:\/\/www.diarioimagen.net\/wp-content\/uploads\/2016\/09\/ACOSO-2960-220x123.jpg 220w, https:\/\/www.diarioimagen.net\/wp-content\/uploads\/2016\/09\/ACOSO-2960-237x132.jpg 237w, https:\/\/www.diarioimagen.net\/wp-content\/uploads\/2016\/09\/ACOSO-2960.jpg 480w\" sizes=\"auto, (max-width: 420px) 100vw, 420px\" \/><\/a><p id=\"caption-attachment-290527\" class=\"wp-caption-text\">Hiram Almeida Estrada, titular de la SSP, supervis\u00f3 la aplicaci\u00f3n del dispositivo de seguridad Temis en el Metro.<\/p><\/div>\n<p>&nbsp;<\/p>\n<p>El secretario de Seguridad P\u00fablica de la Ciudad de M\u00e9xico, Hiram Almeida Estrada, supervis\u00f3 la aplicaci\u00f3n del dispositivo de seguridad Temis en el Metro, que previene el acoso a las mujeres en el transporte p\u00fablico.<\/p>\n<p>En ocasi\u00f3n del D\u00eda Mundial Sin Auto, el funcionario capitalino viaj\u00f3 en el Sistema de Transporte Colectivo (STC) Metro para verificar el cumplimiento de ese mecanismo.<\/p>\n<p>\u201cPara garantizar la movilidad y seguridad de ciudadanos en el transporte p\u00fablico supervisa @hiramalmeidae en este #D\u00edaMundialSinAuto\u201d, inform\u00f3 la dependencia capitalina en su cuenta en Twitter @SSP_CDMX.<\/p>\n<p>De acuerdo con la Secretar\u00eda de Seguridad P\u00fablica capitalina, m\u00e1s de mil 400 polic\u00edas participan todos los d\u00edas en el Operativo Temis, que desde abril se aplica en paraderos de autobuses, Metro y Metrob\u00fas.<\/p>\n<p>\u201cTodos los d\u00edas se destinan 1,439 polic\u00edas como parte del Operativo Temis para garantizar seguridad de mujeres en @MetrobusCDMX y @MetroCDMX\u201d, precis\u00f3 la dependencia en su cuenta de la red social.<\/p>\n<p>A su vez el funcionario public\u00f3 en su cuenta @hiramalmeidae: \u201cNos percatamos del cumplimiento del dispositivo y personal femenino aplicando correctamente #OperativoTemis\u201d.<\/p>\n<p>\u201cEn el #DiaMundialSinAuto, nos sumamos a las acciones, hagamos conciencia\u201d, escribi\u00f3 Almeida Estrada.<\/p>\n<p style=\"text-align: center;\"><strong>Acoso sexual y robo de celulares, delitos m\u00e1s cometidos <\/strong><\/p>\n<p>El director general de la Polic\u00eda Bancaria e Industrial (PBI), Jos\u00e9 Joel Pichardo Nepomuceno, indic\u00f3 que 80 por ciento de las 356 personas que han sido remitidas en lo que va del a\u00f1o al Ministerio P\u00fablico por cometer delitos en el Metro han sido por acoso sexual y robo de tel\u00e9fonos celulares, con y sin violencia.<\/p>\n<p>Pichardo Nepomuceno se\u00f1al\u00f3 que esos delitos son los que ocupan el primero y segundo lugares dentro del Sistema de Transporte Colectivo (STC).<\/p>\n<p>&nbsp;<\/p>\n","protected":false},"excerpt":{"rendered":"<p>El secretario de Seguridad P\u00fablica de la Ciudad de M\u00e9xico, Hiram Almeida Estrada, supervis\u00f3 la aplicaci\u00f3n del dispositivo de seguridad Temis en el Metro, que previene el acoso a las mujeres en el transporte p\u00fablico.<\/p>\n","protected":false},"author":3,"featured_media":290527,"comment_status":"open","ping_status":"open","sticky":false,"template":"","format":"standard","meta":{"_monsterinsights_skip_tracking":false,"_monsterinsights_sitenote_active":false,"_monsterinsights_sitenote_note":"","_monsterinsights_sitenote_category":0,"footnotes":""},"categories":[6],"tags":[204,35766,14991,163,4658],"class_list":["post-290434","post","type-post","status-publish","format-standard","has-post-thumbnail","hentry","category-cd-de-mexico","tag-ciudad-de-mexico","tag-dia-mundial-sin-auto","tag-hiram-almeida-estrada","tag-metro","tag-stc"],"_links":{"self":[{"href":"https:\/\/www.diarioimagen.net\/index.php?rest_route=\/wp\/v2\/posts\/290434","targetHints":{"allow":["GET"]}}],"collection":[{"href":"https:\/\/www.diarioimagen.net\/index.php?rest_route=\/wp\/v2\/posts"}],"about":[{"href":"https:\/\/www.diarioimagen.net\/index.php?rest_route=\/wp\/v2\/types\/post"}],"author":[{"embeddable":true,"href":"https:\/\/www.diarioimagen.net\/index.php?rest_route=\/wp\/v2\/users\/3"}],"replies":[{"embeddable":true,"href":"https:\/\/www.diarioimagen.net\/index.php?rest_route=%2Fwp%2Fv2%2Fcomments&post=290434"}],"version-history":[{"count":0,"href":"https:\/\/www.diarioimagen.net\/index.php?rest_route=\/wp\/v2\/posts\/290434\/revisions"}],"wp:featuredmedia":[{"embeddable":true,"href":"https:\/\/www.diarioimagen.net\/index.php?rest_route=\/wp\/v2\/media\/290527"}],"wp:attachment":[{"href":"https:\/\/www.diarioimagen.net\/index.php?rest_route=%2Fwp%2Fv2%2Fmedia&parent=290434"}],"wp:term":[{"taxonomy":"category","embeddable":true,"href":"https:\/\/www.diarioimagen.net\/index.php?rest_route=%2Fwp%2Fv2%2Fcategories&post=290434"},{"taxonomy":"post_tag","embeddable":true,"href":"https:\/\/www.diarioimagen.net\/index.php?rest_route=%2Fwp%2Fv2%2Ftags&post=290434"}],"curies":[{"name":"wp","href":"https:\/\/api.w.org\/{rel}","templated":true}]}}