{"id":290470,"date":"2016-09-23T00:06:14","date_gmt":"2016-09-23T05:06:14","guid":{"rendered":"http:\/\/www.diarioimagen.net\/?p=290470"},"modified":"2016-09-23T02:24:26","modified_gmt":"2016-09-23T07:24:26","slug":"breves-rumbo-a-world-routes-2016","status":"publish","type":"post","link":"https:\/\/www.diarioimagen.net\/?p=290470","title":{"rendered":"Breves rumbo a World Routes 2016"},"content":{"rendered":"<h2>Detr\u00e1s del Poder<\/h2>\n<h5>Jos\u00e9 Antonio L\u00f3pez Sosa<\/h5>\n<p>&nbsp;<\/p>\n<p><strong>Chengdu, China<\/strong>.- Ma\u00f1ana arranca el foro de aviaci\u00f3n m\u00e1s importante del mundo, previo al inicio hay informaci\u00f3n relevante que se ha difundido, compartimos algo de lo m\u00e1s trascendente en esta columna:<\/p>\n<p style=\"text-align: center;\"><strong>DELTA CAMBIA DE AEROPUERTO EN JAP\u00d3N<\/strong><\/p>\n<p>\u00a0Delta Air Lines ha anunciado previo al arranque de World Routes 2016, que cambiar\u00e1 de aeropuerto en Jap\u00f3n, cancelando a finales de este a\u00f1o la ruta Nueva York (JFK) a Tokio-Narita y Tokyo-Narita a Osaka y Bangkok.<\/p>\n<p>La aerol\u00ednea ha recibido dos de los cinco slots para operar en el aeropuerto Tokyo-Haneda, las autorizadas operar\u00edan desde Los \u00c1ngeles y desde Minneapolis como parte de la expansi\u00f3n que Delta Air Lines busca en Asia.<\/p>\n<p>Esta estrategia de acuerdo al comunicado corporativo, tiene como base las negociaciones del Departamento de Transporte de los Estados Unidos con las autoridades del aeropuerto Tokyo-Haneda para ampliar operaciones entre Jap\u00f3n y la Uni\u00f3n Americana.<\/p>\n<p style=\"text-align: center;\"><strong>60 PONENTES Y DOS CUMBRES LISTAS<\/strong><\/p>\n<p>Directivos de l\u00edneas a\u00e9reas, como es el caso de Peter Bellew, CEO de Malaisyan Airlines: Susan Kurland, comisionada del departamento de aviaci\u00f3n de Chicago: David Scowswill, CEO de World Travel &amp; Tourism Council, estar\u00e1n participando en las dos cumbres que se desarrollan en World Routes 2016, en Chengdu.<\/p>\n<p>Adem\u00e1s de las citas de negocios que cotidianamente se llevan al cabo en World Routes entre aeropuertos y aerol\u00edneas, tambi\u00e9n se celebrar\u00e1n las cumbres de estrategias a\u00e9reas y turismo, donde profesionales del sector expondr\u00e1n casos de \u00e9xito alrededor del mundo, con relaci\u00f3n a la expansi\u00f3n de rutas a\u00e9reas, de la mano con autoridades tur\u00edsticas y de negocios para consolidarlas, fomentando el crecimiento de los mercados internacionales y no s\u00f3lo la operaci\u00f3n a\u00e9rea.<\/p>\n<p>Medios de comunicaci\u00f3n de todo el mundo est\u00e1n listos para arrancar \u00e9sta, la mayor cumbre de aviaci\u00f3n en el mundo.<\/p>\n<p style=\"text-align: center;\"><strong>AEROL\u00cdNEAS Y AEROPUERTOS MEXICANOS SE PREPARAN<\/strong><\/p>\n<p>La presencia mexicana en World Routes 2016 es importante, aeropuertos de pr\u00e1cticamente todos los grupos -excepto el de la Ciudad de M\u00e9xico- est\u00e1n presentes.<\/p>\n<p>Aerom\u00e9xico, Interjet y Volaris est\u00e1n tambi\u00e9n listos para tener citas de negocios con distintos aeropuertos, buscando expandir y fortalecer las rutas que tienen tanto en la regi\u00f3n, como en \u00e1reas de oportunidad donde se busca crecimiento.<\/p>\n<p>Los especialistas en desarrollo de rutas estar\u00e1n presentes, negociando y consolidando el mercado mexicano en distintas partes del continente y del mundo.<\/p>\n<p style=\"text-align: center;\"><strong>GRAN BRETA\u00d1A NO DISMINUIR\u00c1 CONECTIVIDAD CON ESTADOS UNIDOS TRAS EL BREXIT<\/strong><\/p>\n<p>En el marco del arranque de World Routes 2016, aerol\u00edneas y autoridades brit\u00e1nicas se\u00f1alaron que lejos de reducir la conectividad con los Estados Unidos por la salida del bloque europeo, \u00e9sta se ampliar\u00e1 y se revisar\u00e1n los convenios de aviaci\u00f3n suscritos con los Estados Unidos a nivel bilateral.<\/p>\n<p>De acuerdo a informaci\u00f3n emitida por Sabre, en el a\u00f1o 2015 hubo una demanda de m\u00e1s de 15 millones de asientos entre ambas naciones, un n\u00famero creciente desde el a\u00f1o 2010, luego de la ca\u00edda de viajeros despu\u00e9s de la crisis global del a\u00f1o 2008. La meta es alcanzar el nivel que se tuvo en 2005, cuando la demanda fue de m\u00e1s de 19 millones de asientos entre ambos pa\u00edses.<\/p>\n<p>Durante este verano, hubo m\u00e1s de 61 mil operaciones a\u00e9reas entre el Reino Unido y los Estados Unidos, ello da certeza a los usuarios que, a pesar del Brexit, la conectividad ser\u00e1 creciente.<\/p>\n<p style=\"text-align: center;\"><strong>ALITALIA ARRANCA OPERACIONES EN CUBA<\/strong><\/p>\n<p>La aerol\u00ednea bandera de Italia, apuesta por la apertura del mercado tur\u00edstico y de negocios en Cuba al conectar el aeropuerto de Roma con el Jos\u00e9 Mart\u00ed de La Habana. Desde hace a\u00f1os y a pesar del embargo estadounidense, el mercado italiano ha sido importante y consistente a la isla de acuerdo a datos oficiales de ambas naciones.<\/p>\n<p>Alitalia anunci\u00f3 previo a la apertura de World Routes 2016 en Chengd\u00fa, China, que a partir del 29 de noviembre tendr\u00e1 dos vuelos semanales (martes y s\u00e1bados) entre Roma y La Habana, operando con un Boeing 777-200ER con tres clases: bussiness, premium economy y economy.<\/p>\n<p>La Habana representa para Alitalia la cuarta apertura transcontinental en los \u00faltimos meses, adem\u00e1s de Santiago de Chile, la Ciudad de M\u00e9xico y Pek\u00edn (Beijing) en China.<\/p>\n<p style=\"text-align: center;\"><strong>FLY KISS ARRANCAR\u00c1 OPERACIONES<\/strong><\/p>\n<p>Una nueva l\u00ednea a\u00e9rea conectar\u00e1 en Europa a Francia y el Reino Unido. En los d\u00edas previos al arranque de World Routes 2016, la subsidiaria del grupo franc\u00e9s Enhance Aero anunci\u00f3 que ser\u00e1 en noviembre 7, la fecha tentativa del inicio de operaciones con once rutas entre ambos pa\u00edses.<\/p>\n<p>Arrancar\u00e1n con operaciones entre Clermont-Ferrand, Niza, Strasbourg, Lille y Brest en Francia, conectando con Londres-Luton en Reino Unido. Volar\u00e1n con Embraer ERJ-145s de 49 asientos operando todos los d\u00edas de la semana excepto los s\u00e1bados.<\/p>\n<p><em><a href=\"http:\/\/www.lopezsosa.com\" target=\"_blank\">www.lopezsosa.com<\/a><\/em><br \/>\n<em><a href=\"mailto:joseantonio@lopezsosa.com\" target=\"_blank\">joseantonio@lopezsosa.com<\/a><\/em><br \/>\n<em><a href=\"http:\/\/twitter.com\/joseantonio1977\" target=\"_blank\">@joseantonio197<\/a><\/em><\/p>\n","protected":false},"excerpt":{"rendered":"<p><span style=\"color: #005497;\"><strong>Jos\u00e9 Antonio L\u00f3pez Sosa<\/strong><\/span><\/p>\n","protected":false},"author":3,"featured_media":0,"comment_status":"open","ping_status":"open","sticky":false,"template":"","format":"standard","meta":{"_monsterinsights_skip_tracking":false,"_monsterinsights_sitenote_active":false,"_monsterinsights_sitenote_note":"","_monsterinsights_sitenote_category":0,"footnotes":""},"categories":[637],"tags":[54157,1361,638,43690,43674],"class_list":["post-290470","post","type-post","status-publish","format-standard","hentry","category-jose-antonio-lopez-sosa","tag-chengdu","tag-china","tag-detras-del-poder","tag-jose-antonio-lopez-sosa","tag-opinion"],"_links":{"self":[{"href":"https:\/\/www.diarioimagen.net\/index.php?rest_route=\/wp\/v2\/posts\/290470","targetHints":{"allow":["GET"]}}],"collection":[{"href":"https:\/\/www.diarioimagen.net\/index.php?rest_route=\/wp\/v2\/posts"}],"about":[{"href":"https:\/\/www.diarioimagen.net\/index.php?rest_route=\/wp\/v2\/types\/post"}],"author":[{"embeddable":true,"href":"https:\/\/www.diarioimagen.net\/index.php?rest_route=\/wp\/v2\/users\/3"}],"replies":[{"embeddable":true,"href":"https:\/\/www.diarioimagen.net\/index.php?rest_route=%2Fwp%2Fv2%2Fcomments&post=290470"}],"version-history":[{"count":0,"href":"https:\/\/www.diarioimagen.net\/index.php?rest_route=\/wp\/v2\/posts\/290470\/revisions"}],"wp:attachment":[{"href":"https:\/\/www.diarioimagen.net\/index.php?rest_route=%2Fwp%2Fv2%2Fmedia&parent=290470"}],"wp:term":[{"taxonomy":"category","embeddable":true,"href":"https:\/\/www.diarioimagen.net\/index.php?rest_route=%2Fwp%2Fv2%2Fcategories&post=290470"},{"taxonomy":"post_tag","embeddable":true,"href":"https:\/\/www.diarioimagen.net\/index.php?rest_route=%2Fwp%2Fv2%2Ftags&post=290470"}],"curies":[{"name":"wp","href":"https:\/\/api.w.org\/{rel}","templated":true}]}}