{"id":290558,"date":"2016-09-26T00:09:56","date_gmt":"2016-09-26T05:09:56","guid":{"rendered":"http:\/\/www.diarioimagen.net\/?p=290558"},"modified":"2016-09-26T04:34:01","modified_gmt":"2016-09-26T09:34:01","slug":"tendra-edomex-clinicas-para-atender-a-victimas-del-delito-eruviel-avila","status":"publish","type":"post","link":"https:\/\/www.diarioimagen.net\/?p=290558","title":{"rendered":"Habr\u00e1 cl\u00ednicas para atender a v\u00edctimas del delito"},"content":{"rendered":"<h2>Arco Norte<\/h2>\n<h5>Jos\u00e9 Luis Monta\u00f1ez Aguilar<\/h5>\n<p>&nbsp;<\/p>\n<div id=\"attachment_290559\" style=\"width: 430px\" class=\"wp-caption aligncenter\"><a href=\"http:\/\/www.diarioimagen.net\/?attachment_id=290559\" rel=\"attachment wp-att-290559\"><img loading=\"lazy\" decoding=\"async\" aria-describedby=\"caption-attachment-290559\" class=\"size-large wp-image-290559\" src=\"http:\/\/www.diarioimagen.net\/wp-content\/uploads\/2016\/09\/CLINICAS26ok-portal-420x245.jpg\" alt=\"El gobernador Eruviel \u00c1vila Villegas anunci\u00f3 que se crear\u00e1n dos Cl\u00ednicas de Estr\u00e9s Postraum\u00e1tico en hospitales del ISSEMyM de Toluca y Tlalnepantla.\" width=\"420\" height=\"245\" srcset=\"https:\/\/www.diarioimagen.net\/wp-content\/uploads\/2016\/09\/CLINICAS26ok-portal-420x245.jpg 420w, https:\/\/www.diarioimagen.net\/wp-content\/uploads\/2016\/09\/CLINICAS26ok-portal-240x140.jpg 240w, https:\/\/www.diarioimagen.net\/wp-content\/uploads\/2016\/09\/CLINICAS26ok-portal.jpg 480w\" sizes=\"auto, (max-width: 420px) 100vw, 420px\" \/><\/a><p id=\"caption-attachment-290559\" class=\"wp-caption-text\">El gobernador Eruviel \u00c1vila Villegas anunci\u00f3 que se crear\u00e1n dos Cl\u00ednicas de Estr\u00e9s Postraum\u00e1tico en hospitales del ISSEMyM de Toluca y Tlalnepantla.<\/p><\/div>\n<p>&nbsp;<\/p>\n<p>En el Estado de M\u00e9xico se crear\u00e1n dos Cl\u00ednicas de Estr\u00e9s Postraum\u00e1tico en hospitales del Instituto de Seguridad Social del Estado de M\u00e9xico y Municipios (ISSEMyM) de Toluca y Tlalnepantla, en las cuales se atender\u00e1 de manera integral a las v\u00edctimas del delito, a trav\u00e9s\u00a0 del modelo utilizado en el Hospital de Jerusal\u00e9n, Israel, donde se ha desarrollado una t\u00e9cnica para que las personas puedan superar un trauma, dijo el gobernador Eruviel \u00c1vila.<\/p>\n<p>En el Sal\u00f3n del Pueblo de Palacio de Gobierno, inform\u00f3 que estas cl\u00ednicas atender\u00e1n a quienes sean canalizadas de instituciones como el Instituto de Salud del Estado de M\u00e9xico (ISEM), la Procuradur\u00eda General de Justicia mexiquense, la Comisi\u00f3n Estatal de Seguridad Ciudadana, entre otras, y brindar\u00e1n servicio los 365 d\u00edas del a\u00f1o. Detall\u00f3 que para brindar una buena atenci\u00f3n, se capacitar\u00e1 a 60 servidores p\u00fablicos del ISSEMyM, entre m\u00e9dicos, enfermeras, psic\u00f3logos y trabajadores sociales, para que est\u00e9n preparados en esta materia, siendo la psicoterapeuta Shulamit Graber la encargada de realizar estos trabajos de capacitaci\u00f3n.<\/p>\n<p style=\"text-align: center;\"><strong>Servicios funerarios gratuitos a familiares de donantes de \u00f3rganos<\/strong><\/p>\n<p>Como parte del trabajo coordinado entre el DIFEM y el Centro Estatal de Trasplantes del Estado de M\u00e9xico (CETRAEM) los familiares de donantes de \u00f3rganos ser\u00e1n apoyados con servicios de la funeraria del DIF Estado de M\u00e9xico. Nelly Romero Patr\u00f3n, encargada de la funeraria del DIFEM, inform\u00f3 que en este a\u00f1o suman siete los apoyos que ambas dependencias brindan a familiares de donantes de \u00f3rganos y tejidos, algunos de ellos provenientes de\u00a0 municipios como Amatepec, El Oro y Ocoyoacac, y que por sus bajos recursos econ\u00f3micos requieren del apoyo en materia de servicios funerarios que contemplan ata\u00fad y traslado.<\/p>\n<p style=\"text-align: center;\"><strong>Modernizaci\u00f3n integral del Perif\u00e9rico Norte<\/strong><\/p>\n<p>El gobierno del Estado de M\u00e9xico, a trav\u00e9s de la Secretar\u00eda de Infraestructura, realizar\u00e1 la conservaci\u00f3n y rehabilitaci\u00f3n del Perif\u00e9rico Norte, mediante trabajos nocturnos para afectar lo menos posible la circulaci\u00f3n y con ello ofrecer mejores condiciones de tr\u00e1nsito y seguridad para quienes transitan por esa vialidad. Los trabajos, que estar\u00e1n a cargo de la Junta de Caminos de la entidad, comenzaron con el levantamiento de los estudios topogr\u00e1ficos, a fin de realizar la modernizaci\u00f3n integral del bulevar Manuel \u00c1vila Camacho, nombre oficial del Perif\u00e9rico Norte.<\/p>\n","protected":false},"excerpt":{"rendered":"<p><span style=\"color: #005497;\">Jos\u00e9 Luis Monta\u00f1ez Aguilar<\/span><br \/>\n<br \/>\nEn el Edomex se crear\u00e1n dos Cl\u00ednicas de Estr\u00e9s Postraum\u00e1tico en hospitales del Instituto de Seguridad Social del Estado de M\u00e9xico y Municipios (ISSEMyM) de Toluca y Tlalnepantla, en las cuales se atender\u00e1 de manera integral a las v\u00edctimas del delito, a trav\u00e9s del modelo utilizado en el Hospital de Jerusal\u00e9n, Israel, donde se ha desarrollado una t\u00e9cnica para que las personas puedan superar un trauma, inform\u00f3 el gobernador Eruviel \u00c1vila Villegas.<\/p>\n","protected":false},"author":5,"featured_media":290559,"comment_status":"open","ping_status":"open","sticky":false,"template":"","format":"standard","meta":{"_monsterinsights_skip_tracking":false,"_monsterinsights_sitenote_active":false,"_monsterinsights_sitenote_note":"","_monsterinsights_sitenote_category":0,"footnotes":""},"categories":[5],"tags":[13284,699,43704,43674,5499],"class_list":["post-290558","post","type-post","status-publish","format-standard","has-post-thumbnail","hentry","category-estado-de-mexico","tag-arco-norte","tag-issemym","tag-jose-luis-montanez-aguilar","tag-opinion","tag-victimas"],"_links":{"self":[{"href":"https:\/\/www.diarioimagen.net\/index.php?rest_route=\/wp\/v2\/posts\/290558","targetHints":{"allow":["GET"]}}],"collection":[{"href":"https:\/\/www.diarioimagen.net\/index.php?rest_route=\/wp\/v2\/posts"}],"about":[{"href":"https:\/\/www.diarioimagen.net\/index.php?rest_route=\/wp\/v2\/types\/post"}],"author":[{"embeddable":true,"href":"https:\/\/www.diarioimagen.net\/index.php?rest_route=\/wp\/v2\/users\/5"}],"replies":[{"embeddable":true,"href":"https:\/\/www.diarioimagen.net\/index.php?rest_route=%2Fwp%2Fv2%2Fcomments&post=290558"}],"version-history":[{"count":0,"href":"https:\/\/www.diarioimagen.net\/index.php?rest_route=\/wp\/v2\/posts\/290558\/revisions"}],"wp:featuredmedia":[{"embeddable":true,"href":"https:\/\/www.diarioimagen.net\/index.php?rest_route=\/wp\/v2\/media\/290559"}],"wp:attachment":[{"href":"https:\/\/www.diarioimagen.net\/index.php?rest_route=%2Fwp%2Fv2%2Fmedia&parent=290558"}],"wp:term":[{"taxonomy":"category","embeddable":true,"href":"https:\/\/www.diarioimagen.net\/index.php?rest_route=%2Fwp%2Fv2%2Fcategories&post=290558"},{"taxonomy":"post_tag","embeddable":true,"href":"https:\/\/www.diarioimagen.net\/index.php?rest_route=%2Fwp%2Fv2%2Ftags&post=290558"}],"curies":[{"name":"wp","href":"https:\/\/api.w.org\/{rel}","templated":true}]}}