{"id":290623,"date":"2016-09-26T00:08:58","date_gmt":"2016-09-26T05:08:58","guid":{"rendered":"http:\/\/www.diarioimagen.net\/?p=290623"},"modified":"2016-09-26T05:06:23","modified_gmt":"2016-09-26T10:06:23","slug":"destaca-del-mazo-logros-del-gobierno-de-pena-nieto","status":"publish","type":"post","link":"https:\/\/www.diarioimagen.net\/?p=290623","title":{"rendered":"Destaca Del Mazo logros del gobierno de Pe\u00f1a Nieto"},"content":{"rendered":"<ul>\n<li><strong><em>Posicionamiento del PRI<\/em><\/strong><\/li>\n<\/ul>\n<p>&nbsp;<\/p>\n<div id=\"attachment_290741\" style=\"width: 430px\" class=\"wp-caption aligncenter\"><a href=\"http:\/\/www.diarioimagen.net\/?attachment_id=290741\" rel=\"attachment wp-att-290741\"><img loading=\"lazy\" decoding=\"async\" aria-describedby=\"caption-attachment-290741\" class=\"size-large wp-image-290741\" src=\"http:\/\/www.diarioimagen.net\/wp-content\/uploads\/2016\/09\/HUIXQUILUCAN-2961-420x236.jpg\" alt=\"Alfredo del Mazo Maza present\u00f3 posicionamiento de su partido durante la comparecencia del secretario de Hacienda.\" width=\"420\" height=\"236\" srcset=\"https:\/\/www.diarioimagen.net\/wp-content\/uploads\/2016\/09\/HUIXQUILUCAN-2961-420x236.jpg 420w, https:\/\/www.diarioimagen.net\/wp-content\/uploads\/2016\/09\/HUIXQUILUCAN-2961-240x135.jpg 240w, https:\/\/www.diarioimagen.net\/wp-content\/uploads\/2016\/09\/HUIXQUILUCAN-2961-235x132.jpg 235w, https:\/\/www.diarioimagen.net\/wp-content\/uploads\/2016\/09\/HUIXQUILUCAN-2961-202x114.jpg 202w, https:\/\/www.diarioimagen.net\/wp-content\/uploads\/2016\/09\/HUIXQUILUCAN-2961-350x196.jpg 350w, https:\/\/www.diarioimagen.net\/wp-content\/uploads\/2016\/09\/HUIXQUILUCAN-2961-220x123.jpg 220w, https:\/\/www.diarioimagen.net\/wp-content\/uploads\/2016\/09\/HUIXQUILUCAN-2961-237x132.jpg 237w, https:\/\/www.diarioimagen.net\/wp-content\/uploads\/2016\/09\/HUIXQUILUCAN-2961.jpg 480w\" sizes=\"auto, (max-width: 420px) 100vw, 420px\" \/><\/a><p id=\"caption-attachment-290741\" class=\"wp-caption-text\">Alfredo del Mazo Maza present\u00f3 posicionamiento de su partido durante la comparecencia del secretario de Hacienda.<\/p><\/div>\n<p>&nbsp;<\/p>\n<p><strong>Huixquilucan, Estado de M\u00e9xico<\/strong>.- El diputado del PRI, Alfredo del Mazo Maza, subi\u00f3 a la tribuna de la C\u00e1mara de Diputados para presentar el posicionamiento de su partido \u00a0durante la comparecencia del secretario de Hacienda y Cr\u00e9dito P\u00fablico, Jos\u00e9 Antonio Meade Kuribre\u00f1a, en el marco de la glosa del Cuarto Informe de Gobierno.<\/p>\n<p>Destac\u00f3 que durante 2015 y 2016 la econom\u00eda mexicana ha transitado bajo un entorno econ\u00f3mico complejo y adverso, \u201cen el cual la prioridad del gobierno federal que encabeza el presidente Enrique Pe\u00f1a Nieto ha sido mantener una pol\u00edtica de desarrollo econ\u00f3mico y social, conservando la estabilidad macroecon\u00f3mica\u201d.<\/p>\n<p>Dijo que los resultados econ\u00f3micos est\u00e1n a la vista: el crecimiento es de 2.5%, la recaudaci\u00f3n pas\u00f3 de representar el 8.4% del PIB en 2012 al 13.5% en 2016; la inversi\u00f3n extranjera directa asciende a m\u00e1s de 120 mil millones de d\u00f3lares.<\/p>\n<p>Asimismo, el mercado interno se ha convertido en el motor de la econom\u00eda nacional, mediante la generaci\u00f3n de 2.2 millones de empleos y los ingresos dependen en menor medida del petr\u00f3leo y m\u00e1s de nuestros sectores productivos. De igual forma, el PIB no petrolero va en franco crecimiento a una tasa anual de 3.1%.<\/p>\n<p>El legislador precis\u00f3 que de nada servir\u00eda una pol\u00edtica econ\u00f3mica si los resultados s\u00f3lo se observaran en los indicadores macroecon\u00f3micos, \u201cla prioridad es el desarrollo y el bienestar de los ciudadanos; ah\u00ed es donde pone \u00e9nfasis el accionar del gobierno\u201d.<\/p>\n<p>Por ejemplo, a trav\u00e9s de la Cruzada Nacional Contra el Hambre se atiende a m\u00e1s de 4.5 millones de mexicanos; tambi\u00e9n se han incorporado 2 millones de mexicanos al Seguro Popular y se han otorgado m\u00e1s de 4 millones de apoyos en financiamiento para la compra y remodelaci\u00f3n de hogares.<\/p>\n<p>De igual forma, se ha impulsado el desarrollo de transportes masivos de pasajeros m\u00e1s baratos y m\u00e1s \u00e1giles.<\/p>\n<p>\u201cEstos son los resultados que debemos reconocer, porque los buenos resultados son producto del trabajo de todos. Apostar por el fracaso de una administraci\u00f3n es apostar por el fracaso de M\u00e9xico\u201d, precis\u00f3 Del Mazo Maza.<\/p>\n<p>Y agreg\u00f3 que hoy nuestro pa\u00eds demanda compromiso, trabajo y solidaridad de todos, \u201cno basta el reconocimiento de lo que se ha hecho bien, porque los buenos resultados son la base para seguir construyendo nuestro futuro\u201d.<\/p>\n<p>Destac\u00f3 que los pri\u00edstas \u201creconocemos que el paquete econ\u00f3mico responde a las exigencias de la sociedad al ser realista, equitativo y responsable\u201d.<\/p>\n<p>Ahora nos toca a los legisladores analizar la propuesta y con \u00e1nimo constructivo ayudar a mejorarla \u201cconvencidos de que tanto al Ejecutivo federal como a esta soberan\u00eda lo que nos mueve es construir un mejor M\u00e9xico para todos\u201d.<\/p>\n<p>&nbsp;<\/p>\n","protected":false},"excerpt":{"rendered":"<p>El diputado del PRI, Alfredo del Mazo Maza, subi\u00f3 a la tribuna de la C\u00e1mara de Diputados para presentar el posicionamiento de su partido  durante la comparecencia del secretario de Hacienda y Cr\u00e9dito P\u00fablico, Jos\u00e9 Antonio Meade Kuribre\u00f1a, en el marco de la glosa del Cuarto Informe de Gobierno.<\/p>\n","protected":false},"author":3,"featured_media":290741,"comment_status":"open","ping_status":"open","sticky":false,"template":"","format":"standard","meta":{"_monsterinsights_skip_tracking":false,"_monsterinsights_sitenote_active":false,"_monsterinsights_sitenote_note":"","_monsterinsights_sitenote_category":0,"footnotes":""},"categories":[35155],"tags":[2505,43675,1097,26429,362],"class_list":["post-290623","post","type-post","status-publish","format-standard","has-post-thumbnail","hentry","category-estado-de-mexico-estado-de-mexico","tag-alfredo-del-mazo-maza","tag-estado-de-mexico","tag-huixquilucan","tag-jose-antonio-meade-kuribrena","tag-pri"],"_links":{"self":[{"href":"https:\/\/www.diarioimagen.net\/index.php?rest_route=\/wp\/v2\/posts\/290623","targetHints":{"allow":["GET"]}}],"collection":[{"href":"https:\/\/www.diarioimagen.net\/index.php?rest_route=\/wp\/v2\/posts"}],"about":[{"href":"https:\/\/www.diarioimagen.net\/index.php?rest_route=\/wp\/v2\/types\/post"}],"author":[{"embeddable":true,"href":"https:\/\/www.diarioimagen.net\/index.php?rest_route=\/wp\/v2\/users\/3"}],"replies":[{"embeddable":true,"href":"https:\/\/www.diarioimagen.net\/index.php?rest_route=%2Fwp%2Fv2%2Fcomments&post=290623"}],"version-history":[{"count":0,"href":"https:\/\/www.diarioimagen.net\/index.php?rest_route=\/wp\/v2\/posts\/290623\/revisions"}],"wp:featuredmedia":[{"embeddable":true,"href":"https:\/\/www.diarioimagen.net\/index.php?rest_route=\/wp\/v2\/media\/290741"}],"wp:attachment":[{"href":"https:\/\/www.diarioimagen.net\/index.php?rest_route=%2Fwp%2Fv2%2Fmedia&parent=290623"}],"wp:term":[{"taxonomy":"category","embeddable":true,"href":"https:\/\/www.diarioimagen.net\/index.php?rest_route=%2Fwp%2Fv2%2Fcategories&post=290623"},{"taxonomy":"post_tag","embeddable":true,"href":"https:\/\/www.diarioimagen.net\/index.php?rest_route=%2Fwp%2Fv2%2Ftags&post=290623"}],"curies":[{"name":"wp","href":"https:\/\/api.w.org\/{rel}","templated":true}]}}