{"id":290632,"date":"2016-09-26T00:07:11","date_gmt":"2016-09-26T05:07:11","guid":{"rendered":"http:\/\/www.diarioimagen.net\/?p=290632"},"modified":"2016-09-26T04:47:47","modified_gmt":"2016-09-26T09:47:47","slug":"metepec-festival-quimera-lleva-amplia-oferta-al-publico-infantil","status":"publish","type":"post","link":"https:\/\/www.diarioimagen.net\/?p=290632","title":{"rendered":"Metepec: festival Quimera lleva amplia oferta al p\u00fablico infantil"},"content":{"rendered":"<ul>\n<li><strong><em>Teatro, cuentacuentos, baile, t\u00edteres y m\u00e1s<\/em><\/strong><\/li>\n<\/ul>\n<p>&nbsp;<\/p>\n<div id=\"attachment_290722\" style=\"width: 430px\" class=\"wp-caption aligncenter\"><a href=\"http:\/\/www.diarioimagen.net\/?attachment_id=290722\" rel=\"attachment wp-att-290722\"><img loading=\"lazy\" decoding=\"async\" aria-describedby=\"caption-attachment-290722\" class=\"size-large wp-image-290722\" src=\"http:\/\/www.diarioimagen.net\/wp-content\/uploads\/2016\/09\/METEPEC-2961-420x236.jpg\" alt=\"Festival Quimera contempla una selecci\u00f3n especial para que ni\u00f1as y ni\u00f1os disfruten de las bellas artes.\" width=\"420\" height=\"236\" srcset=\"https:\/\/www.diarioimagen.net\/wp-content\/uploads\/2016\/09\/METEPEC-2961-420x236.jpg 420w, https:\/\/www.diarioimagen.net\/wp-content\/uploads\/2016\/09\/METEPEC-2961-240x135.jpg 240w, https:\/\/www.diarioimagen.net\/wp-content\/uploads\/2016\/09\/METEPEC-2961-480x270.jpg 480w, https:\/\/www.diarioimagen.net\/wp-content\/uploads\/2016\/09\/METEPEC-2961-235x132.jpg 235w, https:\/\/www.diarioimagen.net\/wp-content\/uploads\/2016\/09\/METEPEC-2961-202x114.jpg 202w, https:\/\/www.diarioimagen.net\/wp-content\/uploads\/2016\/09\/METEPEC-2961-350x196.jpg 350w, https:\/\/www.diarioimagen.net\/wp-content\/uploads\/2016\/09\/METEPEC-2961-220x123.jpg 220w, https:\/\/www.diarioimagen.net\/wp-content\/uploads\/2016\/09\/METEPEC-2961-237x132.jpg 237w, https:\/\/www.diarioimagen.net\/wp-content\/uploads\/2016\/09\/METEPEC-2961.jpg 700w\" sizes=\"auto, (max-width: 420px) 100vw, 420px\" \/><\/a><p id=\"caption-attachment-290722\" class=\"wp-caption-text\">Festival Quimera contempla una selecci\u00f3n especial para que ni\u00f1as y ni\u00f1os disfruten de las bellas artes.<\/p><\/div>\n<p>&nbsp;<\/p>\n<p><strong>Metepec, Estado de M\u00e9xico<\/strong>.- La vig\u00e9sima sexta edici\u00f3n del Festival Internacional de Arte y Cultura Quimera, contempla una selecci\u00f3n especial para que ni\u00f1as y ni\u00f1os puedan disfrutar de las bellas artes con artistas reconocidos en 34 espect\u00e1culos.<\/p>\n<p>Teatro gui\u00f1ol, literatura, teatro, m\u00fasica, coro, danza, cuentacuentos y clowns, ser\u00e1n las principales actividades en las que el p\u00fablico infantil podr\u00e1 entretenerse en un ambiente familiar.<\/p>\n<p>Regresa a Metepec uno de los grupos favoritos de los peque\u00f1os, Monedita de Oro, quienes con su propuesta que conjuga folklore mexicano, ritmos caribe\u00f1os y sonidos urbanos, har\u00e1n brincar, aplaudir y bailar a chicos y grandes con un programa que invita a apreciar la vida que hay en los libros.<\/p>\n<p>Asimismo, estar\u00e1n los m\u00fasicos de Patita de Perro, quienes con m\u00e1s de 20 a\u00f1os de experiencia contin\u00faan estando entre los favoritos, al igual que\u00a0Yucat\u00e1n A Go-Go, \u00a0que con rock infantil imprimir\u00e1n ritmo para prender a los asistentes.<\/p>\n<p>Con m\u00e1s de tres d\u00e9cadas de trayectoria, el bajista, compositor y escritor mexicano Armando Vega Gil, presentar\u00e1 <em>El ukulele loco<\/em>, espect\u00e1culo humor\u00edstico que combina historias orales con rutinas teatrales y \u00a0canciones con su ukulele hawaiano, que pasan por el son jarocho, la samba, el rock y el mariachi.<\/p>\n<p>Son de la Ciudad, Son pa\u00b4los Escuincles, interpretar\u00e1 m\u00fasica tradicional mexicana para ni\u00f1os, mientras que La Cubetita V7.0 invitar\u00e1 a so\u00f1ar\u00a0 y a darse cuenta de que las y los ni\u00f1os construyen su propio mundo, al igual que el <em>Grillo madrugador<\/em>, Juan Manuel Corona Ornelas, en siempre gustado concierto.<\/p>\n<p>&nbsp;<\/p>\n","protected":false},"excerpt":{"rendered":"<p>La vig\u00e9sima sexta edici\u00f3n del Festival Internacional de Arte y Cultura Quimera, contempla una selecci\u00f3n especial para que ni\u00f1as y ni\u00f1os puedan disfrutar de las bellas artes con artistas reconocidos en 34 espect\u00e1culos.<\/p>\n","protected":false},"author":3,"featured_media":290722,"comment_status":"open","ping_status":"open","sticky":false,"template":"","format":"standard","meta":{"_monsterinsights_skip_tracking":false,"_monsterinsights_sitenote_active":false,"_monsterinsights_sitenote_note":"","_monsterinsights_sitenote_category":0,"footnotes":""},"categories":[35155],"tags":[43675,876,36344,54184],"class_list":["post-290632","post","type-post","status-publish","format-standard","has-post-thumbnail","hentry","category-estado-de-mexico-estado-de-mexico","tag-estado-de-mexico","tag-metepec","tag-oferta","tag-quimera"],"_links":{"self":[{"href":"https:\/\/www.diarioimagen.net\/index.php?rest_route=\/wp\/v2\/posts\/290632","targetHints":{"allow":["GET"]}}],"collection":[{"href":"https:\/\/www.diarioimagen.net\/index.php?rest_route=\/wp\/v2\/posts"}],"about":[{"href":"https:\/\/www.diarioimagen.net\/index.php?rest_route=\/wp\/v2\/types\/post"}],"author":[{"embeddable":true,"href":"https:\/\/www.diarioimagen.net\/index.php?rest_route=\/wp\/v2\/users\/3"}],"replies":[{"embeddable":true,"href":"https:\/\/www.diarioimagen.net\/index.php?rest_route=%2Fwp%2Fv2%2Fcomments&post=290632"}],"version-history":[{"count":0,"href":"https:\/\/www.diarioimagen.net\/index.php?rest_route=\/wp\/v2\/posts\/290632\/revisions"}],"wp:featuredmedia":[{"embeddable":true,"href":"https:\/\/www.diarioimagen.net\/index.php?rest_route=\/wp\/v2\/media\/290722"}],"wp:attachment":[{"href":"https:\/\/www.diarioimagen.net\/index.php?rest_route=%2Fwp%2Fv2%2Fmedia&parent=290632"}],"wp:term":[{"taxonomy":"category","embeddable":true,"href":"https:\/\/www.diarioimagen.net\/index.php?rest_route=%2Fwp%2Fv2%2Fcategories&post=290632"},{"taxonomy":"post_tag","embeddable":true,"href":"https:\/\/www.diarioimagen.net\/index.php?rest_route=%2Fwp%2Fv2%2Ftags&post=290632"}],"curies":[{"name":"wp","href":"https:\/\/api.w.org\/{rel}","templated":true}]}}