{"id":290636,"date":"2016-09-26T00:05:13","date_gmt":"2016-09-26T05:05:13","guid":{"rendered":"http:\/\/www.diarioimagen.net\/?p=290636"},"modified":"2016-09-26T04:49:56","modified_gmt":"2016-09-26T09:49:56","slug":"el-gobierno-de-jorge-adan-elizalde-eleva-la-calidad-de-vida-de-tultitlenses","status":"publish","type":"post","link":"https:\/\/www.diarioimagen.net\/?p=290636","title":{"rendered":"El gobierno de Jorge Ad\u00e1n Elizalde eleva la calidad de vida de tultitlenses"},"content":{"rendered":"<ul>\n<li><strong><em>Se mejora la imagen urbana del municipio<\/em><\/strong><\/li>\n<\/ul>\n<p>&nbsp;<\/p>\n<div id=\"attachment_290728\" style=\"width: 430px\" class=\"wp-caption aligncenter\"><a href=\"http:\/\/www.diarioimagen.net\/?attachment_id=290728\" rel=\"attachment wp-att-290728\"><img loading=\"lazy\" decoding=\"async\" aria-describedby=\"caption-attachment-290728\" class=\"size-large wp-image-290728\" src=\"http:\/\/www.diarioimagen.net\/wp-content\/uploads\/2016\/09\/TULTITLAN-2961-420x236.jpg\" alt=\"Algunas de las calles que se han pavimentado con apoyo de la ciudadan\u00eda son: Mazatl\u00e1n, de la colonia Ampliaci\u00f3n San Pablo y\u00a0 Bugambilias, entre otras.\" width=\"420\" height=\"236\" srcset=\"https:\/\/www.diarioimagen.net\/wp-content\/uploads\/2016\/09\/TULTITLAN-2961-420x236.jpg 420w, https:\/\/www.diarioimagen.net\/wp-content\/uploads\/2016\/09\/TULTITLAN-2961-240x135.jpg 240w, https:\/\/www.diarioimagen.net\/wp-content\/uploads\/2016\/09\/TULTITLAN-2961-235x132.jpg 235w, https:\/\/www.diarioimagen.net\/wp-content\/uploads\/2016\/09\/TULTITLAN-2961-202x114.jpg 202w, https:\/\/www.diarioimagen.net\/wp-content\/uploads\/2016\/09\/TULTITLAN-2961-350x196.jpg 350w, https:\/\/www.diarioimagen.net\/wp-content\/uploads\/2016\/09\/TULTITLAN-2961-220x123.jpg 220w, https:\/\/www.diarioimagen.net\/wp-content\/uploads\/2016\/09\/TULTITLAN-2961-237x132.jpg 237w, https:\/\/www.diarioimagen.net\/wp-content\/uploads\/2016\/09\/TULTITLAN-2961.jpg 480w\" sizes=\"auto, (max-width: 420px) 100vw, 420px\" \/><\/a><p id=\"caption-attachment-290728\" class=\"wp-caption-text\">Algunas de las calles que se han pavimentado con apoyo de la ciudadan\u00eda son: Mazatl\u00e1n, de la colonia Ampliaci\u00f3n San Pablo y\u00a0 Bugambilias, entre otras.<\/p><\/div>\n<p>&nbsp;<\/p>\n<p><strong>Tultitl\u00e1n, Estado de M\u00e9xico<\/strong>.- Con la finalidad de elevar la calidad de vida de las familias tultitlenses y mejorar la imagen urbana de la demarcaci\u00f3n, la actual administraci\u00f3n, encabezada por el maestro en administraci\u00f3n p\u00fablica, Jorge Ad\u00e1n Elizalde, ha trabajado en colaboraci\u00f3n con la ciudadan\u00eda con pavimentaciones de diferentes calles con concreto hidr\u00e1ulico de las tres zonas de la demarcaci\u00f3n.<\/p>\n<p>El Ejecutivo local se\u00f1al\u00f3 que desde el inicio de esta administraci\u00f3n se han implementado obras de calidad, enalteciendo el arduo trabajo de la ciudadan\u00eda que forma una importante labor en beneficio de todos los tultitlenses.<\/p>\n<p>\u201cEsa es nuestra prioridad, llegar y trabajar para generar un municipio de bienestar, de oportunidades, son tiempos dif\u00edciles en donde debemos estar unidos y aprovechar muy bien los recursos p\u00fablicos, que se vean reflejados \u00e9stos en las mejoras de los servicios, en\u00a0 nuestro entorno, donde vivimos, donde transitamos, como lo son nuestras calles, que a partir de esta administraci\u00f3n, llegamos y decididos transformar muchas de las avenidas principales y calles para mejorar la imagen urbana\u201d.<\/p>\n<p>Tambi\u00e9n el alcalde destac\u00f3 que \u201cvenimos a servir y a trabajar por mejorar las condiciones de vida de un municipio, mi reconocimiento a todos pero en especial a los ciudadanos que colaboraron, que est\u00e1n presentes y que seguir\u00e1n vigilando que las obras est\u00e9n bien hechas\u201d.<\/p>\n<p>&nbsp;<\/p>\n","protected":false},"excerpt":{"rendered":"<p>Con la finalidad de elevar la calidad de vida de las familias tultitlenses y mejorar la imagen urbana de la demarcaci\u00f3n, la actual administraci\u00f3n, encabezada por el maestro en administraci\u00f3n p\u00fablica, Jorge Ad\u00e1n Elizalde, ha trabajado en colaboraci\u00f3n con la ciudadan\u00eda con pavimentaciones de diferentes calles con concreto hidr\u00e1ulico de las tres zonas de la demarcaci\u00f3n.<\/p>\n","protected":false},"author":3,"featured_media":290728,"comment_status":"open","ping_status":"open","sticky":false,"template":"","format":"standard","meta":{"_monsterinsights_skip_tracking":false,"_monsterinsights_sitenote_active":false,"_monsterinsights_sitenote_note":"","_monsterinsights_sitenote_category":0,"footnotes":""},"categories":[35155],"tags":[19954,43675,578,4244],"class_list":["post-290636","post","type-post","status-publish","format-standard","has-post-thumbnail","hentry","category-estado-de-mexico-estado-de-mexico","tag-calidad","tag-estado-de-mexico","tag-tultitlan","tag-vida"],"_links":{"self":[{"href":"https:\/\/www.diarioimagen.net\/index.php?rest_route=\/wp\/v2\/posts\/290636","targetHints":{"allow":["GET"]}}],"collection":[{"href":"https:\/\/www.diarioimagen.net\/index.php?rest_route=\/wp\/v2\/posts"}],"about":[{"href":"https:\/\/www.diarioimagen.net\/index.php?rest_route=\/wp\/v2\/types\/post"}],"author":[{"embeddable":true,"href":"https:\/\/www.diarioimagen.net\/index.php?rest_route=\/wp\/v2\/users\/3"}],"replies":[{"embeddable":true,"href":"https:\/\/www.diarioimagen.net\/index.php?rest_route=%2Fwp%2Fv2%2Fcomments&post=290636"}],"version-history":[{"count":0,"href":"https:\/\/www.diarioimagen.net\/index.php?rest_route=\/wp\/v2\/posts\/290636\/revisions"}],"wp:featuredmedia":[{"embeddable":true,"href":"https:\/\/www.diarioimagen.net\/index.php?rest_route=\/wp\/v2\/media\/290728"}],"wp:attachment":[{"href":"https:\/\/www.diarioimagen.net\/index.php?rest_route=%2Fwp%2Fv2%2Fmedia&parent=290636"}],"wp:term":[{"taxonomy":"category","embeddable":true,"href":"https:\/\/www.diarioimagen.net\/index.php?rest_route=%2Fwp%2Fv2%2Fcategories&post=290636"},{"taxonomy":"post_tag","embeddable":true,"href":"https:\/\/www.diarioimagen.net\/index.php?rest_route=%2Fwp%2Fv2%2Ftags&post=290636"}],"curies":[{"name":"wp","href":"https:\/\/api.w.org\/{rel}","templated":true}]}}