{"id":290774,"date":"2016-09-27T00:06:08","date_gmt":"2016-09-27T05:06:08","guid":{"rendered":"http:\/\/www.diarioimagen.net\/?p=290774"},"modified":"2016-09-28T00:59:06","modified_gmt":"2016-09-28T05:59:06","slug":"casi-dos-mil-maestros-en-proceso-de-ser-cesados-nuno","status":"publish","type":"post","link":"https:\/\/www.diarioimagen.net\/?p=290774","title":{"rendered":"Casi 2 mil maestros en proceso de cese: Nu\u00f1o"},"content":{"rendered":"<ul>\n<li><strong><em>En distintos estados<\/em><\/strong><\/li>\n<\/ul>\n<p>&nbsp;<\/p>\n<div id=\"attachment_290775\" style=\"width: 430px\" class=\"wp-caption aligncenter\"><a href=\"http:\/\/www.diarioimagen.net\/?attachment_id=290775\" rel=\"attachment wp-att-290775\"><img loading=\"lazy\" decoding=\"async\" aria-describedby=\"caption-attachment-290775\" class=\"wp-image-290775 size-large\" src=\"http:\/\/www.diarioimagen.net\/wp-content\/uploads\/2016\/09\/NU\u00d1O27-portal-420x245.jpg\" alt=\"Aurelio Nu\u00f1o Mayer se\u00f1al\u00f3 que pr\u00e1cticamente todas las escuelas del pa\u00eds funcionan al 100 por ciento, como las de Michoac\u00e1n, Guerrero, Oaxaca y Chiapas.\" width=\"420\" height=\"245\" srcset=\"https:\/\/www.diarioimagen.net\/wp-content\/uploads\/2016\/09\/NU\u00d1O27-portal-420x245.jpg 420w, https:\/\/www.diarioimagen.net\/wp-content\/uploads\/2016\/09\/NU\u00d1O27-portal-240x140.jpg 240w, https:\/\/www.diarioimagen.net\/wp-content\/uploads\/2016\/09\/NU\u00d1O27-portal.jpg 480w\" sizes=\"auto, (max-width: 420px) 100vw, 420px\" \/><\/a><p id=\"caption-attachment-290775\" class=\"wp-caption-text\">Aurelio Nu\u00f1o Mayer se\u00f1al\u00f3 que pr\u00e1cticamente todas las escuelas del pa\u00eds funcionan al 100 por ciento, como las de Michoac\u00e1n, Guerrero, Oaxaca y Chiapas.<\/p><\/div>\n<p>&nbsp;<\/p>\n<p>El titular de la Secretar\u00eda de Educaci\u00f3n P\u00fablica federal (SEP), Aurelio Nu\u00f1o Mayer afirm\u00f3 que casi 2 mil maestros de la CNTE se encuentran en proceso de ser cesados en distintos estados del pa\u00eds, debido a que no acudieron a dar clases.<\/p>\n<p>Se\u00f1al\u00f3 que ya est\u00e1n en marcha las notificaciones a los mentores, quienes, de acuerdo con el proceso legal, tienen 10 d\u00edas h\u00e1biles para explicar el motivo por el que faltaron, y en los casos que proceda se dar\u00e1 la baja y luego la sustituci\u00f3n correspondiente.<\/p>\n<p>Tras su participaci\u00f3n en la cuarta edici\u00f3n del Foro Forbes: Econom\u00eda 3.0, indic\u00f3 que \u201clos maestros que est\u00e1n en proceso de ser cesados son cerca de 2 mil. Son mil 200 en el caso de Oaxaca, y estamos hablando de 500 en el caso de Chiapas, 80 en el caso de Michoac\u00e1n y m\u00e1s o menos 20 en el caso de Guerrero\u201d.<\/p>\n<p>El funcionario federal destac\u00f3 que se debe ser muy consistente y tener una gran claridad en el caso de la reforma educativa, en donde se avanza con firmeza.<\/p>\n<p>Nu\u00f1o Mayer record\u00f3 que se realizan procesos de di\u00e1logo regionales en mesas formales tanto en Michoac\u00e1n como en Oaxaca, mientras que en Guerrero se avanza, aunque no como mesa formal.<\/p>\n<p>Precis\u00f3 que los temas que se est\u00e1n atendiendo son de \u00edndole local, como adeudos y regularizaci\u00f3n de maestros, y destac\u00f3 que en ninguno de los casos se trata el tema de la abrogaci\u00f3n o cambios a la reforma educativa.<\/p>\n<p>El secretario de Educaci\u00f3n insisti\u00f3 en que la reforma educativa es fundamental para el futuro del pa\u00eds y de los ni\u00f1os, por lo que se debe avanzar y profesionalizar; adem\u00e1s, agreg\u00f3, es un tema en el que no se tiene facultad.<\/p>\n<p>Destac\u00f3 que este a\u00f1o se ha dado un incremento importante en la inversi\u00f3n realizada a las normales del pa\u00eds, de casi 200 por ciento, en particular a la rural de Ayotzinapa, recursos destinados para atender distintos rubros, como la infraestructura y otros rezagos.<\/p>\n","protected":false},"excerpt":{"rendered":"<p>El titular de la Secretar\u00eda de Educaci\u00f3n P\u00fablica federal (SEP), Aurelio Nu\u00f1o Mayer afirm\u00f3 que casi 2 mil maestros de la CNTE se encuentran en proceso de ser cesados en distintos estados del pa\u00eds, debido a que no acudieron a dar clases.<\/p>\n","protected":false},"author":5,"featured_media":290775,"comment_status":"open","ping_status":"open","sticky":false,"template":"","format":"standard","meta":{"_monsterinsights_skip_tracking":false,"_monsterinsights_sitenote_active":false,"_monsterinsights_sitenote_note":"","_monsterinsights_sitenote_category":0,"footnotes":""},"categories":[1295],"tags":[30144,51457,7473,2574,4590,459],"class_list":["post-290774","post","type-post","status-publish","format-standard","has-post-thumbnail","hentry","category-educacion","tag-aurelio-nuno-mayer","tag-cesados","tag-cnte","tag-maestros","tag-proceso","tag-sep"],"_links":{"self":[{"href":"https:\/\/www.diarioimagen.net\/index.php?rest_route=\/wp\/v2\/posts\/290774","targetHints":{"allow":["GET"]}}],"collection":[{"href":"https:\/\/www.diarioimagen.net\/index.php?rest_route=\/wp\/v2\/posts"}],"about":[{"href":"https:\/\/www.diarioimagen.net\/index.php?rest_route=\/wp\/v2\/types\/post"}],"author":[{"embeddable":true,"href":"https:\/\/www.diarioimagen.net\/index.php?rest_route=\/wp\/v2\/users\/5"}],"replies":[{"embeddable":true,"href":"https:\/\/www.diarioimagen.net\/index.php?rest_route=%2Fwp%2Fv2%2Fcomments&post=290774"}],"version-history":[{"count":0,"href":"https:\/\/www.diarioimagen.net\/index.php?rest_route=\/wp\/v2\/posts\/290774\/revisions"}],"wp:featuredmedia":[{"embeddable":true,"href":"https:\/\/www.diarioimagen.net\/index.php?rest_route=\/wp\/v2\/media\/290775"}],"wp:attachment":[{"href":"https:\/\/www.diarioimagen.net\/index.php?rest_route=%2Fwp%2Fv2%2Fmedia&parent=290774"}],"wp:term":[{"taxonomy":"category","embeddable":true,"href":"https:\/\/www.diarioimagen.net\/index.php?rest_route=%2Fwp%2Fv2%2Fcategories&post=290774"},{"taxonomy":"post_tag","embeddable":true,"href":"https:\/\/www.diarioimagen.net\/index.php?rest_route=%2Fwp%2Fv2%2Ftags&post=290774"}],"curies":[{"name":"wp","href":"https:\/\/api.w.org\/{rel}","templated":true}]}}