{"id":290777,"date":"2016-09-26T17:00:48","date_gmt":"2016-09-26T22:00:48","guid":{"rendered":"http:\/\/www.diarioimagen.net\/?p=290777"},"modified":"2016-09-28T00:58:13","modified_gmt":"2016-09-28T05:58:13","slug":"aplicaran-mas-de-500-mil-vacunas-a-perros-y-gatos","status":"publish","type":"post","link":"https:\/\/www.diarioimagen.net\/?p=290777","title":{"rendered":"Aplicar\u00e1n m\u00e1s de 500 mil vacunas a perros y gatos"},"content":{"rendered":"<ul>\n<li><em><strong>Participan en la jornada 3 mil 113 brigadistas<\/strong><\/em><\/li>\n<\/ul>\n<p>&nbsp;<\/p>\n<p>&nbsp;<\/p>\n<div id=\"attachment_290778\" style=\"width: 430px\" class=\"wp-caption aligncenter\"><a href=\"http:\/\/www.diarioimagen.net\/?attachment_id=290778\" rel=\"attachment wp-att-290778\"><img loading=\"lazy\" decoding=\"async\" aria-describedby=\"caption-attachment-290778\" class=\"size-large wp-image-290778\" src=\"http:\/\/www.diarioimagen.net\/wp-content\/uploads\/2016\/09\/VACUNAS27-portal-420x245.jpg\" alt=\"Aplicar\u00e1n 574 mil 428 vacunas durante la \u201cSemana Nacional de Reforzamiento de Vacunaci\u00f3n Antirr\u00e1bica Canina y Felina\u201d.\" width=\"420\" height=\"245\" srcset=\"https:\/\/www.diarioimagen.net\/wp-content\/uploads\/2016\/09\/VACUNAS27-portal-420x245.jpg 420w, https:\/\/www.diarioimagen.net\/wp-content\/uploads\/2016\/09\/VACUNAS27-portal-240x140.jpg 240w, https:\/\/www.diarioimagen.net\/wp-content\/uploads\/2016\/09\/VACUNAS27-portal.jpg 480w\" sizes=\"auto, (max-width: 420px) 100vw, 420px\" \/><\/a><p id=\"caption-attachment-290778\" class=\"wp-caption-text\">Aplicar\u00e1n 574 mil 428 vacunas durante la \u201cSemana Nacional de Reforzamiento de Vacunaci\u00f3n Antirr\u00e1bica Canina y Felina\u201d.<\/p><\/div>\n<p>&nbsp;<\/p>\n<p><strong>Toluca, Estado de M\u00e9xico<\/strong>.- El Instituto de Salud del Estado de M\u00e9xico (ISEM) aplicar\u00e1 574 mil 428 vacunas durante la \u201cSemana Nacional de Reforzamiento de Vacunaci\u00f3n Antirr\u00e1bica Canina y Felina\u201d, que puso en marcha el gobernador Eruviel \u00c1vila y se llevar\u00e1 a cabo en los 125 municipios de la entidad del 25 de septiembre al 1 de octubre, para mantener el control de casos de rabia en humanos transmitidos por perros.<\/p>\n<p>Durante esta jornada participan 3 mil 113 brigadistas y mil 525 puestos de vacunaci\u00f3n instalados en las plazas p\u00fablicas del estado, con la colaboraci\u00f3n de la Facultad de Medicina Veterinaria y Zootecnia de la UAEM\u00e9x y voluntarios.<\/p>\n<p>C\u00e9sar G\u00f3mez, secretario de Salud estatal, dijo que el objetivo es llegar a aquellos perros y gatos que por alguna raz\u00f3n no fueron vacunados en marzo o nacieron despu\u00e9s. Por lo que invit\u00f3 a la poblaci\u00f3n a llevar a su animal de compa\u00f1\u00eda a alguno de los puestos de vacunaci\u00f3n para mantener en cero los casos de rabia y se\u00f1al\u00f3 que esta acci\u00f3n se suma a los esfuerzos para promover el respeto a la protecci\u00f3n y bienestar animal.<\/p>\n<p>Asegur\u00f3 que la entidad ocupa uno de los primeros lugares en ser la que m\u00e1s vacunas aplica a los animales y m\u00e1s esterilizaciones realiza, ya que se considera a la rabia como una prioridad en salud p\u00fablica.<\/p>\n","protected":false},"excerpt":{"rendered":"<p>El Instituto de Salud del Estado de M\u00e9xico (ISEM) aplicar\u00e1 574 mil 428 vacunas durante la \u201cSemana Nacional de Reforzamiento de Vacunaci\u00f3n Antirr\u00e1bica Canina y Felina\u201d, que puso en marcha el gobernador Eruviel \u00c1vila y se llevar\u00e1 a cabo en los 125 municipios de la entidad del 25 de septiembre al 1 de octubre, para mantener el control de casos de rabia en humanos transmitidos por perros.<\/p>\n","protected":false},"author":5,"featured_media":290778,"comment_status":"open","ping_status":"open","sticky":false,"template":"","format":"standard","meta":{"_monsterinsights_skip_tracking":false,"_monsterinsights_sitenote_active":false,"_monsterinsights_sitenote_note":"","_monsterinsights_sitenote_category":0,"footnotes":""},"categories":[35155],"tags":[43675,19824,452],"class_list":["post-290777","post","type-post","status-publish","format-standard","has-post-thumbnail","hentry","category-estado-de-mexico-estado-de-mexico","tag-estado-de-mexico","tag-perros","tag-toluca"],"_links":{"self":[{"href":"https:\/\/www.diarioimagen.net\/index.php?rest_route=\/wp\/v2\/posts\/290777","targetHints":{"allow":["GET"]}}],"collection":[{"href":"https:\/\/www.diarioimagen.net\/index.php?rest_route=\/wp\/v2\/posts"}],"about":[{"href":"https:\/\/www.diarioimagen.net\/index.php?rest_route=\/wp\/v2\/types\/post"}],"author":[{"embeddable":true,"href":"https:\/\/www.diarioimagen.net\/index.php?rest_route=\/wp\/v2\/users\/5"}],"replies":[{"embeddable":true,"href":"https:\/\/www.diarioimagen.net\/index.php?rest_route=%2Fwp%2Fv2%2Fcomments&post=290777"}],"version-history":[{"count":0,"href":"https:\/\/www.diarioimagen.net\/index.php?rest_route=\/wp\/v2\/posts\/290777\/revisions"}],"wp:featuredmedia":[{"embeddable":true,"href":"https:\/\/www.diarioimagen.net\/index.php?rest_route=\/wp\/v2\/media\/290778"}],"wp:attachment":[{"href":"https:\/\/www.diarioimagen.net\/index.php?rest_route=%2Fwp%2Fv2%2Fmedia&parent=290777"}],"wp:term":[{"taxonomy":"category","embeddable":true,"href":"https:\/\/www.diarioimagen.net\/index.php?rest_route=%2Fwp%2Fv2%2Fcategories&post=290777"},{"taxonomy":"post_tag","embeddable":true,"href":"https:\/\/www.diarioimagen.net\/index.php?rest_route=%2Fwp%2Fv2%2Ftags&post=290777"}],"curies":[{"name":"wp","href":"https:\/\/api.w.org\/{rel}","templated":true}]}}