{"id":290789,"date":"2016-09-27T00:08:16","date_gmt":"2016-09-27T05:08:16","guid":{"rendered":"http:\/\/www.diarioimagen.net\/?p=290789"},"modified":"2016-09-28T00:59:14","modified_gmt":"2016-09-28T05:59:14","slug":"recupera-edomex-50-mil-hectareas-de-bosque-en-5-anos","status":"publish","type":"post","link":"https:\/\/www.diarioimagen.net\/?p=290789","title":{"rendered":"Recupera Edomex 50 mil hect\u00e1reas de bosques en 5 a\u00f1os"},"content":{"rendered":"<h2>Arco Norte<\/h2>\n<h5>Jos\u00e9 Luis Monta\u00f1ez Aguilar<\/h5>\n<p>&nbsp;<\/p>\n<ul>\n<li><em><strong>En beneficio de los habitantes de la megal\u00f3polis<\/strong><\/em><\/li>\n<\/ul>\n<p>&nbsp;<\/p>\n<p>&nbsp;<\/p>\n<div id=\"attachment_290790\" style=\"width: 430px\" class=\"wp-caption aligncenter\"><a href=\"http:\/\/www.diarioimagen.net\/?attachment_id=290790\" rel=\"attachment wp-att-290790\"><img loading=\"lazy\" decoding=\"async\" aria-describedby=\"caption-attachment-290790\" class=\"size-large wp-image-290790\" src=\"http:\/\/www.diarioimagen.net\/wp-content\/uploads\/2016\/09\/ERUVIEL27ok-portal-420x245.jpg\" alt=\"El gobernador Eruviel \u00c1vila Villegas firm\u00f3 como testigo de honor el convenio para el Fortalecimiento del Programa Integral de Reducci\u00f3n de Emisiones Contaminantes del Estado de M\u00e9xico.\" width=\"420\" height=\"245\" srcset=\"https:\/\/www.diarioimagen.net\/wp-content\/uploads\/2016\/09\/ERUVIEL27ok-portal-420x245.jpg 420w, https:\/\/www.diarioimagen.net\/wp-content\/uploads\/2016\/09\/ERUVIEL27ok-portal-240x140.jpg 240w, https:\/\/www.diarioimagen.net\/wp-content\/uploads\/2016\/09\/ERUVIEL27ok-portal.jpg 480w\" sizes=\"auto, (max-width: 420px) 100vw, 420px\" \/><\/a><p id=\"caption-attachment-290790\" class=\"wp-caption-text\">El gobernador Eruviel \u00c1vila Villegas firm\u00f3 como testigo de honor el convenio para el Fortalecimiento del Programa Integral de Reducci\u00f3n de Emisiones Contaminantes del Estado de M\u00e9xico.<\/p><\/div>\n<p>&nbsp;<\/p>\n<p>La acad\u00e9mica del Instituto de Geograf\u00eda de la UNAM, Gabriela G\u00f3mez Rodr\u00edguez, inform\u00f3 que el Estado de M\u00e9xico gan\u00f3 50 mil hect\u00e1reas de bosques en los \u00faltimos 5 a\u00f1os, al pasar de 706 mil 949 hect\u00e1reas en el a\u00f1o 2010, a 756 mil hect\u00e1reas en 2015, lo que representa un impacto ben\u00e9fico directo en la Megal\u00f3polis, al evitar que no haya un incremento en la temperatura local y se conserve el suelo, lo que permite que se recuperen los mantos fre\u00e1ticos, haya agua disponible para el ambiente natural y para consumo, as\u00ed como ox\u00edgeno.<\/p>\n<p>Al darse a conocer el Mapa Forestal del Estado de M\u00e9xico, el gobernador Eruviel \u00c1vila Villegas puntualiz\u00f3 que el incremento de la masa forestal es resultado de un trabajo coordinado entre la sociedad y gobierno, para reforestar los bosques y cuidar de ellos. Explic\u00f3 que de acuerdo con la ex secretaria de Medio Ambiente, Julia Carabias, los seres humanos han acabado con el 53 por ciento de la superficie original de bosques del planeta, pero en la entidad mexiquense se trabaja para contrarrestar esa situaci\u00f3n e incrementar las \u00e1reas forestales.<\/p>\n<p style=\"text-align: center;\"><strong>Aplicar\u00e1n m\u00e1s de 500 mil vacunas a perros y gatos<\/strong><\/p>\n<p>El Instituto de Salud del Estado de M\u00e9xico (ISEM) aplicar\u00e1 574 mil 428 vacunas durante la \u201cSemana Nacional de Reforzamiento de Vacunaci\u00f3n Antirr\u00e1bica Canina y Felina\u201d, que puso en marcha el gobernador Eruviel \u00c1vila y se llevar\u00e1 a cabo en los 125 municipios de la entidad del 25 de septiembre al 1 de octubre, para mantener el control de casos de rabia en humanos transmitidos por perros. Durante esta jornada participan 3 mil 113 brigadistas y mil 525 puestos de vacunaci\u00f3n instalados en las plazas p\u00fablicas del estado, con la colaboraci\u00f3n de la Facultad de Medicina Veterinaria y Zootecnia de la UAEM\u00e9x y voluntarios.<\/p>\n<p style=\"text-align: center;\"><strong>Construyen nuevo ramal del Distribuidor Vial Aeropuerto<\/strong><\/p>\n<p>El gobierno del Estado de M\u00e9xico, a trav\u00e9s de la Junta de Caminos, construye la rama 40 del Distribuidor Vial Aeropuerto, que beneficiar\u00e1 la movilidad de 30 mil personas. Con una inversi\u00f3n de m\u00e1s de 66 millones de pesos, se ha planeado que las obras agilicen la circulaci\u00f3n entre la zona de la terminal a\u00e9rea en direcci\u00f3n al centro de la capital mexiquense, por donde transitan mil 500 veh\u00edculos al d\u00eda. El proyecto consiste en una rama de 600 metros de longitud, en la que se han realizado los trabajos de terracer\u00edas, terraplenes, as\u00ed como la colocaci\u00f3n de estructuras que soporten el paso elevado del distribuidor.<\/p>\n<p><em><a href=\"mailto:montanezaguilar@gmail.com\" target=\"_blank\">montanezaguilar@gmail.com<\/a><\/em><\/p>\n","protected":false},"excerpt":{"rendered":"<p><span style=\"color: #005497;\">Jos\u00e9 Luis Monta\u00f1ez Aguilar<\/span><br \/>\n<br \/>\nAl dar a conocer el Mapa Forestal del Estado de M\u00e9xico, ante Rafael Pacchiano Alam\u00e1n, secretario del Medio Ambiente y Recursos Naturales, y el gobernador Eruviel \u00c1vila Villegas, la acad\u00e9mica del Instituto de Geograf\u00eda de la UNAM, Gabriela G\u00f3mez Rodr\u00edguez, inform\u00f3 que la entidad mexiquense gan\u00f3 50 mil hect\u00e1reas de bosques en los \u00faltimos 5 a\u00f1os al pasar de 706 mil 949 hect\u00e1reas en el a\u00f1o 2010, a 756 mil hect\u00e1reas en 2015, lo que representa un impacto ben\u00e9fico directo en la Megal\u00f3polis, al evitar que no haya un incremento en la temperatura local y se conserve el suelo, lo que permite que se recuperen los mantos fre\u00e1ticos, haya agua disponible para el ambiente natural y para consumo, as\u00ed como ox\u00edgeno.<\/p>\n","protected":false},"author":5,"featured_media":290790,"comment_status":"open","ping_status":"open","sticky":false,"template":"","format":"standard","meta":{"_monsterinsights_skip_tracking":false,"_monsterinsights_sitenote_active":false,"_monsterinsights_sitenote_note":"","_monsterinsights_sitenote_category":0,"footnotes":""},"categories":[5],"tags":[13284,43704,43674],"class_list":["post-290789","post","type-post","status-publish","format-standard","has-post-thumbnail","hentry","category-estado-de-mexico","tag-arco-norte","tag-jose-luis-montanez-aguilar","tag-opinion"],"_links":{"self":[{"href":"https:\/\/www.diarioimagen.net\/index.php?rest_route=\/wp\/v2\/posts\/290789","targetHints":{"allow":["GET"]}}],"collection":[{"href":"https:\/\/www.diarioimagen.net\/index.php?rest_route=\/wp\/v2\/posts"}],"about":[{"href":"https:\/\/www.diarioimagen.net\/index.php?rest_route=\/wp\/v2\/types\/post"}],"author":[{"embeddable":true,"href":"https:\/\/www.diarioimagen.net\/index.php?rest_route=\/wp\/v2\/users\/5"}],"replies":[{"embeddable":true,"href":"https:\/\/www.diarioimagen.net\/index.php?rest_route=%2Fwp%2Fv2%2Fcomments&post=290789"}],"version-history":[{"count":0,"href":"https:\/\/www.diarioimagen.net\/index.php?rest_route=\/wp\/v2\/posts\/290789\/revisions"}],"wp:featuredmedia":[{"embeddable":true,"href":"https:\/\/www.diarioimagen.net\/index.php?rest_route=\/wp\/v2\/media\/290790"}],"wp:attachment":[{"href":"https:\/\/www.diarioimagen.net\/index.php?rest_route=%2Fwp%2Fv2%2Fmedia&parent=290789"}],"wp:term":[{"taxonomy":"category","embeddable":true,"href":"https:\/\/www.diarioimagen.net\/index.php?rest_route=%2Fwp%2Fv2%2Fcategories&post=290789"},{"taxonomy":"post_tag","embeddable":true,"href":"https:\/\/www.diarioimagen.net\/index.php?rest_route=%2Fwp%2Fv2%2Ftags&post=290789"}],"curies":[{"name":"wp","href":"https:\/\/api.w.org\/{rel}","templated":true}]}}