{"id":290819,"date":"2016-09-27T00:01:44","date_gmt":"2016-09-27T05:01:44","guid":{"rendered":"http:\/\/www.diarioimagen.net\/?p=290819"},"modified":"2016-09-28T01:29:14","modified_gmt":"2016-09-28T06:29:14","slug":"del-1-al-23-de-octubre-la-feria-nacional-del-mole-en-el-barrio-de-san-pedro-atocpan-milpa-alta","status":"publish","type":"post","link":"https:\/\/www.diarioimagen.net\/?p=290819","title":{"rendered":"Del 1 al 23 de octubre, la Feria Nacional del Mole en el Barrio de San Pedro Atocpan, Milpa Alta"},"content":{"rendered":"<h2>De cinco estrellas<\/h2>\n<h5>Victoria Gonz\u00e1lez Prado<\/h5>\n<p>&nbsp;<\/p>\n<ul>\n<li><em><strong>En Canc\u00fan hay una nueva y exclusiva experiencia frente al mar, s\u00f3lo para adultos: <\/strong><\/em><strong>Turquoize de Hyatt Ziva Canc\u00fan<\/strong><\/li>\n<li><em><strong>La Ciudad de M\u00e9xico se convierte en sede del primer Centro de Formaci\u00f3n para Latinoam\u00e9rica de Airbus<\/strong><\/em><\/li>\n<\/ul>\n<p>&nbsp;<\/p>\n<div id=\"attachment_290926\" style=\"width: 430px\" class=\"wp-caption aligncenter\"><a href=\"http:\/\/www.diarioimagen.net\/?attachment_id=290926\" rel=\"attachment wp-att-290926\"><img loading=\"lazy\" decoding=\"async\" aria-describedby=\"caption-attachment-290926\" class=\"size-large wp-image-290926\" src=\"http:\/\/www.diarioimagen.net\/wp-content\/uploads\/2016\/09\/turimo-2962-420x236.jpg\" alt=\"Muy pronto, la Feria del Mole.\" width=\"420\" height=\"236\" srcset=\"https:\/\/www.diarioimagen.net\/wp-content\/uploads\/2016\/09\/turimo-2962-420x236.jpg 420w, https:\/\/www.diarioimagen.net\/wp-content\/uploads\/2016\/09\/turimo-2962-240x135.jpg 240w, https:\/\/www.diarioimagen.net\/wp-content\/uploads\/2016\/09\/turimo-2962-235x132.jpg 235w, https:\/\/www.diarioimagen.net\/wp-content\/uploads\/2016\/09\/turimo-2962-202x114.jpg 202w, https:\/\/www.diarioimagen.net\/wp-content\/uploads\/2016\/09\/turimo-2962-350x196.jpg 350w, https:\/\/www.diarioimagen.net\/wp-content\/uploads\/2016\/09\/turimo-2962-220x123.jpg 220w, https:\/\/www.diarioimagen.net\/wp-content\/uploads\/2016\/09\/turimo-2962-237x132.jpg 237w, https:\/\/www.diarioimagen.net\/wp-content\/uploads\/2016\/09\/turimo-2962.jpg 480w\" sizes=\"auto, (max-width: 420px) 100vw, 420px\" \/><\/a><p id=\"caption-attachment-290926\" class=\"wp-caption-text\">Muy pronto, la Feria del Mole.<\/p><\/div>\n<p>&nbsp;<\/p>\n<p>Disfrutar de la gastronom\u00eda mexicana y de los platillos m\u00e1s representativos a nivel internacional como es el mole se convierte en un orgullo para los mexicanos.<\/p>\n<p>As\u00ed del 1 al 23 de octubre en el Barrio M\u00e1gico San Pedro Atocpan, Milpa Alta, tendr\u00e1 lugar la tradicional Feria del Mole.<\/p>\n<p>Como cada a\u00f1o, habr\u00e1 una gran exposici\u00f3n gastron\u00f3mica, artesanal y comercial, juegos mec\u00e1nicos y eventos deportivos, art\u00edsticos y culturales.<\/p>\n<p>Podr\u00e1s probar el mole poblano, verde, pipi\u00e1n, almendrado, de frutas, adobo y mucho m\u00e1s, acompa\u00f1ado con carne de guajolote, pollo, cerdo, conejo, romeritos, pato, arroz, frijoles y tamales de frijol.<\/p>\n<p>Adem\u00e1s podr\u00e1s visitar la Plaza San Mart\u00edn y el Templo del Se\u00f1or de las Misericordias. San Pedro Atocpan est\u00e1 en el kil\u00f3metro 17.5 de la carretera Xochimilco-Oaxtepec.<\/p>\n<p>\u2730\u2730\u2730\u2730\u2730 La nueva y exclusiva experiencia frente al mar solo para adultos que presenta <em>Hyatt Ziva Canc\u00fan<\/em>, <em>Turquoize,<\/em> fue dise\u00f1ado para satisfacer al viajero adulto moderno, ofreciendo espaciosas suites con 270 grados de vista al mar y servicio de mayordomos, en este que es el todo incluido para hu\u00e9spedes de todas las edades.<\/p>\n<p><strong>Kevin Froemming<\/strong>, vicepresidente ejecutivo de Ventas y Marketing de <em>Playa Hotels &amp; Resorts, <\/em>dijo, \u201ccon <em>Turquoize<\/em> quisimos crear una experiencia completamente \u00fanica en la regi\u00f3n, convencidos que la privacidad y el acceso a exclusivas amenidades representan el mayor lujo para los hu\u00e9spedes que pueden disfrutar del confort de un resort cinco estrellas y al mismo tiempo de la privacidad y del servicio personalizado de un hotel boutique solo para adultos\u201d.<\/p>\n<p>El hotel ofrece transportaci\u00f3n privada al aeropuerto y registro VIP en el hotel. Espaciosas suites equipadas con amenidades de lujo y amplios balcones con <em>jacuzzi<\/em> en el exclusivo edificio solo para adultos ubicado frente a la playa. Servicio personalizado a cargo de mayordomos profesionales.<\/p>\n<p>Exclusivas <em>Master Suites Sky Swim-Up Oceanfront<\/em> con piscina privada en el balc\u00f3n. Lujosos ba\u00f1os con vistas al mar y duchas de lluvia. Acceso exclusivo a la piscina infinita y al <em>lounge<\/em> de la terraza Punta Vista. Asientos preferenciales en <em>Tradewinds, <\/em>uno de los restaurantes frente al mar del resort.<\/p>\n<p>Elevador privado con acceso directo a <em>Zen SPA<\/em>, con circuito de hidroterapia en cortes\u00eda para los hu\u00e9spedes adultos y privilegios completos en el cercano resort solo para adultos de la marca.\u00a0 <em>\u00a0<\/em><\/p>\n<p>Transportaci\u00f3n Aeropuerto-Hotel-Aeropuerto en cortes\u00eda para hu\u00e9spedes con reservaciones de cuatro o m\u00e1s noches. Atenci\u00f3n al hu\u00e9sped continua y constante con el servicio de <em>e-\u2019Concierge<\/em> disponible las 24 horas. <a href=\"mailto:econcierge.zivacancun@hyatt.com\">\u00a0<\/a><\/p>\n<p>Para esa secci\u00f3n se cuenta con acceso a todas las amenidades que ofrece el hotel, restaurantes gourmet, bares y <em>lounges,<\/em> gimnasio y SPA de clase mundial, piscinas infinitas, entretenimiento y mucho m\u00e1s.<\/p>\n<p>Las parejas que decidan casarse en una de las tantas hermosas locaciones para bodas del inmueble, podr\u00e1n ofrecer a sus invitados la opci\u00f3n de viajar con o sin sus ni\u00f1os, o elegir una estancia de clase superior y m\u00e1s relajante.<\/p>\n<p>Los agentes de viaje recibir\u00e1n una doble comisi\u00f3n al registrarse en el programa de incentivos <em>Agents.PlayaResorts.com<\/em><\/p>\n<p>\u2730\u2730\u2730\u2730\u2730 <em>Airbus<\/em> acaba de inaugurar de manera oficial su primer centro de formaci\u00f3n para Latinoam\u00e9rica en Ciudad de M\u00e9xico, ubicado en las inmediaciones el campus del Centro Internacional de Instrucci\u00f3n de Aeropuertos y Servicios Auxiliares (CIIASA), y es el resultado de un acuerdo con ASA.<\/p>\n<p>Con este son ya siete los centros de formaci\u00f3n que la compa\u00f1\u00eda tiene distribuidos en todo el mundo: Toulouse, Hamburgo, Miami, Pek\u00edn, Bangalore, Singapur y el reci\u00e9n inaugurado en M\u00e9xico.<\/p>\n<p>La instalaci\u00f3n de 2,500 m\u00b2 de superficie, ofrecer\u00e1 formaci\u00f3n a los operadores de la marca en M\u00e9xico y Sudam\u00e9rica, aloja equipo completo del A320, incluidos dos simuladores de vuelo completo de este modelo de avi\u00f3n y un capacitador para pilotos. M\u00e1s de 1,000 alumnos de toda la regi\u00f3n podr\u00e1n recibir anualmente habilitaci\u00f3n de tipo, entrenamiento peri\u00f3dico y capacitaci\u00f3n para personal de mantenimiento de la familia A320.<\/p>\n<p>La ceremonia de inauguraci\u00f3n se celebr\u00f3 a la entrada del mismo centro de formaci\u00f3n y fue presidida por <strong>Gerardo Ruiz Esparza<\/strong>, secretario de Comunicaciones y Transportes; <strong>Yuriria Mascott<\/strong>, subsecretaria de Transportes, <strong>Alfonso Sarabia de la Garza<\/strong>, director general de ASA; <strong>Didier Lux<\/strong>, vicepresidente Senior de Servicio al Cliente de la marca; y <strong>Rafael Alonso<\/strong>, presidente de <em>Airbus<\/em> para Latinoam\u00e9rica y el Caribe.<\/p>\n<p>\u201cCon la puesta en operaci\u00f3n de los simuladores A320, M\u00e9xico se mantiene a la vanguardia tecnol\u00f3gica en materia de capacitaci\u00f3n aeron\u00e1utica en Am\u00e9rica Latina\u201d, asegur\u00f3 el Secretario de Comunicaciones y Transportes, al inaugurar el Centro de Entrenamiento.<\/p>\n<p>Durante su participaci\u00f3n, <strong>Sarabia de la Garza<\/strong> se\u00f1al\u00f3 que el nuevo centro \u201crepresenta un orgullo incomparable, ya que se une al exclusivo grupo de centros de capacitaci\u00f3n para pilotos, de este tipo, ubicados alrededor del mundo, con lo que se logra dar cumplimiento puntual a los ejes rectores establecidos por la Secretar\u00eda de Comunicaciones y Transportes para fomentar la instrucci\u00f3n continua y la profesionalizaci\u00f3n del sector aeron\u00e1utico nacional e internacional\u201d.<\/p>\n<p>Por su parte <strong>Rafael Alonso<\/strong>, asegur\u00f3 que \u201cla demanda de pilotos crecer\u00e1 alrededor de un 5 por ciento en los pr\u00f3ximos 20 a\u00f1os, lo que convierte a Am\u00e9rica Latina en una zona de inter\u00e9s para la formaci\u00f3n aeron\u00e1utica. Nuestro servicio de formaci\u00f3n y operaciones de vuelo en la regi\u00f3n resalta el inter\u00e9s de la compa\u00f1\u00eda en apoyar de cerca de los clientes de M\u00e9xico y m\u00e1s all\u00e1 de sus fronteras para contribuir al \u00e9xito de su expansi\u00f3n y modernizaci\u00f3n de flotas\u201d.<\/p>\n<p>Seg\u00fan la \u00faltima Previsi\u00f3n Global del Mercado (GMF), Am\u00e9rica Latina necesitar\u00e1 m\u00e1s de 2,500 nuevos aviones de pasajeros y de carga en los pr\u00f3ximos 20 a\u00f1os, m\u00e1s del doble de la actual flota. La demanda de pilotos en la regi\u00f3n ha empezado a crecer 4,7 por ciento hasta 2035, una excelente oportunidad para la industria para formar a m\u00e1s de 44,000 nuevos pilotos en las dos pr\u00f3ximas d\u00e9cadas.<\/p>\n<p><em><a href=\"mailto:victoriagprado@gmail.com\" target=\"_blank\">victoriagprado@gmail.com<\/a><\/em><br \/>\n<em> Twitter: <a href=\"https:\/\/twitter.com\/victoriagprado\" target=\"_blank\">@victoriagprado<\/a><\/em><\/p>\n","protected":false},"excerpt":{"rendered":"<p>Disfrutar de la gastronom\u00eda mexicana y de los platillos m\u00e1s representativos a nivel internacional como es el mole se convierte en un orgullo para los mexicanos.<\/p>\n","protected":false},"author":3,"featured_media":290926,"comment_status":"open","ping_status":"open","sticky":false,"template":"","format":"standard","meta":{"_monsterinsights_skip_tracking":false,"_monsterinsights_sitenote_active":false,"_monsterinsights_sitenote_note":"","_monsterinsights_sitenote_category":0,"footnotes":""},"categories":[11],"tags":[107,43674,106],"class_list":["post-290819","post","type-post","status-publish","format-standard","has-post-thumbnail","hentry","category-turismo","tag-de-cinco-estrellas","tag-opinion","tag-victoria-gonzalez-prado"],"_links":{"self":[{"href":"https:\/\/www.diarioimagen.net\/index.php?rest_route=\/wp\/v2\/posts\/290819","targetHints":{"allow":["GET"]}}],"collection":[{"href":"https:\/\/www.diarioimagen.net\/index.php?rest_route=\/wp\/v2\/posts"}],"about":[{"href":"https:\/\/www.diarioimagen.net\/index.php?rest_route=\/wp\/v2\/types\/post"}],"author":[{"embeddable":true,"href":"https:\/\/www.diarioimagen.net\/index.php?rest_route=\/wp\/v2\/users\/3"}],"replies":[{"embeddable":true,"href":"https:\/\/www.diarioimagen.net\/index.php?rest_route=%2Fwp%2Fv2%2Fcomments&post=290819"}],"version-history":[{"count":0,"href":"https:\/\/www.diarioimagen.net\/index.php?rest_route=\/wp\/v2\/posts\/290819\/revisions"}],"wp:featuredmedia":[{"embeddable":true,"href":"https:\/\/www.diarioimagen.net\/index.php?rest_route=\/wp\/v2\/media\/290926"}],"wp:attachment":[{"href":"https:\/\/www.diarioimagen.net\/index.php?rest_route=%2Fwp%2Fv2%2Fmedia&parent=290819"}],"wp:term":[{"taxonomy":"category","embeddable":true,"href":"https:\/\/www.diarioimagen.net\/index.php?rest_route=%2Fwp%2Fv2%2Fcategories&post=290819"},{"taxonomy":"post_tag","embeddable":true,"href":"https:\/\/www.diarioimagen.net\/index.php?rest_route=%2Fwp%2Fv2%2Ftags&post=290819"}],"curies":[{"name":"wp","href":"https:\/\/api.w.org\/{rel}","templated":true}]}}