{"id":290844,"date":"2016-09-27T00:05:21","date_gmt":"2016-09-27T05:05:21","guid":{"rendered":"http:\/\/www.diarioimagen.net\/?p=290844"},"modified":"2016-09-27T09:05:43","modified_gmt":"2016-09-27T14:05:43","slug":"arranco-en-tultepec-la-semana-nacional-de-vacunacion-antirrabica","status":"publish","type":"post","link":"https:\/\/www.diarioimagen.net\/?p=290844","title":{"rendered":"Arranc\u00f3 en Tultepec la Semana Nacional de Vacunaci\u00f3n Antirr\u00e1bica"},"content":{"rendered":"<ul>\n<li><strong>La Semana Nacional de Vacunaci\u00f3n Antirr\u00e1bica Canina y Felina se lleva a cabo desde el lunes 25 de septiembre al s\u00e1bado 1 de octubre.<\/strong><\/li>\n<li><strong><em>Termina el 1 de octubre<\/em><\/strong><\/li>\n<\/ul>\n<p>&nbsp;<\/p>\n<div id=\"attachment_290944\" style=\"width: 430px\" class=\"wp-caption aligncenter\"><a href=\"http:\/\/www.diarioimagen.net\/?attachment_id=290944\" rel=\"attachment wp-att-290944\"><img loading=\"lazy\" decoding=\"async\" aria-describedby=\"caption-attachment-290944\" class=\"size-large wp-image-290944\" src=\"http:\/\/www.diarioimagen.net\/wp-content\/uploads\/2016\/09\/TULTEPEC-2952-420x236.jpg\" alt=\"La Semana Nacional de Vacunaci\u00f3n Antirr\u00e1bica Canina y Felina se lleva a cabo desde el lunes 25 de septiembre al s\u00e1bado 1 de octubre.\" width=\"420\" height=\"236\" srcset=\"https:\/\/www.diarioimagen.net\/wp-content\/uploads\/2016\/09\/TULTEPEC-2952-420x236.jpg 420w, https:\/\/www.diarioimagen.net\/wp-content\/uploads\/2016\/09\/TULTEPEC-2952-240x135.jpg 240w, https:\/\/www.diarioimagen.net\/wp-content\/uploads\/2016\/09\/TULTEPEC-2952-235x132.jpg 235w, https:\/\/www.diarioimagen.net\/wp-content\/uploads\/2016\/09\/TULTEPEC-2952-202x114.jpg 202w, https:\/\/www.diarioimagen.net\/wp-content\/uploads\/2016\/09\/TULTEPEC-2952-350x196.jpg 350w, https:\/\/www.diarioimagen.net\/wp-content\/uploads\/2016\/09\/TULTEPEC-2952-220x123.jpg 220w, https:\/\/www.diarioimagen.net\/wp-content\/uploads\/2016\/09\/TULTEPEC-2952-237x132.jpg 237w, https:\/\/www.diarioimagen.net\/wp-content\/uploads\/2016\/09\/TULTEPEC-2952.jpg 480w\" sizes=\"auto, (max-width: 420px) 100vw, 420px\" \/><\/a><p id=\"caption-attachment-290944\" class=\"wp-caption-text\">La Semana Nacional de Vacunaci\u00f3n Antirr\u00e1bica Canina y Felina se lleva a cabo desde el lunes 25 de septiembre al s\u00e1bado 1 de octubre.<\/p><\/div>\n<p>&nbsp;<\/p>\n<p><strong>Tultepec, Estado de M\u00e9xico<\/strong>.- El Ayuntamiento hace una invitaci\u00f3n abierta a toda la ciudadan\u00eda para coadyuvar en el reforzamiento de la Semana Nacional de Vacunaci\u00f3n Antirr\u00e1bica Canina y Felina, que se lleva a cabo desde el lunes 25 de septiembre al s\u00e1bado 1 de octubre en todo el pa\u00eds de manera totalmente gratuita.<\/p>\n<p>Mario Torres Rold\u00e1n, encargado de Despacho de Ecolog\u00eda y Salud P\u00fablica, precis\u00f3 que la gente s\u00f3lo necesita llevar a sus perros y gatos a los puestos de vacunaci\u00f3n ubicados en el Centro de Salud San Pablito, con direcci\u00f3n en Camino Viejo a San Pablo y el Centro de Salud Tultepec, en calle Cuauht\u00e9moc s\/n, Barrio de Guadalupe.<\/p>\n<p>Precis\u00f3 que para obtener mejores resultados y brindar mayores facilidades a la ciudadan\u00eda, una brigada de trabajadores de la Jurisdicci\u00f3n Sanitaria de Cuautitl\u00e1n y de la Direcci\u00f3n de Ecolog\u00eda y Salud P\u00fablica, plenamente capacitados e identificados, realizar\u00e1n recorridos en las calles y casa por casa entre las 8:00 y 16:00 horas para aplicar la vacuna, de manera totalmente gratuita.<\/p>\n<p>El s\u00e1bado pasado en Tultepec, el gobernador Eruviel \u00c1vila Villegas destac\u00f3 que gracias a este tipo de campa\u00f1as, desde 2005 no se han reportado casos de rabia en humanos, y desde 2013 tampoco en perros y gatos de todo el Estado de M\u00e9xico, donde se aplicar\u00e1n m\u00e1s de 481 mil vacunas antirr\u00e1bicas durante la Semana Nacional de Reforzamiento de Vacunaci\u00f3n Canina y Felina.<\/p>\n<p>El encargado de Despacho de Ecolog\u00eda y Salud P\u00fablica, se\u00f1al\u00f3 que con esta pol\u00edtica p\u00fablica se busca proteger a estos animales de compa\u00f1\u00eda y a la poblaci\u00f3n, apoyando su econom\u00eda familiar con una vacuna totalmente gratuita.<\/p>\n<p>Sumado a este tipo de campa\u00f1as, dijo, en el Centro de Control Canino de Tultepec, se cuenta con un cronograma semestral para acercar el servicio de esterilizaci\u00f3n a todas las comunidades de Tultepec, con base en la solicitud de los titulares de los Consejos de Participaci\u00f3n Ciudadana (COPACI), para sus respectivas colonias.<\/p>\n<p>&nbsp;<\/p>\n","protected":false},"excerpt":{"rendered":"<p>El Ayuntamiento hace una invitaci\u00f3n abierta a toda la ciudadan\u00eda para coadyuvar en el reforzamiento de la Semana Nacional de Vacunaci\u00f3n Antirr\u00e1bica Canina y Felina, que se lleva a cabo desde el lunes 25 de septiembre al s\u00e1bado 1 de octubre en todo el pa\u00eds de manera totalmente gratuita.<\/p>\n","protected":false},"author":3,"featured_media":290944,"comment_status":"open","ping_status":"open","sticky":false,"template":"","format":"standard","meta":{"_monsterinsights_skip_tracking":false,"_monsterinsights_sitenote_active":false,"_monsterinsights_sitenote_note":"","_monsterinsights_sitenote_category":0,"footnotes":""},"categories":[35155],"tags":[43675],"class_list":["post-290844","post","type-post","status-publish","format-standard","has-post-thumbnail","hentry","category-estado-de-mexico-estado-de-mexico","tag-estado-de-mexico"],"_links":{"self":[{"href":"https:\/\/www.diarioimagen.net\/index.php?rest_route=\/wp\/v2\/posts\/290844","targetHints":{"allow":["GET"]}}],"collection":[{"href":"https:\/\/www.diarioimagen.net\/index.php?rest_route=\/wp\/v2\/posts"}],"about":[{"href":"https:\/\/www.diarioimagen.net\/index.php?rest_route=\/wp\/v2\/types\/post"}],"author":[{"embeddable":true,"href":"https:\/\/www.diarioimagen.net\/index.php?rest_route=\/wp\/v2\/users\/3"}],"replies":[{"embeddable":true,"href":"https:\/\/www.diarioimagen.net\/index.php?rest_route=%2Fwp%2Fv2%2Fcomments&post=290844"}],"version-history":[{"count":0,"href":"https:\/\/www.diarioimagen.net\/index.php?rest_route=\/wp\/v2\/posts\/290844\/revisions"}],"wp:featuredmedia":[{"embeddable":true,"href":"https:\/\/www.diarioimagen.net\/index.php?rest_route=\/wp\/v2\/media\/290944"}],"wp:attachment":[{"href":"https:\/\/www.diarioimagen.net\/index.php?rest_route=%2Fwp%2Fv2%2Fmedia&parent=290844"}],"wp:term":[{"taxonomy":"category","embeddable":true,"href":"https:\/\/www.diarioimagen.net\/index.php?rest_route=%2Fwp%2Fv2%2Fcategories&post=290844"},{"taxonomy":"post_tag","embeddable":true,"href":"https:\/\/www.diarioimagen.net\/index.php?rest_route=%2Fwp%2Fv2%2Ftags&post=290844"}],"curies":[{"name":"wp","href":"https:\/\/api.w.org\/{rel}","templated":true}]}}