{"id":290848,"date":"2016-09-27T00:03:09","date_gmt":"2016-09-27T05:03:09","guid":{"rendered":"http:\/\/www.diarioimagen.net\/?p=290848"},"modified":"2016-09-27T09:07:57","modified_gmt":"2016-09-27T14:07:57","slug":"autoridades-y-consejo-ciudadano-sacan-basura-de-rios-en-naucalpan","status":"publish","type":"post","link":"https:\/\/www.diarioimagen.net\/?p=290848","title":{"rendered":"Autoridades y consejo ciudadano sacan basura de r\u00edos en Naucalpan"},"content":{"rendered":"<ul>\n<li><strong><em>Retiraron 10 toneladas de desechos<\/em><\/strong><\/li>\n<\/ul>\n<p>&nbsp;<\/p>\n<div id=\"attachment_290950\" style=\"width: 430px\" class=\"wp-caption aligncenter\"><a href=\"http:\/\/www.diarioimagen.net\/?attachment_id=290950\" rel=\"attachment wp-att-290950\"><img loading=\"lazy\" decoding=\"async\" aria-describedby=\"caption-attachment-290950\" class=\"size-large wp-image-290950\" src=\"http:\/\/www.diarioimagen.net\/wp-content\/uploads\/2016\/09\/NAUCALPAN-2962-420x236.jpg\" alt=\"Se retiraron 10 toneladas de basura como parte del programa municipal \u201cEnch\u00falame el R\u00edo\u201d.\" width=\"420\" height=\"236\" srcset=\"https:\/\/www.diarioimagen.net\/wp-content\/uploads\/2016\/09\/NAUCALPAN-2962-420x236.jpg 420w, https:\/\/www.diarioimagen.net\/wp-content\/uploads\/2016\/09\/NAUCALPAN-2962-240x135.jpg 240w, https:\/\/www.diarioimagen.net\/wp-content\/uploads\/2016\/09\/NAUCALPAN-2962-235x132.jpg 235w, https:\/\/www.diarioimagen.net\/wp-content\/uploads\/2016\/09\/NAUCALPAN-2962-202x114.jpg 202w, https:\/\/www.diarioimagen.net\/wp-content\/uploads\/2016\/09\/NAUCALPAN-2962-350x196.jpg 350w, https:\/\/www.diarioimagen.net\/wp-content\/uploads\/2016\/09\/NAUCALPAN-2962-220x123.jpg 220w, https:\/\/www.diarioimagen.net\/wp-content\/uploads\/2016\/09\/NAUCALPAN-2962-237x132.jpg 237w, https:\/\/www.diarioimagen.net\/wp-content\/uploads\/2016\/09\/NAUCALPAN-2962.jpg 480w\" sizes=\"auto, (max-width: 420px) 100vw, 420px\" \/><\/a><p id=\"caption-attachment-290950\" class=\"wp-caption-text\">Se retiraron 10 toneladas de basura como parte del programa municipal \u201cEnch\u00falame el R\u00edo\u201d.<\/p><\/div>\n<p>&nbsp;<\/p>\n<p><strong>Naucalpan, Estado de M\u00e9xico<\/strong>.- Autoridades locales, en coordinaci\u00f3n con el Consejo Ciudadano para la Protecci\u00f3n del Medio Ambiente, realizaron una jornada de limpieza en el r\u00edo Chico de Los Remedios, en la cual retiraron 10 toneladas de basura, principalmente llantas, como parte del programa \u201cEnch\u00falame el R\u00edo\u201d.<\/p>\n<p>En el marco del D\u00eda Mundial de los R\u00edos, el director general de Medio Ambiente, Sergio Rodr\u00edguez Mu\u00f1oz, mencion\u00f3 que la administraci\u00f3n que encabeza el presidente municipal, Edgar Armando Olvera Higuera, trabaja para proteger el medio ambiente, y un ejemplo de ello, son las acciones de reforestaci\u00f3n en bosques, parques y camellones.<\/p>\n<p>\u201cAhora, con el programa \u201cEnch\u00falame el R\u00edo\u201d, nos enfocaremos a la limpieza de todos los afluentes que atraviesan el territorio municipal\u201d, puntualiz\u00f3 el funcionario.<\/p>\n<p>Se\u00f1al\u00f3 que sociedad y gobierno, \u201cformamos un grupo de naucalpenses que so\u00f1amos que nuestro municipio sea diferente, que tengamos un medio m\u00e1s equilibrado, m\u00e1s sano, y por ello iniciamos estas jornadas en este lugar ic\u00f3nico como es el Bosque de los Remedios\u201d.<\/p>\n<p>Explic\u00f3 que en la jornada participaron personal de la Comisi\u00f3n Nacional del Agua (Conagua), del Organismo de Agua Potable, Alcantarillado y Saneamiento (OAPAS) y de la Direcci\u00f3n General de Medio Ambiente; voluntarios de la Cruz Roja y del Grupo 22 de Boy Scouts, as\u00ed como integrantes de la sociedad civil organizada, en total 200 personas.<\/p>\n<p>Rodr\u00edguez Mu\u00f1oz dijo que el programa, \u201cEnch\u00falame el R\u00edo\u201d\u00a0 inici\u00f3 en este afluente porque nace en nuestro municipio y llega al oriente de la Ciudad de M\u00e9xico, pero adem\u00e1s de la limpieza, es necesario emprender acciones para concientizar a la gente que no tire basura en los r\u00edos de Naucalpan, Ciudad con Vida.<\/p>\n<p>&nbsp;<\/p>\n","protected":false},"excerpt":{"rendered":"<p>Autoridades locales, en coordinaci\u00f3n con el Consejo Ciudadano para la Protecci\u00f3n del Medio Ambiente, realizaron una jornada de limpieza en el r\u00edo Chico de Los Remedios, en la cual retiraron 10 toneladas de basura, principalmente llantas, como parte del programa \u201cEnch\u00falame el R\u00edo\u201d.<\/p>\n","protected":false},"author":3,"featured_media":290950,"comment_status":"open","ping_status":"open","sticky":false,"template":"","format":"standard","meta":{"_monsterinsights_skip_tracking":false,"_monsterinsights_sitenote_active":false,"_monsterinsights_sitenote_note":"","_monsterinsights_sitenote_category":0,"footnotes":""},"categories":[35155],"tags":[18179,43675,970],"class_list":["post-290848","post","type-post","status-publish","format-standard","has-post-thumbnail","hentry","category-estado-de-mexico-estado-de-mexico","tag-basura","tag-estado-de-mexico","tag-naucalpan"],"_links":{"self":[{"href":"https:\/\/www.diarioimagen.net\/index.php?rest_route=\/wp\/v2\/posts\/290848","targetHints":{"allow":["GET"]}}],"collection":[{"href":"https:\/\/www.diarioimagen.net\/index.php?rest_route=\/wp\/v2\/posts"}],"about":[{"href":"https:\/\/www.diarioimagen.net\/index.php?rest_route=\/wp\/v2\/types\/post"}],"author":[{"embeddable":true,"href":"https:\/\/www.diarioimagen.net\/index.php?rest_route=\/wp\/v2\/users\/3"}],"replies":[{"embeddable":true,"href":"https:\/\/www.diarioimagen.net\/index.php?rest_route=%2Fwp%2Fv2%2Fcomments&post=290848"}],"version-history":[{"count":0,"href":"https:\/\/www.diarioimagen.net\/index.php?rest_route=\/wp\/v2\/posts\/290848\/revisions"}],"wp:featuredmedia":[{"embeddable":true,"href":"https:\/\/www.diarioimagen.net\/index.php?rest_route=\/wp\/v2\/media\/290950"}],"wp:attachment":[{"href":"https:\/\/www.diarioimagen.net\/index.php?rest_route=%2Fwp%2Fv2%2Fmedia&parent=290848"}],"wp:term":[{"taxonomy":"category","embeddable":true,"href":"https:\/\/www.diarioimagen.net\/index.php?rest_route=%2Fwp%2Fv2%2Fcategories&post=290848"},{"taxonomy":"post_tag","embeddable":true,"href":"https:\/\/www.diarioimagen.net\/index.php?rest_route=%2Fwp%2Fv2%2Ftags&post=290848"}],"curies":[{"name":"wp","href":"https:\/\/api.w.org\/{rel}","templated":true}]}}