{"id":290994,"date":"2016-09-27T18:00:36","date_gmt":"2016-09-27T23:00:36","guid":{"rendered":"http:\/\/www.diarioimagen.net\/?p=290994"},"modified":"2016-09-29T00:35:05","modified_gmt":"2016-09-29T05:35:05","slug":"dan-resultado-operativos-para-combatir-danos-contra-el-medio-ambiente","status":"publish","type":"post","link":"https:\/\/www.diarioimagen.net\/?p=290994","title":{"rendered":"Dan resultado operativos para combatir da\u00f1os contra el medio ambiente"},"content":{"rendered":"<ul>\n<li><em><strong>Abaten tala clandestina en Edomex<\/strong><\/em><\/li>\n<\/ul>\n<p>&nbsp;<\/p>\n<div id=\"attachment_290995\" style=\"width: 430px\" class=\"wp-caption aligncenter\"><a href=\"http:\/\/www.diarioimagen.net\/?attachment_id=290995\" rel=\"attachment wp-att-290995\"><img loading=\"lazy\" decoding=\"async\" aria-describedby=\"caption-attachment-290995\" class=\"size-large wp-image-290995\" src=\"http:\/\/www.diarioimagen.net\/wp-content\/uploads\/2016\/09\/AMBIENTE28-portal-420x245.jpg\" alt=\"Se realizan operativos coordinados para combatir la tala clandestina en el Estado de la M\u00e9xico.\" width=\"420\" height=\"245\" srcset=\"https:\/\/www.diarioimagen.net\/wp-content\/uploads\/2016\/09\/AMBIENTE28-portal-420x245.jpg 420w, https:\/\/www.diarioimagen.net\/wp-content\/uploads\/2016\/09\/AMBIENTE28-portal-240x140.jpg 240w, https:\/\/www.diarioimagen.net\/wp-content\/uploads\/2016\/09\/AMBIENTE28-portal.jpg 480w\" sizes=\"auto, (max-width: 420px) 100vw, 420px\" \/><\/a><p id=\"caption-attachment-290995\" class=\"wp-caption-text\">Se realizan operativos coordinados para combatir la tala clandestina en el Estado de la M\u00e9xico.<\/p><\/div>\n<p>&nbsp;<\/p>\n<p><strong>Toluca, Estado de M\u00e9xico.<\/strong>&#8211; Como parte de los operativos coordinados para combatir la tala clandestina en el Estado de la M\u00e9xico, se recuperaron 189 piezas de madera, que representan un total de 12 mil 253 metros c\u00fabicos.<\/p>\n<p>Por lo que elementos de la Comisi\u00f3n Estatal de Seguridad Ciudadana (CES), de la Procuradur\u00eda General de Justicia estatal (PGJEM), la Secretar\u00eda de la Defensa Nacional (Sedena), Polic\u00eda Federal y la Procuradur\u00eda Federal de Protecci\u00f3n al Ambiente (Profepa) tambi\u00e9n destruyeron tres hornos de carb\u00f3n y aseguraron un banco met\u00e1lico con sierra circular y motor trif\u00e1sico, as\u00ed como tres herramientas menores.<\/p>\n<p>Lo anterior fue resultado de recorridos en los municipios de Ocuilan, Santiago Tianguistenco y Xalatlaco, por las localidades de San Juan Atzingo, San Nicol\u00e1s y Santa Martha. As\u00ed que la madera y la herramienta decomisada quedaron a resguardo de la Procuradur\u00eda de Protecci\u00f3n al Ambiente estatal (Propaem).<\/p>\n<p>&nbsp;<\/p>\n","protected":false},"excerpt":{"rendered":"<p>Como parte de los operativos coordinados para combatir la tala clandestina en el Estado de la M\u00e9xico, se recuperaron 189 piezas de madera, que representan un total de 12 mil 253 metros c\u00fabicos.<\/p>\n","protected":false},"author":5,"featured_media":290995,"comment_status":"open","ping_status":"open","sticky":false,"template":"","format":"standard","meta":{"_monsterinsights_skip_tracking":false,"_monsterinsights_sitenote_active":false,"_monsterinsights_sitenote_note":"","_monsterinsights_sitenote_category":0,"footnotes":""},"categories":[35155],"tags":[43675,1908,357,19129,452],"class_list":["post-290994","post","type-post","status-publish","format-standard","has-post-thumbnail","hentry","category-estado-de-mexico-estado-de-mexico","tag-estado-de-mexico","tag-medio-ambiente","tag-operativos","tag-profepa","tag-toluca"],"_links":{"self":[{"href":"https:\/\/www.diarioimagen.net\/index.php?rest_route=\/wp\/v2\/posts\/290994","targetHints":{"allow":["GET"]}}],"collection":[{"href":"https:\/\/www.diarioimagen.net\/index.php?rest_route=\/wp\/v2\/posts"}],"about":[{"href":"https:\/\/www.diarioimagen.net\/index.php?rest_route=\/wp\/v2\/types\/post"}],"author":[{"embeddable":true,"href":"https:\/\/www.diarioimagen.net\/index.php?rest_route=\/wp\/v2\/users\/5"}],"replies":[{"embeddable":true,"href":"https:\/\/www.diarioimagen.net\/index.php?rest_route=%2Fwp%2Fv2%2Fcomments&post=290994"}],"version-history":[{"count":0,"href":"https:\/\/www.diarioimagen.net\/index.php?rest_route=\/wp\/v2\/posts\/290994\/revisions"}],"wp:featuredmedia":[{"embeddable":true,"href":"https:\/\/www.diarioimagen.net\/index.php?rest_route=\/wp\/v2\/media\/290995"}],"wp:attachment":[{"href":"https:\/\/www.diarioimagen.net\/index.php?rest_route=%2Fwp%2Fv2%2Fmedia&parent=290994"}],"wp:term":[{"taxonomy":"category","embeddable":true,"href":"https:\/\/www.diarioimagen.net\/index.php?rest_route=%2Fwp%2Fv2%2Fcategories&post=290994"},{"taxonomy":"post_tag","embeddable":true,"href":"https:\/\/www.diarioimagen.net\/index.php?rest_route=%2Fwp%2Fv2%2Ftags&post=290994"}],"curies":[{"name":"wp","href":"https:\/\/api.w.org\/{rel}","templated":true}]}}