{"id":291000,"date":"2016-09-28T00:10:41","date_gmt":"2016-09-28T05:10:41","guid":{"rendered":"http:\/\/www.diarioimagen.net\/?p=291000"},"modified":"2016-09-28T05:59:59","modified_gmt":"2016-09-28T10:59:59","slug":"reconoce-segob-trabajo-del-edomex-en-orientacion-sexual-para-jovenes","status":"publish","type":"post","link":"https:\/\/www.diarioimagen.net\/?p=291000","title":{"rendered":"Reconocen trabajo en orientaci\u00f3n sexual para adolescentes"},"content":{"rendered":"<ul>\n<li><strong><em>Centros Amigables para Adolescentes<\/em><\/strong><\/li>\n<\/ul>\n<p>&nbsp;<\/p>\n<div id=\"attachment_291001\" style=\"width: 430px\" class=\"wp-caption aligncenter\"><a href=\"http:\/\/www.diarioimagen.net\/?attachment_id=291001\" rel=\"attachment wp-att-291001\"><img loading=\"lazy\" decoding=\"async\" aria-describedby=\"caption-attachment-291001\" class=\"size-large wp-image-291001\" src=\"http:\/\/www.diarioimagen.net\/wp-content\/uploads\/2016\/09\/ERUVIEL28-portal-420x245.jpg\" alt=\"Miguel \u00c1ngel Osorio Chong, y Jos\u00e9 Narro Robles, y Eruviel \u00c1vila invitaron a las ni\u00f1as, ni\u00f1os y adolescentes a prevenir embarazos no planificados. \" width=\"420\" height=\"245\" srcset=\"https:\/\/www.diarioimagen.net\/wp-content\/uploads\/2016\/09\/ERUVIEL28-portal-420x245.jpg 420w, https:\/\/www.diarioimagen.net\/wp-content\/uploads\/2016\/09\/ERUVIEL28-portal-240x140.jpg 240w, https:\/\/www.diarioimagen.net\/wp-content\/uploads\/2016\/09\/ERUVIEL28-portal.jpg 480w\" sizes=\"auto, (max-width: 420px) 100vw, 420px\" \/><\/a><p id=\"caption-attachment-291001\" class=\"wp-caption-text\">Miguel \u00c1ngel Osorio Chong, Jos\u00e9 Narro Robles, y Eruviel \u00c1vila invitaron a las ni\u00f1as, ni\u00f1os y adolescentes a prevenir embarazos no planificados.<\/p><\/div>\n<p>&nbsp;<\/p>\n<p><strong>Ecatepec, Estado de M\u00e9xico.<\/strong>&#8211; En el marco de la conmemoraci\u00f3n del D\u00eda Mundial para la Prevenci\u00f3n del Embarazo no Planificado en Adolescentes, el secretario de Gobernaci\u00f3n, Miguel \u00c1ngel Osorio Chong, reconoci\u00f3 que la administraci\u00f3n que encabeza Eruviel \u00c1vila Villegas, es la entidad que m\u00e1s Centros Amigables para Adolescentes tiene a nivel nacional, al contar con 137 espacios de este tipo que atienden a ni\u00f1os y j\u00f3venes que sufrieron de alg\u00fan tipo de abuso, as\u00ed como para brindarles orientaci\u00f3n e informaci\u00f3n en educaci\u00f3n sexual.<\/p>\n<p>Al respecto, el gobernador mexiquense indic\u00f3 que el Estado de M\u00e9xico se suma a la campa\u00f1a que emprendi\u00f3 el gobierno de la Rep\u00fablica para erradicar los embarazos en ni\u00f1as y adolescentes, de entre 10 y 19 a\u00f1os.<\/p>\n<p>\u201cLes invito a que tengan muy claros sus tiempos, para todo hay tiempo, para todo hay lugares, para todo hay momentos, su tiempo es el de estudiar, el de hacer deporte, el de prepararse, el de seguir los buenos consejos de sus padres que dan todo por ustedes para sacarlos adelante.<\/p>\n<p>\u201cYa despu\u00e9s cuando terminen su carrera universitaria, en las diferentes universidades e instituciones que el gobierno federal y estatal estamos construyendo para ustedes, para su presente y para su futuro, entonces s\u00ed pensar en planificar inclusive, un matrimonio y tener el hijo o los hijos que ustedes deseen\u201d, afirm\u00f3 el gobernador.<\/p>\n","protected":false},"excerpt":{"rendered":"<p>En el marco de la conmemoraci\u00f3n del D\u00eda Mundial para la Prevenci\u00f3n del Embarazo no Planificado en Adolescentes, el secretario de Gobernaci\u00f3n, Miguel \u00c1ngel Osorio Chong, reconoci\u00f3 que la administraci\u00f3n que encabeza \u00c1vila<\/p>\n","protected":false},"author":5,"featured_media":291001,"comment_status":"open","ping_status":"open","sticky":false,"template":"","format":"standard","meta":{"_monsterinsights_skip_tracking":false,"_monsterinsights_sitenote_active":false,"_monsterinsights_sitenote_note":"","_monsterinsights_sitenote_category":0,"footnotes":""},"categories":[5],"tags":[5828,3676],"class_list":["post-291000","post","type-post","status-publish","format-standard","has-post-thumbnail","hentry","category-estado-de-mexico","tag-eruviel-avila-villegas","tag-miguel-angel-osorio-chong"],"_links":{"self":[{"href":"https:\/\/www.diarioimagen.net\/index.php?rest_route=\/wp\/v2\/posts\/291000","targetHints":{"allow":["GET"]}}],"collection":[{"href":"https:\/\/www.diarioimagen.net\/index.php?rest_route=\/wp\/v2\/posts"}],"about":[{"href":"https:\/\/www.diarioimagen.net\/index.php?rest_route=\/wp\/v2\/types\/post"}],"author":[{"embeddable":true,"href":"https:\/\/www.diarioimagen.net\/index.php?rest_route=\/wp\/v2\/users\/5"}],"replies":[{"embeddable":true,"href":"https:\/\/www.diarioimagen.net\/index.php?rest_route=%2Fwp%2Fv2%2Fcomments&post=291000"}],"version-history":[{"count":0,"href":"https:\/\/www.diarioimagen.net\/index.php?rest_route=\/wp\/v2\/posts\/291000\/revisions"}],"wp:featuredmedia":[{"embeddable":true,"href":"https:\/\/www.diarioimagen.net\/index.php?rest_route=\/wp\/v2\/media\/291001"}],"wp:attachment":[{"href":"https:\/\/www.diarioimagen.net\/index.php?rest_route=%2Fwp%2Fv2%2Fmedia&parent=291000"}],"wp:term":[{"taxonomy":"category","embeddable":true,"href":"https:\/\/www.diarioimagen.net\/index.php?rest_route=%2Fwp%2Fv2%2Fcategories&post=291000"},{"taxonomy":"post_tag","embeddable":true,"href":"https:\/\/www.diarioimagen.net\/index.php?rest_route=%2Fwp%2Fv2%2Ftags&post=291000"}],"curies":[{"name":"wp","href":"https:\/\/api.w.org\/{rel}","templated":true}]}}