{"id":291006,"date":"2016-09-27T20:00:49","date_gmt":"2016-09-28T01:00:49","guid":{"rendered":"http:\/\/www.diarioimagen.net\/?p=291006"},"modified":"2016-09-29T00:35:23","modified_gmt":"2016-09-29T05:35:23","slug":"arman-mesa-de-dialogo-eruvielteresponde-por-segundo-ano-consecutivo","status":"publish","type":"post","link":"https:\/\/www.diarioimagen.net\/?p=291006","title":{"rendered":"Arman mesa de di\u00e1logo #EruvielTeResponde por segundo a\u00f1o consecutivo"},"content":{"rendered":"<ul>\n<li><em><strong>Con motivo de su Quinto Informe de Resultados<\/strong><\/em><\/li>\n<\/ul>\n<p>&nbsp;<\/p>\n<p><a href=\"http:\/\/www.diarioimagen.net\/?attachment_id=291007\" rel=\"attachment wp-att-291007\"><img loading=\"lazy\" decoding=\"async\" class=\"aligncenter size-large wp-image-291007\" src=\"http:\/\/www.diarioimagen.net\/wp-content\/uploads\/2016\/09\/DIALOGO28-pooortal-420x280.jpg\" alt=\"dialogo28-pooortal\" width=\"420\" height=\"280\" srcset=\"https:\/\/www.diarioimagen.net\/wp-content\/uploads\/2016\/09\/DIALOGO28-pooortal-420x280.jpg 420w, https:\/\/www.diarioimagen.net\/wp-content\/uploads\/2016\/09\/DIALOGO28-pooortal-240x160.jpg 240w, https:\/\/www.diarioimagen.net\/wp-content\/uploads\/2016\/09\/DIALOGO28-pooortal.jpg 700w\" sizes=\"auto, (max-width: 420px) 100vw, 420px\" \/><\/a><\/p>\n<p>&nbsp;<\/p>\n<p><strong>Toluca, Estado de M\u00e9xico.<\/strong>&#8211; Por segundo a\u00f1o consecutivo, el gobernador Eruviel \u00c1vila Villegas participar\u00e1 en la mesa de di\u00e1logo #EruvielTeResponde con periodistas, estudiantes, representantes de encuestadoras y estudios de opini\u00f3n, as\u00ed como influenciadores de redes sociales, con motivo de su Quinto Informe de Resultados.<\/p>\n<p>Esto ser\u00e1 el jueves 29 de septiembre a las 20:00 horas, a trav\u00e9s de las frecuencias de Radio y Televisi\u00f3n Mexiquense, as\u00ed como en las redes sociales Facebook.com\/Eruviel, Twitter.com\/eruviel_avila y el canal de YouTube.com\/EruvielTV, donde se transmitir\u00e1 el encuentro que se llevar\u00e1 a cabo en las instalaciones del Centro de Control, Comando, Comunicaci\u00f3n, C\u00f3mputo y Calidad (C5) de Ecatepec.<\/p>\n<p>La mesa ser\u00e1 moderada por la columnista del peri\u00f3dico Reforma, Lourdes Mendoza, y participar\u00e1n Carlos Mar\u00edn, director general editorial de Milenio Diario; Ulises Beltr\u00e1n, director general de la consultor\u00eda especializada en opini\u00f3n p\u00fablica BGC Beltr\u00e1n, Ju\u00e1rez y Asociados; la periodista y conductora de radio y televisi\u00f3n, Fernanda Tapia; Rebeca Jim\u00e9nez, corresponsal de El Universal en el Estado de M\u00e9xico; Jessica Santana, estudiante de la Facultad de Estudios Superiores Arag\u00f3n de la UNAM; y los influenciadores de redes sociales Daniel y Jan Carlo Bautista; as\u00ed como H\u00e9ctor M\u00e1rquez, conocido como @Jiiots y @rikymoreno.<\/p>\n<p>Los participantes realizar\u00e1n al gobernador preguntas que hayan recibido por parte de sus seguidores a trav\u00e9s de sus respectivas redes sociales, con el hashtag #EruvielTeResponde.<\/p>\n<p>#EruvielTeResponde se realizar\u00e1 un d\u00eda despu\u00e9s de que el gobernador transmita un mensaje a los mexiquenses con motivo de su Quinto Informe de Resultados, este mi\u00e9rcoles 28 de septiembre a las 20:00 horas; ambos espacios podr\u00e1n ser vistos o escuchados por las frecuencias del Sistema de Radio y Televisi\u00f3n Mexiquense: TV Valle de M\u00e9xico 34.1; Toluca, 12.1; Sky 148; IZZI, 134; Megacable 204; Cablecom, 34; Total Play 146 o en internet en la p\u00e1gina www.radioytvmexiquense.mx<\/p>\n","protected":false},"excerpt":{"rendered":"<p>Por segundo a\u00f1o consecutivo, el gobernador Eruviel \u00c1vila Villegas participar\u00e1 en la mesa de di\u00e1logo #EruvielTeResponde con periodistas, estudiantes, representantes de encuestadoras y estudios de opini\u00f3n, as\u00ed como influenciadores de redes sociales, con motivo de su Quinto Informe de Resultados.<\/p>\n","protected":false},"author":5,"featured_media":291008,"comment_status":"open","ping_status":"open","sticky":false,"template":"","format":"standard","meta":{"_monsterinsights_skip_tracking":false,"_monsterinsights_sitenote_active":false,"_monsterinsights_sitenote_note":"","_monsterinsights_sitenote_category":0,"footnotes":""},"categories":[35155],"tags":[5828,43675,452],"class_list":["post-291006","post","type-post","status-publish","format-standard","has-post-thumbnail","hentry","category-estado-de-mexico-estado-de-mexico","tag-eruviel-avila-villegas","tag-estado-de-mexico","tag-toluca"],"_links":{"self":[{"href":"https:\/\/www.diarioimagen.net\/index.php?rest_route=\/wp\/v2\/posts\/291006","targetHints":{"allow":["GET"]}}],"collection":[{"href":"https:\/\/www.diarioimagen.net\/index.php?rest_route=\/wp\/v2\/posts"}],"about":[{"href":"https:\/\/www.diarioimagen.net\/index.php?rest_route=\/wp\/v2\/types\/post"}],"author":[{"embeddable":true,"href":"https:\/\/www.diarioimagen.net\/index.php?rest_route=\/wp\/v2\/users\/5"}],"replies":[{"embeddable":true,"href":"https:\/\/www.diarioimagen.net\/index.php?rest_route=%2Fwp%2Fv2%2Fcomments&post=291006"}],"version-history":[{"count":0,"href":"https:\/\/www.diarioimagen.net\/index.php?rest_route=\/wp\/v2\/posts\/291006\/revisions"}],"wp:featuredmedia":[{"embeddable":true,"href":"https:\/\/www.diarioimagen.net\/index.php?rest_route=\/wp\/v2\/media\/291008"}],"wp:attachment":[{"href":"https:\/\/www.diarioimagen.net\/index.php?rest_route=%2Fwp%2Fv2%2Fmedia&parent=291006"}],"wp:term":[{"taxonomy":"category","embeddable":true,"href":"https:\/\/www.diarioimagen.net\/index.php?rest_route=%2Fwp%2Fv2%2Fcategories&post=291006"},{"taxonomy":"post_tag","embeddable":true,"href":"https:\/\/www.diarioimagen.net\/index.php?rest_route=%2Fwp%2Fv2%2Ftags&post=291006"}],"curies":[{"name":"wp","href":"https:\/\/api.w.org\/{rel}","templated":true}]}}