{"id":291057,"date":"2016-09-28T00:08:14","date_gmt":"2016-09-28T05:08:14","guid":{"rendered":"http:\/\/www.diarioimagen.net\/?p=291057"},"modified":"2016-09-28T08:46:40","modified_gmt":"2016-09-28T13:46:40","slug":"mayor-videovigilancia","status":"publish","type":"post","link":"https:\/\/www.diarioimagen.net\/?p=291057","title":{"rendered":"Mayor videovigilancia"},"content":{"rendered":"<h2>Arco Norte<\/h2>\n<h5>Jos\u00e9 Luis Monta\u00f1ez Aguilar<\/h5>\n<p>&nbsp;<\/p>\n<div id=\"attachment_291202\" style=\"width: 430px\" class=\"wp-caption aligncenter\"><a href=\"http:\/\/www.diarioimagen.net\/?attachment_id=291202\" rel=\"attachment wp-att-291202\"><img loading=\"lazy\" decoding=\"async\" aria-describedby=\"caption-attachment-291202\" class=\"size-large wp-image-291202\" src=\"http:\/\/www.diarioimagen.net\/wp-content\/uploads\/2016\/09\/arco-2963-420x236.jpg\" alt=\"Eruviel \u00c1vila - Inauguraci\u00f3n del C5 Ecatepec.\" width=\"420\" height=\"236\" srcset=\"https:\/\/www.diarioimagen.net\/wp-content\/uploads\/2016\/09\/arco-2963-420x236.jpg 420w, https:\/\/www.diarioimagen.net\/wp-content\/uploads\/2016\/09\/arco-2963-240x135.jpg 240w, https:\/\/www.diarioimagen.net\/wp-content\/uploads\/2016\/09\/arco-2963-235x132.jpg 235w, https:\/\/www.diarioimagen.net\/wp-content\/uploads\/2016\/09\/arco-2963-202x114.jpg 202w, https:\/\/www.diarioimagen.net\/wp-content\/uploads\/2016\/09\/arco-2963-350x196.jpg 350w, https:\/\/www.diarioimagen.net\/wp-content\/uploads\/2016\/09\/arco-2963-220x123.jpg 220w, https:\/\/www.diarioimagen.net\/wp-content\/uploads\/2016\/09\/arco-2963-237x132.jpg 237w, https:\/\/www.diarioimagen.net\/wp-content\/uploads\/2016\/09\/arco-2963.jpg 480w\" sizes=\"auto, (max-width: 420px) 100vw, 420px\" \/><\/a><p id=\"caption-attachment-291202\" class=\"wp-caption-text\">Eruviel \u00c1vila &#8211; Inauguraci\u00f3n del C5 Ecatepec.<\/p><\/div>\n<p>&nbsp;<\/p>\n<p>Durante la inauguraci\u00f3n en Ecatepec del Centro de Control, Comando, Comunicaci\u00f3n, C\u00f3mputo y Calidad (C5), el segundo del sistema de monitoreo de la entidad, que permitir\u00e1 reforzar la videovigilancia en el Valle de M\u00e9xico y la Zona Oriente del Edomex, el secretario de Gobernaci\u00f3n, Miguel \u00c1ngel Osorio Chong, destac\u00f3 el trabajo del gobernador Eruviel \u00c1vila Villegas en coordinaci\u00f3n con el presidente Enrique Pe\u00f1a Nieto, para devolver la tranquilidad a los mexiquenses.<\/p>\n<p>En las instalaciones del C5 que se ubican en un predio conocido como \u201cLa curva del diablo\u201d, donde hab\u00eda deshuesaderos con venta de autopartes y veh\u00edculos robados, el secretario de Gobernaci\u00f3n expres\u00f3 que en el Estado de M\u00e9xico se est\u00e1n haciendo las cosas bien y se cumple para hoy y el futuro, porque no s\u00f3lo se quieren alcanzar logros durante un periodo de gobierno estatal, sino dejar instituciones que permitan ver hacia adelante con una tranquilidad para todos los ciudadanos.<\/p>\n<p>Explic\u00f3 que con este C5 que se complementa con el de Toluca y se conectar\u00e1n al sistema 911, y con su tecnolog\u00eda se est\u00e1 abarcando casi a todos los municipios de la entidad con el sistema de videovigilancia, que permitir\u00e1 vigilar las calles y actuar de mejor manera y con prontitud a favor de la sociedad. Por su parte, el gobernador Eruviel \u00c1vila Villegas destac\u00f3 la coordinaci\u00f3n entre los tres niveles de gobierno para trabajar con una estrategia efectiva para combatir a los delincuentes con obras como el C5.<\/p>\n<p style=\"text-align: center;\"><strong>Arman mesa de di\u00e1logo #EruvielTeResponde<\/strong><\/p>\n<p>Por segundo a\u00f1o consecutivo, el gobernador Eruviel \u00c1vila Villegas participar\u00e1 en la mesa de di\u00e1logo #EruvielTeResponde con periodistas, estudiantes, representantes de encuestadoras y estudios de opini\u00f3n, as\u00ed como influenciadores de redes sociales, con motivo de su Quinto Informe de Resultados. Esto ser\u00e1 el jueves 29 de septiembre a las 20:00 horas, a trav\u00e9s de las frecuencias de Radio y Televisi\u00f3n Mexiquense, as\u00ed como en las redes sociales Facebook.com\/Eruviel,Twitter.com\/eruviel_avila y el canal de YouTube.com\/EruvielTV.<\/p>\n<p><em><a href=\"mailto:montanezaguilar@gmail.com\" target=\"_blank\">montanezaguilar@gmail.com<\/a><\/em><\/p>\n","protected":false},"excerpt":{"rendered":"<p><span style=\"color: #005497;\">Jos\u00e9 Luis Monta\u00f1ez Aguilar<\/span><br \/>\n<br \/>\nDurante la inauguraci\u00f3n en Ecatepec del Centro de Control, Comando, Comunicaci\u00f3n, C\u00f3mputo y Calidad (C5), el segundo del sistema de monitoreo de la entidad, que permitir\u00e1 reforzar la videovigilancia en el Valle de M\u00e9xico y la Zona Oriente del Edomex, el secretario de Gobernaci\u00f3n, Miguel \u00c1ngel Osorio Chong, destac\u00f3 el trabajo del gobernador Eruviel \u00c1vila Villegas en coordinaci\u00f3n con el presidente Enrique Pe\u00f1a Nieto, para devolver la tranquilidad a los mexiquenses.<\/p>\n","protected":false},"author":3,"featured_media":291202,"comment_status":"open","ping_status":"open","sticky":false,"template":"","format":"standard","meta":{"_monsterinsights_skip_tracking":false,"_monsterinsights_sitenote_active":false,"_monsterinsights_sitenote_note":"","_monsterinsights_sitenote_category":0,"footnotes":""},"categories":[5],"tags":[13284,43704,43674],"class_list":["post-291057","post","type-post","status-publish","format-standard","has-post-thumbnail","hentry","category-estado-de-mexico","tag-arco-norte","tag-jose-luis-montanez-aguilar","tag-opinion"],"_links":{"self":[{"href":"https:\/\/www.diarioimagen.net\/index.php?rest_route=\/wp\/v2\/posts\/291057","targetHints":{"allow":["GET"]}}],"collection":[{"href":"https:\/\/www.diarioimagen.net\/index.php?rest_route=\/wp\/v2\/posts"}],"about":[{"href":"https:\/\/www.diarioimagen.net\/index.php?rest_route=\/wp\/v2\/types\/post"}],"author":[{"embeddable":true,"href":"https:\/\/www.diarioimagen.net\/index.php?rest_route=\/wp\/v2\/users\/3"}],"replies":[{"embeddable":true,"href":"https:\/\/www.diarioimagen.net\/index.php?rest_route=%2Fwp%2Fv2%2Fcomments&post=291057"}],"version-history":[{"count":0,"href":"https:\/\/www.diarioimagen.net\/index.php?rest_route=\/wp\/v2\/posts\/291057\/revisions"}],"wp:featuredmedia":[{"embeddable":true,"href":"https:\/\/www.diarioimagen.net\/index.php?rest_route=\/wp\/v2\/media\/291202"}],"wp:attachment":[{"href":"https:\/\/www.diarioimagen.net\/index.php?rest_route=%2Fwp%2Fv2%2Fmedia&parent=291057"}],"wp:term":[{"taxonomy":"category","embeddable":true,"href":"https:\/\/www.diarioimagen.net\/index.php?rest_route=%2Fwp%2Fv2%2Fcategories&post=291057"},{"taxonomy":"post_tag","embeddable":true,"href":"https:\/\/www.diarioimagen.net\/index.php?rest_route=%2Fwp%2Fv2%2Ftags&post=291057"}],"curies":[{"name":"wp","href":"https:\/\/api.w.org\/{rel}","templated":true}]}}