{"id":291062,"date":"2016-09-28T00:08:25","date_gmt":"2016-09-28T05:08:25","guid":{"rendered":"http:\/\/www.diarioimagen.net\/?p=291062"},"modified":"2016-09-28T06:49:31","modified_gmt":"2016-09-28T11:49:31","slug":"campana-contra-embarazo-en-adolescentes","status":"publish","type":"post","link":"https:\/\/www.diarioimagen.net\/?p=291062","title":{"rendered":"Campa\u00f1a contra embarazo en adolescentes"},"content":{"rendered":"<p><a href=\"http:\/\/www.diarioimagen.net\/?attachment_id=291181\" rel=\"attachment wp-att-291181\"><img loading=\"lazy\" decoding=\"async\" class=\"aligncenter size-large wp-image-291181\" src=\"http:\/\/www.diarioimagen.net\/wp-content\/uploads\/2016\/09\/conapo-2963-420x236.jpg\" alt=\"conapo-2963\" width=\"420\" height=\"236\" srcset=\"https:\/\/www.diarioimagen.net\/wp-content\/uploads\/2016\/09\/conapo-2963-420x236.jpg 420w, https:\/\/www.diarioimagen.net\/wp-content\/uploads\/2016\/09\/conapo-2963-240x135.jpg 240w, https:\/\/www.diarioimagen.net\/wp-content\/uploads\/2016\/09\/conapo-2963-480x270.jpg 480w, https:\/\/www.diarioimagen.net\/wp-content\/uploads\/2016\/09\/conapo-2963-235x132.jpg 235w, https:\/\/www.diarioimagen.net\/wp-content\/uploads\/2016\/09\/conapo-2963-202x114.jpg 202w, https:\/\/www.diarioimagen.net\/wp-content\/uploads\/2016\/09\/conapo-2963-350x196.jpg 350w, https:\/\/www.diarioimagen.net\/wp-content\/uploads\/2016\/09\/conapo-2963-220x123.jpg 220w, https:\/\/www.diarioimagen.net\/wp-content\/uploads\/2016\/09\/conapo-2963-237x132.jpg 237w, https:\/\/www.diarioimagen.net\/wp-content\/uploads\/2016\/09\/conapo-2963.jpg 700w\" sizes=\"auto, (max-width: 420px) 100vw, 420px\" \/><\/a><\/p>\n<p>&nbsp;<\/p>\n<p>Ana Paula Hern\u00e1ndez Ch\u00e1vez forma parte de la campa\u00f1a de la tercera etapa de la Estrategia Nacional para la Prevenci\u00f3n del Embarazo en Adolescentes e Infecciones de Transmisi\u00f3n Sexual. La joven actriz particip\u00f3 en el evento del D\u00eda Mundial para la Prevenci\u00f3n del Embarazo, al que asistieron el gobernador Eruviel \u00c1vila Villegas y el secretario de Gobernaci\u00f3n, Miguel \u00c1ngel Osorio Chong.<\/p>\n","protected":false},"excerpt":{"rendered":"<p>Ana Paula Hern\u00e1ndez Ch\u00e1vez forma parte de la campa\u00f1a de la tercera etapa de la Estrategia Nacional para la Prevenci\u00f3n del Embarazo en Adolescentes e Infecciones de Transmisi\u00f3n Sexual. La joven actriz particip\u00f3 en el evento del D\u00eda Mundial para la Prevenci\u00f3n del Embarazo, al que asistieron el gobernador Eruviel \u00c1vila Villegas y el secretario de Gobernaci\u00f3n, Miguel \u00c1ngel Osorio Chong.<\/p>\n","protected":false},"author":3,"featured_media":291181,"comment_status":"open","ping_status":"open","sticky":false,"template":"","format":"standard","meta":{"_monsterinsights_skip_tracking":false,"_monsterinsights_sitenote_active":false,"_monsterinsights_sitenote_note":"","_monsterinsights_sitenote_category":0,"footnotes":""},"categories":[35155],"tags":[2472,43675,260],"class_list":["post-291062","post","type-post","status-publish","format-standard","has-post-thumbnail","hentry","category-estado-de-mexico-estado-de-mexico","tag-embarazo","tag-estado-de-mexico","tag-jovenes"],"_links":{"self":[{"href":"https:\/\/www.diarioimagen.net\/index.php?rest_route=\/wp\/v2\/posts\/291062","targetHints":{"allow":["GET"]}}],"collection":[{"href":"https:\/\/www.diarioimagen.net\/index.php?rest_route=\/wp\/v2\/posts"}],"about":[{"href":"https:\/\/www.diarioimagen.net\/index.php?rest_route=\/wp\/v2\/types\/post"}],"author":[{"embeddable":true,"href":"https:\/\/www.diarioimagen.net\/index.php?rest_route=\/wp\/v2\/users\/3"}],"replies":[{"embeddable":true,"href":"https:\/\/www.diarioimagen.net\/index.php?rest_route=%2Fwp%2Fv2%2Fcomments&post=291062"}],"version-history":[{"count":0,"href":"https:\/\/www.diarioimagen.net\/index.php?rest_route=\/wp\/v2\/posts\/291062\/revisions"}],"wp:featuredmedia":[{"embeddable":true,"href":"https:\/\/www.diarioimagen.net\/index.php?rest_route=\/wp\/v2\/media\/291181"}],"wp:attachment":[{"href":"https:\/\/www.diarioimagen.net\/index.php?rest_route=%2Fwp%2Fv2%2Fmedia&parent=291062"}],"wp:term":[{"taxonomy":"category","embeddable":true,"href":"https:\/\/www.diarioimagen.net\/index.php?rest_route=%2Fwp%2Fv2%2Fcategories&post=291062"},{"taxonomy":"post_tag","embeddable":true,"href":"https:\/\/www.diarioimagen.net\/index.php?rest_route=%2Fwp%2Fv2%2Ftags&post=291062"}],"curies":[{"name":"wp","href":"https:\/\/api.w.org\/{rel}","templated":true}]}}