{"id":291090,"date":"2016-09-28T00:02:43","date_gmt":"2016-09-28T05:02:43","guid":{"rendered":"http:\/\/www.diarioimagen.net\/?p=291090"},"modified":"2016-09-28T08:41:03","modified_gmt":"2016-09-28T13:41:03","slug":"el-diputado-david-sanchez-inaugura-centro-de-atencion-primaria-a-la-salud","status":"publish","type":"post","link":"https:\/\/www.diarioimagen.net\/?p=291090","title":{"rendered":"El diputado David S\u00e1nchez inaugura centro de atenci\u00f3n primaria a la salud"},"content":{"rendered":"<ul>\n<li><strong><em>Feria Integral de Servicios<\/em><\/strong><\/li>\n<\/ul>\n<p>&nbsp;<\/p>\n<div id=\"attachment_291193\" style=\"width: 430px\" class=\"wp-caption aligncenter\"><a href=\"http:\/\/www.diarioimagen.net\/?attachment_id=291193\" rel=\"attachment wp-att-291193\"><img loading=\"lazy\" decoding=\"async\" aria-describedby=\"caption-attachment-291193\" class=\"size-large wp-image-291193\" src=\"http:\/\/www.diarioimagen.net\/wp-content\/uploads\/2016\/09\/COACALCO-2963-420x236.jpg\" alt=\"David S\u00e1nchez Isidoro, junto con el gobernador Eruviel \u00c1vila Villegas, inauguraron el Centro Especializado en\u00a0Atenci\u00f3n Primaria a la Salud.\" width=\"420\" height=\"236\" srcset=\"https:\/\/www.diarioimagen.net\/wp-content\/uploads\/2016\/09\/COACALCO-2963-420x236.jpg 420w, https:\/\/www.diarioimagen.net\/wp-content\/uploads\/2016\/09\/COACALCO-2963-240x135.jpg 240w, https:\/\/www.diarioimagen.net\/wp-content\/uploads\/2016\/09\/COACALCO-2963-235x132.jpg 235w, https:\/\/www.diarioimagen.net\/wp-content\/uploads\/2016\/09\/COACALCO-2963-202x114.jpg 202w, https:\/\/www.diarioimagen.net\/wp-content\/uploads\/2016\/09\/COACALCO-2963-350x196.jpg 350w, https:\/\/www.diarioimagen.net\/wp-content\/uploads\/2016\/09\/COACALCO-2963-220x123.jpg 220w, https:\/\/www.diarioimagen.net\/wp-content\/uploads\/2016\/09\/COACALCO-2963-237x132.jpg 237w, https:\/\/www.diarioimagen.net\/wp-content\/uploads\/2016\/09\/COACALCO-2963.jpg 480w\" sizes=\"auto, (max-width: 420px) 100vw, 420px\" \/><\/a><p id=\"caption-attachment-291193\" class=\"wp-caption-text\">David S\u00e1nchez Isidoro, junto con el gobernador Eruviel \u00c1vila Villegas, inauguraron el Centro Especializado en\u00a0Atenci\u00f3n Primaria a la Salud.<\/p><\/div>\n<p>&nbsp;<\/p>\n<p><strong>Coacalco, Estado de M\u00e9xico<\/strong>.- El diputado federal por el distrito 6, David S\u00e1nchez Isidoro, junto con el gobernador del Estado de M\u00e9xico, Eruviel \u00c1vila Villegas y gracias al compromiso de presidente Enrique Pe\u00f1a Nieto, pudieron llevar a cabo la inauguraci\u00f3n del Centro Especializado en\u00a0 Atenci\u00f3n Primaria a la Salud en el municipio de Tultepec.<\/p>\n<p>El diputado apunt\u00f3 que esta Feria Integral de Servicios que organiza el gobierno del estado permite beneficiar a miles de ciudadanos que gracias al presidente Pe\u00f1a podr\u00e1n ser atendidos en materia de salud.<\/p>\n<p>Coment\u00f3 que es un logro que el distrito 6 reciba estos beneficios reiterando que se buscar\u00e1 bajar y gestionar m\u00e1s apoyos para la ciudadan\u00eda que representa en la C\u00e1mara de Diputados.<\/p>\n<p>El legislador coment\u00f3 que estos centros especializados ofrecen atenci\u00f3n m\u00e9dica las 24 horas de d\u00eda de cada a\u00f1o.<\/p>\n<p>Estas instalaciones se brindan servicios de odontolog\u00eda, medicina general, nutrici\u00f3n, psicolog\u00eda, pediatr\u00eda, ginecolog\u00eda, medicina preventiva, odontolog\u00eda, laboratorio; adem\u00e1s cuenta con quir\u00f3fano, sala de expulsi\u00f3n, camas de labor de parto y de recuperaci\u00f3n, \u00e1rea de rehabilitaci\u00f3n f\u00edsica y servicio de ambulancia, entre otros.<\/p>\n<p>S\u00e1nchez Isidoro hizo un llamado a los habitantes de la regi\u00f3n para que hagan uso de estos espacios de salud, sobre todo de manera preventiva, para poder detectar oportunamente cualquier padecimiento.<\/p>\n<p>&nbsp;<\/p>\n","protected":false},"excerpt":{"rendered":"<p>El diputado federal por el distrito 6, David S\u00e1nchez Isidoro, junto con el gobernador del Estado de M\u00e9xico, Eruviel \u00c1vila Villegas y gracias al compromiso de presidente Enrique Pe\u00f1a Nieto, pudieron llevar a cabo la inauguraci\u00f3n del Centro Especializado en  Atenci\u00f3n Primaria a la Salud en el municipio de Tultepec.<\/p>\n","protected":false},"author":3,"featured_media":291193,"comment_status":"open","ping_status":"open","sticky":false,"template":"","format":"standard","meta":{"_monsterinsights_skip_tracking":false,"_monsterinsights_sitenote_active":false,"_monsterinsights_sitenote_note":"","_monsterinsights_sitenote_category":0,"footnotes":""},"categories":[35155],"tags":[45429,579,43675,43692],"class_list":["post-291090","post","type-post","status-publish","format-standard","has-post-thumbnail","hentry","category-estado-de-mexico-estado-de-mexico","tag-atencion","tag-coacalco","tag-estado-de-mexico","tag-salud"],"_links":{"self":[{"href":"https:\/\/www.diarioimagen.net\/index.php?rest_route=\/wp\/v2\/posts\/291090","targetHints":{"allow":["GET"]}}],"collection":[{"href":"https:\/\/www.diarioimagen.net\/index.php?rest_route=\/wp\/v2\/posts"}],"about":[{"href":"https:\/\/www.diarioimagen.net\/index.php?rest_route=\/wp\/v2\/types\/post"}],"author":[{"embeddable":true,"href":"https:\/\/www.diarioimagen.net\/index.php?rest_route=\/wp\/v2\/users\/3"}],"replies":[{"embeddable":true,"href":"https:\/\/www.diarioimagen.net\/index.php?rest_route=%2Fwp%2Fv2%2Fcomments&post=291090"}],"version-history":[{"count":0,"href":"https:\/\/www.diarioimagen.net\/index.php?rest_route=\/wp\/v2\/posts\/291090\/revisions"}],"wp:featuredmedia":[{"embeddable":true,"href":"https:\/\/www.diarioimagen.net\/index.php?rest_route=\/wp\/v2\/media\/291193"}],"wp:attachment":[{"href":"https:\/\/www.diarioimagen.net\/index.php?rest_route=%2Fwp%2Fv2%2Fmedia&parent=291090"}],"wp:term":[{"taxonomy":"category","embeddable":true,"href":"https:\/\/www.diarioimagen.net\/index.php?rest_route=%2Fwp%2Fv2%2Fcategories&post=291090"},{"taxonomy":"post_tag","embeddable":true,"href":"https:\/\/www.diarioimagen.net\/index.php?rest_route=%2Fwp%2Fv2%2Ftags&post=291090"}],"curies":[{"name":"wp","href":"https:\/\/api.w.org\/{rel}","templated":true}]}}